{"id":18013,"date":"2024-06-21T23:23:49","date_gmt":"2024-06-21T22:23:49","guid":{"rendered":"https:\/\/diocese-aveiro.pt\/cultura\/?p=18013"},"modified":"2024-06-21T23:23:49","modified_gmt":"2024-06-21T22:23:49","slug":"livros-e-leituras-75-livro-gps-aquino","status":"publish","type":"post","link":"https:\/\/diocese-aveiro.pt\/cultura\/livros-e-leituras-75-livro-gps-aquino\/","title":{"rendered":"Livros e leituras | 7|5 | Livro: &#8216;GPS Aquino&#8217;"},"content":{"rendered":"<h5 style=\"text-align: right;\">Livros e leituras | II s\u00e9rie [Parceria com a livraria Santa Joana Princesa | Aveiro]<\/h5>\n<h3 style=\"text-align: center;\"><strong>Newsletter 007 | Junho 2024<\/strong><\/h3>\n<h6 style=\"font-weight: 400; text-align: right;\"><em>Os livros e artigos desta newsletter podem ser adquiridos na Livraria Santa Joana. | Pre\u00e7os especiais para Centros Sociais Paroquiais e outras IPSS da Diocese de Aveiro<\/em><\/h6>\n<hr \/>\n<p style=\"text-align: center;\"><strong>GPS Aquino<\/strong><\/p>\n<p style=\"text-align: center;\">Os autores deste livro, que foi pensado especialmente para os jovens mas \u00e9 acess\u00edvel a todos os leitores, pretendem oferecer uma introdu\u00e7\u00e3o acess\u00edvel \u00e0 magistral obra de S\u00e3o Tom\u00e1s de Aquino, defendendo que uma vida bem informada e culta exige di\u00e1logo e familiaridade com os maiores esp\u00edritos que povoaram a hist\u00f3ria humana, como \u00e9 o caso deste incontorn\u00e1vel santo e doutor da Igreja Cat\u00f3lica. \u201cOs jovens de hoje est\u00e3o habituados ao imposs\u00edvel\u201d, escreve-se no Pr\u00f3logo. \u201cTalvez considerem imposs\u00edvel penetrar nesta grande catedral da vida e da obra do santo de Aquino, mas, se o quiserem tentar, este livrinho pode ajudar\u201d.<\/p>\n<div dir=\"rtl\">\n<div dir=\"rtl\"><\/div>\n<\/div>\n<div dir=\"rtl\"><\/div>\n<div dir=\"rtl\">\n<table class=\"responsive\" border=\"0\" width=\"100%\" cellspacing=\"0\" cellpadding=\"0\" align=\"left\">\n<tbody>\n<tr>\n<td dir=\"ltr\" style=\"text-align: center;\">\n<table class=\"responsive\" border=\"0\" width=\"100%\" cellspacing=\"0\" cellpadding=\"0\" align=\"left\">\n<tbody>\n<tr>\n<td dir=\"ltr\"><strong>GPS Aquino &#8211; Pequeno guia para a leitura de S\u00e3o Tom\u00e1s<\/strong><\/td>\n<\/tr>\n<tr>\n<td dir=\"ltr\">Duarte Cunha e Jo\u00e3o C\u00e9sar das Neves | 180 p\u00e1ginas | PVP 14,50 \u20ac<\/td>\n<\/tr>\n<\/tbody>\n<\/table>\n<\/td>\n<\/tr>\n<\/tbody>\n<\/table>\n<\/div>\n<p style=\"text-align: center;\"><a href=\"http:\/\/www.facebook.com\/livrariasantajoana\" target=\"_blank\" rel=\"noopener\">[Encomendar]<\/a><\/p>\n<hr \/>\n<p style=\"text-align: center;\"><img loading=\"lazy\" decoding=\"async\" class=\" wp-image-16475 aligncenter\" src=\"https:\/\/diocese-aveiro.pt\/cultura\/wp-content\/uploads\/2023\/10\/Logo-da-Livraria-Santa-Joana-1024x199.jpg\" alt=\"\" width=\"790\" height=\"153\" srcset=\"https:\/\/diocese-aveiro.pt\/cultura\/wp-content\/uploads\/2023\/10\/Logo-da-Livraria-Santa-Joana-1024x199.jpg 1024w, https:\/\/diocese-aveiro.pt\/cultura\/wp-content\/uploads\/2023\/10\/Logo-da-Livraria-Santa-Joana-300x58.jpg 300w, https:\/\/diocese-aveiro.pt\/cultura\/wp-content\/uploads\/2023\/10\/Logo-da-Livraria-Santa-Joana-768x149.jpg 768w, https:\/\/diocese-aveiro.pt\/cultura\/wp-content\/uploads\/2023\/10\/Logo-da-Livraria-Santa-Joana-600x117.jpg 600w, https:\/\/diocese-aveiro.pt\/cultura\/wp-content\/uploads\/2023\/10\/Logo-da-Livraria-Santa-Joana.jpg 1200w\" sizes=\"auto, (max-width: 790px) 100vw, 790px\" \/><\/p>\n<hr \/>\n<h5 style=\"text-align: center;\"><\/h5>\n<h5 style=\"font-weight: 400; text-align: center;\"><strong>Newsletter da Livraria Santa Joana<\/strong><\/h5>\n<h5 style=\"font-weight: 400; text-align: center;\">A miss\u00e3o de uma livraria diocesana \u00e9 insepar\u00e1vel da miss\u00e3o da Igreja, que tem sempre o seu foco na evangeliza\u00e7\u00e3o.<\/h5>\n<h5 style=\"font-weight: 400; text-align: center;\">Sem d\u00favida que, ao longo de mais de cinquenta anos, a Livraria Santa Joana tem contribu\u00eddo para a a\u00e7\u00e3o pastoral da Diocese de Aveiro, nomeadamente no campo da evangeliza\u00e7\u00e3o e da liturgia.<\/h5>\n<h5 style=\"font-weight: 400; text-align: center;\">De Pedro a Francisco, sempre a Igreja considerou que a f\u00e9 tem de se fazer cultura, para que o Evangelho seja realmente significativo em cada \u00e9poca, com as suas circunst\u00e2ncias e desafios. S\u00e3o Pedro, ao mesmo tempo que nos exorta a confessarmos no \u00edntimo do nosso cora\u00e7\u00e3o Cristo como Senhor, apela a estarmos dispostos a dar a raz\u00e3o da nossa esperan\u00e7a \u00e0queles que a pedirem (Pd 3,15). A convic\u00e7\u00e3o de f\u00e9 \u00e9 \u00edntima, mas n\u00e3o \u00e9 particular, \u00e9 p\u00fablica. A f\u00e9 crist\u00e3 \u00e9 sempre p\u00fablica e precisa de raz\u00f5es, argumentos, di\u00e1logos, propostas\u2026 A aus\u00eancia de tudo isso leva ao \u201cdrama\u201d que Paulo VI sentiu, e hoje ainda se sente mais. \u201cA rutura entre o Evangelho e a cultura \u00e9 sem d\u00favida o drama da nossa \u00e9poca, como o foi tamb\u00e9m de outras \u00e9pocas. Assim, importa envidar todos os esfor\u00e7os no sentido de uma generosa evangeliza\u00e7\u00e3o da cultura, ou mais exatamente das culturas\u201d (EN, 20). Na mesma linha vai o Papa Francisco, quando escreve que \u201ch\u00e1 uma necessidade imperiosa de evangelizar as culturas para inculturar o Evangelho\u201d (EG, 69).\u00a0 E aponta a cultura urbana, a cultura popular, a cultura medi\u00e1tica, a cultura globalizada\u2026 Um campo imenso.<\/h5>\n<h5 style=\"font-weight: 400; text-align: center;\">A envangeliza\u00e7\u00e3o da cultura n\u00e3o \u00e9 tarefa exclusiva da Livraria Santa Joana. \u00c9 de todos os crist\u00e3os. E, felizmente, a Diocese de Aveiro tem organismos e servi\u00e7os que est\u00e3o a fazer um trabalho muito merit\u00f3rio neste campo. Mas \u00e0 livraria diocesana \u00e9 pedido muito concretamente que disponibilize bons livros, para alimentar a evangeliza\u00e7\u00e3o, a espiritualidade e a cultura, e bons objetos lit\u00fargicos, para ajudar crist\u00e3os e comunidades nas devo\u00e7\u00f5es particulares e nas celebra\u00e7\u00f5es lit\u00fargicas.<\/h5>\n<h5 style=\"font-weight: 400; text-align: center;\">Que a livraria diocesana fa\u00e7a chegar a mais pessoas a suas propostas e que se renove constantemente para servir os novos tempos \u2013 afinal ela integra a empresa diocesana Tempo Novo, o tempo iniciado por aquele que \u201crenova todas as coisas\u201d (Ap 21,5) \u2013, \u00e9 o que desejo, quando se abre um novo canal atrav\u00e9s desta newsletter.<\/h5>\n<h5 style=\"text-align: center;\"><img loading=\"lazy\" decoding=\"async\" class=\"size-full wp-image-16476 aligncenter\" src=\"https:\/\/diocese-aveiro.pt\/cultura\/wp-content\/uploads\/2023\/10\/Assinatura-D.-Antonio.png\" alt=\"\" width=\"300\" height=\"36\" \/><\/h5>\n<p style=\"text-align: center;\">\n","protected":false},"excerpt":{"rendered":"<p>Livros e leituras<\/p>\n","protected":false},"author":1,"featured_media":18014,"comment_status":"closed","ping_status":"closed","sticky":false,"template":"","format":"standard","meta":{"footnotes":""},"categories":[11,9],"tags":[],"class_list":["post-18013","post","type-post","status-publish","format-standard","has-post-thumbnail","hentry","category-acontece","category-programa-diocesano-de-livros-e-leituras"],"_links":{"self":[{"href":"https:\/\/diocese-aveiro.pt\/cultura\/wp-json\/wp\/v2\/posts\/18013","targetHints":{"allow":["GET"]}}],"collection":[{"href":"https:\/\/diocese-aveiro.pt\/cultura\/wp-json\/wp\/v2\/posts"}],"about":[{"href":"https:\/\/diocese-aveiro.pt\/cultura\/wp-json\/wp\/v2\/types\/post"}],"author":[{"embeddable":true,"href":"https:\/\/diocese-aveiro.pt\/cultura\/wp-json\/wp\/v2\/users\/1"}],"replies":[{"embeddable":true,"href":"https:\/\/diocese-aveiro.pt\/cultura\/wp-json\/wp\/v2\/comments?post=18013"}],"version-history":[{"count":1,"href":"https:\/\/diocese-aveiro.pt\/cultura\/wp-json\/wp\/v2\/posts\/18013\/revisions"}],"predecessor-version":[{"id":18015,"href":"https:\/\/diocese-aveiro.pt\/cultura\/wp-json\/wp\/v2\/posts\/18013\/revisions\/18015"}],"wp:featuredmedia":[{"embeddable":true,"href":"https:\/\/diocese-aveiro.pt\/cultura\/wp-json\/wp\/v2\/media\/18014"}],"wp:attachment":[{"href":"https:\/\/diocese-aveiro.pt\/cultura\/wp-json\/wp\/v2\/media?parent=18013"}],"wp:term":[{"taxonomy":"category","embeddable":true,"href":"https:\/\/diocese-aveiro.pt\/cultura\/wp-json\/wp\/v2\/categories?post=18013"},{"taxonomy":"post_tag","embeddable":true,"href":"https:\/\/diocese-aveiro.pt\/cultura\/wp-json\/wp\/v2\/tags?post=18013"}],"curies":[{"name":"wp","href":"https:\/\/api.w.org\/{rel}","templated":true}]}}