{"id":18001,"date":"2024-06-21T23:11:42","date_gmt":"2024-06-21T22:11:42","guid":{"rendered":"https:\/\/diocese-aveiro.pt\/cultura\/?p=18001"},"modified":"2024-06-21T23:11:42","modified_gmt":"2024-06-21T22:11:42","slug":"livros-e-leituras-71-livro-ser-padre-ou-paroco-hoje-para-uma-compreensao-da-vida-e-missao-exigente-do-padre-e-paroco","status":"publish","type":"post","link":"https:\/\/diocese-aveiro.pt\/cultura\/livros-e-leituras-71-livro-ser-padre-ou-paroco-hoje-para-uma-compreensao-da-vida-e-missao-exigente-do-padre-e-paroco\/","title":{"rendered":"Livros e leituras | 7|1 | Livro: &#8216;Ser padre ou p\u00e1roco hoje &#8211; Para uma compreens\u00e3o da vida e miss\u00e3o exigente do padre e p\u00e1roco&#8217;"},"content":{"rendered":"<h5 style=\"text-align: right;\">Livros e leituras | II s\u00e9rie [Parceria com a livraria Santa Joana Princesa | Aveiro]<\/h5>\n<h3 style=\"text-align: center;\"><strong>Newsletter 007 | Junho 2024<\/strong><\/h3>\n<h6 style=\"font-weight: 400; text-align: right;\"><em>Os livros e artigos desta newsletter podem ser adquiridos na Livraria Santa Joana. | Pre\u00e7os especiais para Centros Sociais Paroquiais e outras IPSS da Diocese de Aveiro<\/em><\/h6>\n<hr \/>\n<p style=\"text-align: center;\"><strong>Ser padre ou p\u00e1roco hoje<\/strong><\/p>\n<p style=\"text-align: center;\">Na obra \u201cSer padre ou p\u00e1roco hoje\u201d, o autor apresenta o perfil do p\u00e1roco \u00e0 luz do C\u00f3digo de Direito Can\u00f3nico (CDC) de 1917 e do CDC de 1983, que est\u00e1 atualmente em vigor, distingue as fun\u00e7\u00f5es de p\u00e1roco, vig\u00e1rio paroquial e administrador paroquial e centra-se na figura do p\u00e1roco, tra\u00e7ando-lhe o \u201cperfil de idoneidade\u201d e refletindo sobre a nomea\u00e7\u00e3o, a tomada de posse e a cessa\u00e7\u00e3o do of\u00edcio de p\u00e1roco. No final, discorre sobre \u201ca resposta can\u00f3nico-pastoral \u00e0s par\u00f3quias sem p\u00e1roco\u201d.<\/p>\n<div dir=\"rtl\">\n<div dir=\"rtl\"><\/div>\n<\/div>\n<div dir=\"rtl\"><\/div>\n<div dir=\"rtl\">\n<table class=\"responsive\" border=\"0\" width=\"100%\" cellspacing=\"0\" cellpadding=\"0\" align=\"left\">\n<tbody>\n<tr>\n<td dir=\"ltr\" style=\"text-align: center;\">\n<table class=\"responsive\" border=\"0\" width=\"100%\" cellspacing=\"0\" cellpadding=\"0\" align=\"left\">\n<tbody>\n<tr>\n<td dir=\"ltr\"><strong>Ser padre ou p\u00e1roco hoje &#8211; Para uma compreens\u00e3o da vida e miss\u00e3o exigente do padre e p\u00e1roco<\/strong><\/td>\n<\/tr>\n<tr>\n<td dir=\"ltr\">Manuel Martins Sim\u00f5es Melo | Tempo Novo Editora | 120 p\u00e1ginas | PVP 10,00 \u20ac<\/td>\n<\/tr>\n<\/tbody>\n<\/table>\n<\/td>\n<\/tr>\n<\/tbody>\n<\/table>\n<\/div>\n<p style=\"text-align: center;\"><a href=\"http:\/\/www.facebook.com\/livrariasantajoana\" target=\"_blank\" rel=\"noopener\">[Encomendar]<\/a><\/p>\n<hr \/>\n<p style=\"text-align: center;\"><img loading=\"lazy\" decoding=\"async\" class=\" wp-image-16475 aligncenter\" src=\"https:\/\/diocese-aveiro.pt\/cultura\/wp-content\/uploads\/2023\/10\/Logo-da-Livraria-Santa-Joana-1024x199.jpg\" alt=\"\" width=\"790\" height=\"153\" srcset=\"https:\/\/diocese-aveiro.pt\/cultura\/wp-content\/uploads\/2023\/10\/Logo-da-Livraria-Santa-Joana-1024x199.jpg 1024w, https:\/\/diocese-aveiro.pt\/cultura\/wp-content\/uploads\/2023\/10\/Logo-da-Livraria-Santa-Joana-300x58.jpg 300w, https:\/\/diocese-aveiro.pt\/cultura\/wp-content\/uploads\/2023\/10\/Logo-da-Livraria-Santa-Joana-768x149.jpg 768w, https:\/\/diocese-aveiro.pt\/cultura\/wp-content\/uploads\/2023\/10\/Logo-da-Livraria-Santa-Joana-600x117.jpg 600w, https:\/\/diocese-aveiro.pt\/cultura\/wp-content\/uploads\/2023\/10\/Logo-da-Livraria-Santa-Joana.jpg 1200w\" sizes=\"auto, (max-width: 790px) 100vw, 790px\" \/><\/p>\n<hr \/>\n<h5 style=\"text-align: center;\"><\/h5>\n<h5 style=\"font-weight: 400; text-align: center;\"><strong>Newsletter da Livraria Santa Joana<\/strong><\/h5>\n<h5 style=\"font-weight: 400; text-align: center;\">A miss\u00e3o de uma livraria diocesana \u00e9 insepar\u00e1vel da miss\u00e3o da Igreja, que tem sempre o seu foco na evangeliza\u00e7\u00e3o.<\/h5>\n<h5 style=\"font-weight: 400; text-align: center;\">Sem d\u00favida que, ao longo de mais de cinquenta anos, a Livraria Santa Joana tem contribu\u00eddo para a a\u00e7\u00e3o pastoral da Diocese de Aveiro, nomeadamente no campo da evangeliza\u00e7\u00e3o e da liturgia.<\/h5>\n<h5 style=\"font-weight: 400; text-align: center;\">De Pedro a Francisco, sempre a Igreja considerou que a f\u00e9 tem de se fazer cultura, para que o Evangelho seja realmente significativo em cada \u00e9poca, com as suas circunst\u00e2ncias e desafios. S\u00e3o Pedro, ao mesmo tempo que nos exorta a confessarmos no \u00edntimo do nosso cora\u00e7\u00e3o Cristo como Senhor, apela a estarmos dispostos a dar a raz\u00e3o da nossa esperan\u00e7a \u00e0queles que a pedirem (Pd 3,15). A convic\u00e7\u00e3o de f\u00e9 \u00e9 \u00edntima, mas n\u00e3o \u00e9 particular, \u00e9 p\u00fablica. A f\u00e9 crist\u00e3 \u00e9 sempre p\u00fablica e precisa de raz\u00f5es, argumentos, di\u00e1logos, propostas\u2026 A aus\u00eancia de tudo isso leva ao \u201cdrama\u201d que Paulo VI sentiu, e hoje ainda se sente mais. \u201cA rutura entre o Evangelho e a cultura \u00e9 sem d\u00favida o drama da nossa \u00e9poca, como o foi tamb\u00e9m de outras \u00e9pocas. Assim, importa envidar todos os esfor\u00e7os no sentido de uma generosa evangeliza\u00e7\u00e3o da cultura, ou mais exatamente das culturas\u201d (EN, 20). Na mesma linha vai o Papa Francisco, quando escreve que \u201ch\u00e1 uma necessidade imperiosa de evangelizar as culturas para inculturar o Evangelho\u201d (EG, 69).\u00a0 E aponta a cultura urbana, a cultura popular, a cultura medi\u00e1tica, a cultura globalizada\u2026 Um campo imenso.<\/h5>\n<h5 style=\"font-weight: 400; text-align: center;\">A envangeliza\u00e7\u00e3o da cultura n\u00e3o \u00e9 tarefa exclusiva da Livraria Santa Joana. \u00c9 de todos os crist\u00e3os. E, felizmente, a Diocese de Aveiro tem organismos e servi\u00e7os que est\u00e3o a fazer um trabalho muito merit\u00f3rio neste campo. Mas \u00e0 livraria diocesana \u00e9 pedido muito concretamente que disponibilize bons livros, para alimentar a evangeliza\u00e7\u00e3o, a espiritualidade e a cultura, e bons objetos lit\u00fargicos, para ajudar crist\u00e3os e comunidades nas devo\u00e7\u00f5es particulares e nas celebra\u00e7\u00f5es lit\u00fargicas.<\/h5>\n<h5 style=\"font-weight: 400; text-align: center;\">Que a livraria diocesana fa\u00e7a chegar a mais pessoas a suas propostas e que se renove constantemente para servir os novos tempos \u2013 afinal ela integra a empresa diocesana Tempo Novo, o tempo iniciado por aquele que \u201crenova todas as coisas\u201d (Ap 21,5) \u2013, \u00e9 o que desejo, quando se abre um novo canal atrav\u00e9s desta newsletter.<\/h5>\n<h5 style=\"text-align: center;\"><img loading=\"lazy\" decoding=\"async\" class=\"size-full wp-image-16476 aligncenter\" src=\"https:\/\/diocese-aveiro.pt\/cultura\/wp-content\/uploads\/2023\/10\/Assinatura-D.-Antonio.png\" alt=\"\" width=\"300\" height=\"36\" \/><\/h5>\n<p style=\"text-align: center;\">\n","protected":false},"excerpt":{"rendered":"<p>Livros e leituras<\/p>\n","protected":false},"author":1,"featured_media":17999,"comment_status":"closed","ping_status":"closed","sticky":false,"template":"","format":"standard","meta":{"footnotes":""},"categories":[11,9],"tags":[],"class_list":["post-18001","post","type-post","status-publish","format-standard","has-post-thumbnail","hentry","category-acontece","category-programa-diocesano-de-livros-e-leituras"],"_links":{"self":[{"href":"https:\/\/diocese-aveiro.pt\/cultura\/wp-json\/wp\/v2\/posts\/18001","targetHints":{"allow":["GET"]}}],"collection":[{"href":"https:\/\/diocese-aveiro.pt\/cultura\/wp-json\/wp\/v2\/posts"}],"about":[{"href":"https:\/\/diocese-aveiro.pt\/cultura\/wp-json\/wp\/v2\/types\/post"}],"author":[{"embeddable":true,"href":"https:\/\/diocese-aveiro.pt\/cultura\/wp-json\/wp\/v2\/users\/1"}],"replies":[{"embeddable":true,"href":"https:\/\/diocese-aveiro.pt\/cultura\/wp-json\/wp\/v2\/comments?post=18001"}],"version-history":[{"count":1,"href":"https:\/\/diocese-aveiro.pt\/cultura\/wp-json\/wp\/v2\/posts\/18001\/revisions"}],"predecessor-version":[{"id":18003,"href":"https:\/\/diocese-aveiro.pt\/cultura\/wp-json\/wp\/v2\/posts\/18001\/revisions\/18003"}],"wp:featuredmedia":[{"embeddable":true,"href":"https:\/\/diocese-aveiro.pt\/cultura\/wp-json\/wp\/v2\/media\/17999"}],"wp:attachment":[{"href":"https:\/\/diocese-aveiro.pt\/cultura\/wp-json\/wp\/v2\/media?parent=18001"}],"wp:term":[{"taxonomy":"category","embeddable":true,"href":"https:\/\/diocese-aveiro.pt\/cultura\/wp-json\/wp\/v2\/categories?post=18001"},{"taxonomy":"post_tag","embeddable":true,"href":"https:\/\/diocese-aveiro.pt\/cultura\/wp-json\/wp\/v2\/tags?post=18001"}],"curies":[{"name":"wp","href":"https:\/\/api.w.org\/{rel}","templated":true}]}}