{"id":17998,"date":"2024-06-20T21:49:58","date_gmt":"2024-06-20T20:49:58","guid":{"rendered":"https:\/\/diocese-aveiro.pt\/cultura\/?p=17998"},"modified":"2024-06-20T21:52:02","modified_gmt":"2024-06-20T20:52:02","slug":"acontece-apresentacao-do-livro-ser-padre-ou-paroco-hoje-20-e-21-de-junho","status":"publish","type":"post","link":"https:\/\/diocese-aveiro.pt\/cultura\/acontece-apresentacao-do-livro-ser-padre-ou-paroco-hoje-20-e-21-de-junho\/","title":{"rendered":"Acontece | Apresenta\u00e7\u00e3o do livro &#8216;ser padre ou p\u00e1roco hoje&#8217; &#8211; 20 e 21 de junho"},"content":{"rendered":"<p><strong>O qu\u00ea:<\/strong> Apresenta\u00e7\u00e3o do livro &#8216;ser padre ou p\u00e1roco hoje&#8217; com D. Ant\u00f3nio Moiteiro<\/p>\n<p><strong>Quando:<\/strong> 20 e 21 de junho de 2024 [21.00h.]<\/p>\n<p><strong>Onde:<\/strong> Par\u00f3quias de Sangalhos (20 de junho) e Paredes de Bairro (21 de junho)<\/p>\n<hr \/>\n<p style=\"text-align: justify;\">O livro \u201cSer padre ou p\u00e1roco hoje\u201d, do P.e Manuel Martins Sim\u00f5es Melo (na foto), vai ser apresentado nas par\u00f3quias de Sangalhos e Paredes do Bairro, nos dias 20 e 21 de junho, respetivamente. Ambas as sess\u00f5es est\u00e3o marcadas para as 21h00 e contam com a presen\u00e7a e interven\u00e7\u00e3o de D. Ant\u00f3nio Moiteiro. \u201cSer padre ou p\u00e1roco hoje\u201d, publicado pela editora diocesana Tempo Novo e j\u00e1 dispon\u00edvel na Livraria Santa Joana, \u00e9 o resultado da licenciatura em Direito Can\u00f3nico, na Universidade Cat\u00f3lica Portuguesa, no ano de 2022, daquele que \u00e9 atualmente Juiz do Tribunal Diocesano de Aveiro e p\u00e1roco das duas par\u00f3quias acima referidas.<\/p>\n","protected":false},"excerpt":{"rendered":"<p>O qu\u00ea: Apresenta\u00e7\u00e3o<\/p>\n","protected":false},"author":1,"featured_media":17999,"comment_status":"closed","ping_status":"closed","sticky":false,"template":"","format":"standard","meta":{"footnotes":""},"categories":[11,8],"tags":[],"class_list":["post-17998","post","type-post","status-publish","format-standard","has-post-thumbnail","hentry","category-acontece","category-em-cartaz"],"_links":{"self":[{"href":"https:\/\/diocese-aveiro.pt\/cultura\/wp-json\/wp\/v2\/posts\/17998","targetHints":{"allow":["GET"]}}],"collection":[{"href":"https:\/\/diocese-aveiro.pt\/cultura\/wp-json\/wp\/v2\/posts"}],"about":[{"href":"https:\/\/diocese-aveiro.pt\/cultura\/wp-json\/wp\/v2\/types\/post"}],"author":[{"embeddable":true,"href":"https:\/\/diocese-aveiro.pt\/cultura\/wp-json\/wp\/v2\/users\/1"}],"replies":[{"embeddable":true,"href":"https:\/\/diocese-aveiro.pt\/cultura\/wp-json\/wp\/v2\/comments?post=17998"}],"version-history":[{"count":1,"href":"https:\/\/diocese-aveiro.pt\/cultura\/wp-json\/wp\/v2\/posts\/17998\/revisions"}],"predecessor-version":[{"id":18000,"href":"https:\/\/diocese-aveiro.pt\/cultura\/wp-json\/wp\/v2\/posts\/17998\/revisions\/18000"}],"wp:featuredmedia":[{"embeddable":true,"href":"https:\/\/diocese-aveiro.pt\/cultura\/wp-json\/wp\/v2\/media\/17999"}],"wp:attachment":[{"href":"https:\/\/diocese-aveiro.pt\/cultura\/wp-json\/wp\/v2\/media?parent=17998"}],"wp:term":[{"taxonomy":"category","embeddable":true,"href":"https:\/\/diocese-aveiro.pt\/cultura\/wp-json\/wp\/v2\/categories?post=17998"},{"taxonomy":"post_tag","embeddable":true,"href":"https:\/\/diocese-aveiro.pt\/cultura\/wp-json\/wp\/v2\/tags?post=17998"}],"curies":[{"name":"wp","href":"https:\/\/api.w.org\/{rel}","templated":true}]}}