{"id":17967,"date":"2024-06-13T16:35:39","date_gmt":"2024-06-13T15:35:39","guid":{"rendered":"https:\/\/diocese-aveiro.pt\/cultura\/?p=17967"},"modified":"2024-06-13T16:36:24","modified_gmt":"2024-06-13T15:36:24","slug":"noticias-jovens-visitam-carmelo","status":"publish","type":"post","link":"https:\/\/diocese-aveiro.pt\/cultura\/noticias-jovens-visitam-carmelo\/","title":{"rendered":"Not\u00edcias | Jovens visitam Carmelo"},"content":{"rendered":"<h6 style=\"text-align: right;\">Texto e fotos: DPJAveiro<\/h6>\n<p>&nbsp;<\/p>\n<p style=\"text-align: justify;\">A conversa com as Irm\u00e3s ajudou a conhecer um modo de dedica\u00e7\u00e3o a Deus e \u00e0s pessoas, por quem rezam.<\/p>\n<p style=\"text-align: justify;\">Jovens da Diocese de Aveiro em conjunto com a equipa do DPJA (Departamento da Pastoral Juvenil de Aveiro) dirigiram-se no passado dia 8 de junho ao Carmelo de Cristo Redentor, em S\u00e3o Bernardo (Aveiro), e puderam conhecer sobre este espa\u00e7o \u00fanico com tantas particularidades.<\/p>\n<p style=\"text-align: justify;\">N\u00e3o \u00e9 todos os dias que \u00e9 poss\u00edvel conversar e questionar as irm\u00e3s do Carmelo sobre as suas motiva\u00e7\u00f5es, o seu dia-a-dia e as limita\u00e7\u00f5es sociais de viverem enclausuradas.<\/p>\n<p style=\"text-align: justify;\">Ainda antes de iniciar as atividades com as irm\u00e3s, os jovens refletiram sobre o que esperavam com a visita ao Carmelo e quais as suas expectativas.<\/p>\n<p style=\"text-align: justify;\">Depois de uma ora\u00e7\u00e3o j\u00e1 na companhia das irm\u00e3s, foi a vez de conhecermos melhor o Convento atrav\u00e9s das palavras da Irm\u00e3 Sofia, a madre do Convento do Carmelo. Come\u00e7ou por explicar o que significa a palavra \u201cconvento\u201d, que, tal como \u00e9 percet\u00edvel, \u00e9 um lugar com vento, \u201ccom o Esp\u00edrito Santo\u201d.<\/p>\n<p style=\"text-align: justify;\">Rezar pelas pessoas \u00e9 a grande miss\u00e3o das irm\u00e3s que acreditam que fazem como na B\u00edblia, quando colocaram o paral\u00edtico diante de Jesus, para Ele interceder da melhor maneira. Comparam-se ainda com Mois\u00e9s, uma vez que segundo a Irm\u00e3 Sofia est\u00e3o de m\u00e3os levantadas e bra\u00e7os abertos, abra\u00e7ando o mundo inteiro.<\/p>\n<p style=\"text-align: justify;\">Na sala de visitas foi poss\u00edvel conhecer quase todas as irm\u00e3s que vivem no convento. Os jovens puderam questionar sobre as d\u00favidas e curiosidade que tinham. Sobre as limita\u00e7\u00f5es sociais, as irm\u00e3s referem que lhes distraem o objetivo principal e que p\u00f5em em causa a sua voca\u00e7\u00e3o e que, por isso, est\u00e3o distanciadas delas. No entanto, n\u00e3o vivem numa bolha. T\u00eam acesso ao jornal di\u00e1rio e at\u00e9 usam a internet para ter conhecimento das not\u00edcias atuais e para forma\u00e7\u00e3o: encontram-se numa forma\u00e7\u00e3o online todos os anos com as outras comunidades. Apesar de haver horas concretas para algumas atividades, as irm\u00e3s confessam que o seu dia-a-dia \u00e9 sempre diferente e at\u00e9 gostavam que fosse mais rotineiro para poderem descansar. Realizam todo o tipo de atividades, desde tratar dos animais a cozinhar ou ir \u00e0s compras, nas poucas vezes que saem. Est\u00e3o autorizadas para ir votar, assim como para ir ao m\u00e9dico. Nas datas importantes n\u00e3o se poupam na festa e dan\u00e7am, fazem teatro e cantam. Confessam n\u00e3o conhecer muitas bandas atuais, mas acreditam que elas pr\u00f3prias s\u00e3o m\u00fasica e, por isso, escrevem letras e constroem a sua melodia. Segundo as suas palavras, n\u00e3o h\u00e1 \u201cdias menos bons\u201d. Todos os dias s\u00e3o uma d\u00e1diva que vivem em comunidade e fam\u00edlia, entre as 18 irm\u00e3s que vivem no Carmelo de Cristo Redentor.<\/p>\n<div id='gallery-1' class='gallery galleryid-17967 gallery-columns-3 gallery-size-thumbnail'><figure class='gallery-item'>\n\t\t\t<div class='gallery-icon landscape'>\n\t\t\t\t<a href='https:\/\/diocese-aveiro.pt\/cultura\/noticias-jovens-visitam-carmelo\/dpja_2024_visitaaocarmelo_1-_low\/'><img loading=\"lazy\" decoding=\"async\" width=\"150\" height=\"150\" src=\"https:\/\/diocese-aveiro.pt\/cultura\/wp-content\/uploads\/2024\/06\/DPJA_2024_visitaaocarmelo_1-_low-150x150.jpg\" class=\"attachment-thumbnail size-thumbnail\" alt=\"\" \/><\/a>\n\t\t\t<\/div><\/figure><figure class='gallery-item'>\n\t\t\t<div class='gallery-icon landscape'>\n\t\t\t\t<a href='https:\/\/diocese-aveiro.pt\/cultura\/noticias-jovens-visitam-carmelo\/dpja_2024_visitaaocarmelo_6-_low\/'><img loading=\"lazy\" decoding=\"async\" width=\"150\" height=\"150\" src=\"https:\/\/diocese-aveiro.pt\/cultura\/wp-content\/uploads\/2024\/06\/DPJA_2024_visitaaocarmelo_6-_low-150x150.jpg\" class=\"attachment-thumbnail size-thumbnail\" alt=\"\" \/><\/a>\n\t\t\t<\/div><\/figure><figure class='gallery-item'>\n\t\t\t<div class='gallery-icon landscape'>\n\t\t\t\t<a href='https:\/\/diocese-aveiro.pt\/cultura\/noticias-jovens-visitam-carmelo\/dpja_2024_visitaaocarmelo_7-_low\/'><img loading=\"lazy\" decoding=\"async\" width=\"150\" height=\"150\" src=\"https:\/\/diocese-aveiro.pt\/cultura\/wp-content\/uploads\/2024\/06\/DPJA_2024_visitaaocarmelo_7-_low-150x150.jpg\" class=\"attachment-thumbnail size-thumbnail\" alt=\"\" \/><\/a>\n\t\t\t<\/div><\/figure><figure class='gallery-item'>\n\t\t\t<div class='gallery-icon landscape'>\n\t\t\t\t<a href='https:\/\/diocese-aveiro.pt\/cultura\/noticias-jovens-visitam-carmelo\/dpja_2024_visitaaocarmelo_8-_low\/'><img loading=\"lazy\" decoding=\"async\" width=\"150\" height=\"150\" src=\"https:\/\/diocese-aveiro.pt\/cultura\/wp-content\/uploads\/2024\/06\/DPJA_2024_visitaaocarmelo_8-_low-150x150.jpg\" class=\"attachment-thumbnail size-thumbnail\" alt=\"\" \/><\/a>\n\t\t\t<\/div><\/figure><figure class='gallery-item'>\n\t\t\t<div class='gallery-icon landscape'>\n\t\t\t\t<a href='https:\/\/diocese-aveiro.pt\/cultura\/noticias-jovens-visitam-carmelo\/dpja_2024_visitaaocarmelo_9-_low\/'><img loading=\"lazy\" decoding=\"async\" width=\"150\" height=\"150\" src=\"https:\/\/diocese-aveiro.pt\/cultura\/wp-content\/uploads\/2024\/06\/DPJA_2024_visitaaocarmelo_9-_low-150x150.jpg\" class=\"attachment-thumbnail size-thumbnail\" alt=\"\" \/><\/a>\n\t\t\t<\/div><\/figure><figure class='gallery-item'>\n\t\t\t<div class='gallery-icon landscape'>\n\t\t\t\t<a href='https:\/\/diocese-aveiro.pt\/cultura\/noticias-jovens-visitam-carmelo\/dpja_2024_visitaaocarmelo_10-_low-scaled\/'><img loading=\"lazy\" decoding=\"async\" width=\"150\" height=\"150\" src=\"https:\/\/diocese-aveiro.pt\/cultura\/wp-content\/uploads\/2024\/06\/DPJA_2024_visitaaocarmelo_10-_low-scaled-1-150x150.jpg\" class=\"attachment-thumbnail size-thumbnail\" alt=\"\" \/><\/a>\n\t\t\t<\/div><\/figure><figure class='gallery-item'>\n\t\t\t<div class='gallery-icon landscape'>\n\t\t\t\t<a href='https:\/\/diocese-aveiro.pt\/cultura\/noticias-jovens-visitam-carmelo\/dpja_2024_visitaaocarmelo_11-_low\/'><img loading=\"lazy\" decoding=\"async\" width=\"150\" height=\"150\" src=\"https:\/\/diocese-aveiro.pt\/cultura\/wp-content\/uploads\/2024\/06\/DPJA_2024_visitaaocarmelo_11-_low-150x150.jpg\" class=\"attachment-thumbnail size-thumbnail\" alt=\"\" \/><\/a>\n\t\t\t<\/div><\/figure><figure class='gallery-item'>\n\t\t\t<div class='gallery-icon landscape'>\n\t\t\t\t<a href='https:\/\/diocese-aveiro.pt\/cultura\/noticias-jovens-visitam-carmelo\/dpja_2024_visitaaocarmelo_13-_low\/'><img loading=\"lazy\" decoding=\"async\" width=\"150\" height=\"150\" src=\"https:\/\/diocese-aveiro.pt\/cultura\/wp-content\/uploads\/2024\/06\/DPJA_2024_visitaaocarmelo_13-_low-150x150.jpg\" class=\"attachment-thumbnail size-thumbnail\" alt=\"\" \/><\/a>\n\t\t\t<\/div><\/figure><figure class='gallery-item'>\n\t\t\t<div class='gallery-icon landscape'>\n\t\t\t\t<a href='https:\/\/diocese-aveiro.pt\/cultura\/noticias-jovens-visitam-carmelo\/dpja_2024_visitaaocarmelo-_low\/'><img loading=\"lazy\" decoding=\"async\" width=\"150\" height=\"150\" src=\"https:\/\/diocese-aveiro.pt\/cultura\/wp-content\/uploads\/2024\/06\/DPJA_2024_visitaaocarmelo-_low-150x150.jpg\" class=\"attachment-thumbnail size-thumbnail\" alt=\"\" \/><\/a>\n\t\t\t<\/div><\/figure>\n\t\t<\/div>\n\n","protected":false},"excerpt":{"rendered":"<p>Texto e fotos:<\/p>\n","protected":false},"author":1,"featured_media":17978,"comment_status":"closed","ping_status":"closed","sticky":false,"template":"","format":"standard","meta":{"footnotes":""},"categories":[11,10],"tags":[],"class_list":["post-17967","post","type-post","status-publish","format-standard","has-post-thumbnail","hentry","category-acontece","category-noticias"],"_links":{"self":[{"href":"https:\/\/diocese-aveiro.pt\/cultura\/wp-json\/wp\/v2\/posts\/17967","targetHints":{"allow":["GET"]}}],"collection":[{"href":"https:\/\/diocese-aveiro.pt\/cultura\/wp-json\/wp\/v2\/posts"}],"about":[{"href":"https:\/\/diocese-aveiro.pt\/cultura\/wp-json\/wp\/v2\/types\/post"}],"author":[{"embeddable":true,"href":"https:\/\/diocese-aveiro.pt\/cultura\/wp-json\/wp\/v2\/users\/1"}],"replies":[{"embeddable":true,"href":"https:\/\/diocese-aveiro.pt\/cultura\/wp-json\/wp\/v2\/comments?post=17967"}],"version-history":[{"count":1,"href":"https:\/\/diocese-aveiro.pt\/cultura\/wp-json\/wp\/v2\/posts\/17967\/revisions"}],"predecessor-version":[{"id":17979,"href":"https:\/\/diocese-aveiro.pt\/cultura\/wp-json\/wp\/v2\/posts\/17967\/revisions\/17979"}],"wp:featuredmedia":[{"embeddable":true,"href":"https:\/\/diocese-aveiro.pt\/cultura\/wp-json\/wp\/v2\/media\/17978"}],"wp:attachment":[{"href":"https:\/\/diocese-aveiro.pt\/cultura\/wp-json\/wp\/v2\/media?parent=17967"}],"wp:term":[{"taxonomy":"category","embeddable":true,"href":"https:\/\/diocese-aveiro.pt\/cultura\/wp-json\/wp\/v2\/categories?post=17967"},{"taxonomy":"post_tag","embeddable":true,"href":"https:\/\/diocese-aveiro.pt\/cultura\/wp-json\/wp\/v2\/tags?post=17967"}],"curies":[{"name":"wp","href":"https:\/\/api.w.org\/{rel}","templated":true}]}}