{"id":17853,"date":"2024-05-17T11:43:55","date_gmt":"2024-05-17T10:43:55","guid":{"rendered":"https:\/\/diocese-aveiro.pt\/cultura\/?p=17853"},"modified":"2024-05-17T11:43:55","modified_gmt":"2024-05-17T10:43:55","slug":"noticias-bispo-de-aveiro-destaca-a-a-coragem-e-a-firmeza-da-fe-dos-cristaos-perseguidos-em-iniciativa-da-fundacao-ais","status":"publish","type":"post","link":"https:\/\/diocese-aveiro.pt\/cultura\/noticias-bispo-de-aveiro-destaca-a-a-coragem-e-a-firmeza-da-fe-dos-cristaos-perseguidos-em-iniciativa-da-fundacao-ais\/","title":{"rendered":"Not\u00edcias | Bispo de Aveiro destaca a \u201ca coragem e a firmeza da f\u00e9\u201d dos crist\u00e3os perseguidos em iniciativa da Funda\u00e7\u00e3o AIS"},"content":{"rendered":"<div class=\"elementor-element elementor-element-8d7871d elementor-widget elementor-widget-text-editor animated fadeInLeft\" data-id=\"8d7871d\" data-element_type=\"widget\" data-settings=\"{&quot;_animation&quot;:&quot;fadeInLeft&quot;}\" data-widget_type=\"text-editor.default\">\n<h6 style=\"text-align: right;\"><a href=\"https:\/\/fundacao-ais.pt\/portugal-bispo-de-aveiro-destaca-a-a-coragem-e-a-firmeza-da-fe-dos-cristaos-perseguidos-em-iniciativa-da-fundacao-ais\/\" target=\"_blank\" rel=\"noopener\">Not\u00edcia, foto e v\u00eddeo recolhidos da FAIS<\/a><\/h6>\n<div class=\"elementor-widget-container\">\n<p style=\"text-align: justify;\"><em>Na sess\u00e3o de apresenta\u00e7\u00e3o na Diocese de Aveiro do relat\u00f3rio sobre a Liberdade religiosa no Mundo, da responsabilidade da Funda\u00e7\u00e3o AIS, D. Ant\u00f3nio Moiteiro disse admirar \u201ca coragem e a firmeza da f\u00e9\u201d dos crist\u00e3os perseguidos e sublinhou a import\u00e2ncia do trabalho da institui\u00e7\u00e3o na consciencializa\u00e7\u00e3o e den\u00fancia destas situa\u00e7\u00f5es, mas tamb\u00e9m na ajuda concreta \u00e0s comunidades religiosas.<\/em><\/p>\n<\/div>\n<p><iframe title=\"Bispo de Aveiro destaca a \u201ca coragem e a firmeza da f\u00e9\u201d dos crist\u00e3os perseguidos\" width=\"640\" height='360' src=\"https:\/\/www.youtube.com\/embed\/VG8B0PR-bQk?start=2&#038;feature=oembed\" frameborder=\"0\" allow=\"accelerometer; autoplay; clipboard-write; encrypted-media; gyroscope; picture-in-picture; web-share\" referrerpolicy=\"strict-origin-when-cross-origin\" allowfullscreen><\/iframe><\/p>\n<\/div>\n<div class=\"elementor-element elementor-element-e94c239 elementor-widget elementor-widget-text-editor animated fadeInUp\" style=\"text-align: justify;\" data-id=\"e94c239\" data-element_type=\"widget\" data-settings=\"{&quot;_animation&quot;:&quot;fadeInUp&quot;}\" data-widget_type=\"text-editor.default\">\n<div class=\"elementor-widget-container\">\n<p>A sala dos Bispos, no Semin\u00e1rio de Santa Joana Princesa, em Aveiro, foi o palco, ontem \u00e0 noite, 16 de Maio, da apresenta\u00e7\u00e3o, do Relat\u00f3rio sobre a Liberdade Religiosa no Mundo, produzido pela Funda\u00e7\u00e3o AIS. D. Ant\u00f3nio Moiteiro presidiu \u00e0 sess\u00e3o e teve palavras de apre\u00e7o pelo trabalho que a institui\u00e7\u00e3o desenvolve no mundo.<\/p>\n<p><i>\u201c<b>A Funda\u00e7\u00e3o AIS tem tido ao longo da sua exist\u00eancia a preocupa\u00e7\u00e3o de ajudar a fazer forma\u00e7\u00e3o quer promovendo a forma\u00e7\u00e3o de novos padres, constru\u00e7\u00e3o de edif\u00edcios religiosos, ajuda \u00e0s popula\u00e7\u00f5es<\/b>\u00a0e eu penso que este ponto \u00e9 fundamental porque quando n\u00f3s estamos a ajudar os nossos irm\u00e3os na f\u00e9, n\u00f3s estamos a realizar aquilo que o Evangelho nos pede. Que \u00e9 esta comunh\u00e3o de vida com todos aqueles que vivem tamb\u00e9m connosco a mesma f\u00e9\u201d<\/i>, disse o prelado no in\u00edcio da sua interven\u00e7\u00e3o.<\/p>\n<p><i>\u201cN\u00f3s sabemos que a ajuda que esta funda\u00e7\u00e3o realiza chega realmente \u00e0queles que precisam. E chega, de facto, atingindo as suas finalidades para as quais ela angariou os fundos. Portanto, esta ajuda \u00e9 muito importante\u201d<\/i>, acrescentou o Bispo de Aveiro.<\/p>\n<\/div>\n<\/div>\n<div class=\"elementor-element elementor-element-6c2e700 elementor-widget elementor-widget-text-editor animated fadeInUp\" style=\"text-align: justify;\" data-id=\"6c2e700\" data-element_type=\"widget\" data-settings=\"{&quot;_animation&quot;:&quot;fadeInUp&quot;}\" data-widget_type=\"text-editor.default\">\n<div class=\"elementor-widget-container\">\n<p><strong>ATROCIDADES EM ESPANHA<br \/>\n<\/strong><\/p>\n<p>D. Ant\u00f3nio Moiteiro teve tamb\u00e9m palavras de enorme admira\u00e7\u00e3o pelo testemunho de f\u00e9 dos crist\u00e3os perseguidos nos dias de hoje, algo que \u00e9 evidenciado pelo pr\u00f3prio Relat\u00f3rio sobre a Liberdade Religiosa.<\/p>\n<\/div>\n<\/div>\n<div class=\"elementor-element elementor-element-61d0438 elementor-blockquote--skin-quotation elementor-blockquote--button-color-official elementor-widget elementor-widget-blockquote animated fadeInUp\" style=\"text-align: justify;\" data-id=\"61d0438\" data-element_type=\"widget\" data-settings=\"{&quot;_animation&quot;:&quot;fadeInUp&quot;}\" data-widget_type=\"blockquote.default\">\n<div class=\"elementor-widget-container\">\n<blockquote class=\"elementor-blockquote\">\n<p class=\"elementor-blockquote__content\">\u00c9 de admirar a perseveran\u00e7a e const\u00e2ncia da f\u00e9 destes nossos irm\u00e3os. Eles vivem a sua f\u00e9 e n\u00f3s vemos \u00e0s vezes, quando temos a possibilidade de conhecer algum pa\u00eds destes onde a liberdade religiosa \u00e9 posta em causa, como as igrejas t\u00eam de estar quase amuralhadas, como o acesso aos templos \u00e9 t\u00e3o dif\u00edcil, mas isso prova a coragem e prova a firmeza da f\u00e9 desta gente. Isto \u00e9 aquilo que me admira muito, a mim, que \u00e9 dar a vida. Porque isto n\u00e3o \u00e9 apenas dos primeiros crist\u00e3os\u201d<\/p>\n<div class=\"e-q-footer\"><cite class=\"elementor-blockquote__author\">D. Ant\u00f3nio Moiteiro<\/cite><\/div>\n<\/blockquote>\n<\/div>\n<\/div>\n<div class=\"elementor-element elementor-element-6a6b5b4 elementor-widget elementor-widget-text-editor animated fadeInUp\" style=\"text-align: justify;\" data-id=\"6a6b5b4\" data-element_type=\"widget\" data-settings=\"{&quot;_animation&quot;:&quot;fadeInUp&quot;}\" data-widget_type=\"text-editor.default\">\n<div class=\"elementor-widget-container\">\n<p>D. Ant\u00f3nio Moiteiro lembrou o exemplo \u201cdas atrocidades que se cometeram\u201d por exemplo em Espanha durante os tempos da guerra civil.\u00a0<i>\u201cAtrocidades que se fizeram a pessoas inocentes porque eram crist\u00e3os, porque viviam a sua f\u00e9\u201d.<\/i><\/p>\n<\/div>\n<\/div>\n<div class=\"elementor-element elementor-element-f1988ea elementor-widget elementor-widget-text-editor animated fadeInUp\" style=\"text-align: justify;\" data-id=\"f1988ea\" data-element_type=\"widget\" data-settings=\"{&quot;_animation&quot;:&quot;fadeInUp&quot;}\" data-widget_type=\"text-editor.default\">\n<div class=\"elementor-widget-container\">\n<p><strong>AIS, \u201cUM TRABALHO BONITO\u201d<\/strong><\/p>\n<p>O prelado sublinhou ainda que a persegui\u00e7\u00e3o por motivos religiosos \u00e9 algo que continua infelizmente a ser muito actual, afecta milh\u00f5es de pessoas e ocorre em in\u00fameras regi\u00f5es do planeta.<\/p>\n<p><i>\u201c\u00c9 preciso dizer que estas realidades acontecem hoje\u201d<\/i>, disse D. Ant\u00f3nio Moiteiro dando o caso concreto de Mo\u00e7ambique que acompanha com particular interesse e preocupa\u00e7\u00e3o por estar l\u00e1\u00a0<i>\u201cuma mission\u00e1ria leiga muito amiga, na par\u00f3quia de Ocua\u201d<\/i>, geminada com a Diocese de Braga. Nestes pa\u00edses, nestes lugares onde h\u00e1 guerra, persegui\u00e7\u00e3o, viol\u00eancia,\u00a0<i>\u201cvive-se a f\u00e9 na convic\u00e7\u00e3o da presen\u00e7a de Cristo vivo e ressuscitado\u201d. \u201cE este \u00e9 que \u00e9 o tesouro\u201d<\/i>, disse o Bispo.<\/p>\n<p>Em toda a interven\u00e7\u00e3o, D. Ant\u00f3nio Moiteiro fez quest\u00e3o de destacar a\u00a0<b>import\u00e2ncia da miss\u00e3o da funda\u00e7\u00e3o pontif\u00edcia nas suas v\u00e1rias vertentes. Informar, ajudar e rezar.<\/b>\u00a0E disse que este era \u201cum trabalho bonito\u201d, sublinhando, contudo, a import\u00e2ncia da ora\u00e7\u00e3o.<\/p>\n<p><i>\u201c<b>A ora\u00e7\u00e3o \u00e9 muito, muito importante para que estas pessoas sejam sustentadas na sua f\u00e9, para que a f\u00e9 possa ser neles uma f\u00e9 mais forte, mais convicta.<\/b>\u00a0E eles [os crist\u00e3os perseguidos] devem ser exemplo para n\u00f3s, para as nossas comunidades que \u00e0s vezes s\u00e3o umas comunidades que se preocupam, deixem passar a express\u00e3o, com coisas que n\u00e3o prestam para nada, que s\u00e3o \u00e0s vezes quest\u00f5es de lana-caprina, se uma prociss\u00e3o vai por esta rua ou n\u00e3o vai, se isto acontece ou n\u00e3o, quando para tantos a quest\u00e3o n\u00e3o se p\u00f5e a\u00ed.\u00a0<b>A quest\u00e3o p\u00f5e-se na vida ou morte, no testemunho da f\u00e9. Penso que isto \u00e9 importante e gostava de o dizer, porque a Funda\u00e7\u00e3o ao ajudar est\u00e1 a evangelizar<\/b>\u201d.<\/i><\/p>\n<\/div>\n<\/div>\n<div class=\"elementor-element elementor-element-ad73a8f elementor-widget elementor-widget-text-editor animated fadeInUp\" data-id=\"ad73a8f\" data-element_type=\"widget\" data-settings=\"{&quot;_animation&quot;:&quot;fadeInUp&quot;}\" data-widget_type=\"text-editor.default\">\n<div class=\"elementor-widget-container\">\n<p style=\"text-align: justify;\"><strong>SESS\u00d5ES DE SENSIBILIZA\u00c7\u00c3O<br \/>\n<\/strong><\/p>\n<p style=\"text-align: justify;\">O Relat\u00f3rio da Funda\u00e7\u00e3o AIS sobre a Liberdade Religiosa no Mundo foi apresentando nos seus pontos essenciais por Catarina Martins de Bettencourt, directora do secretariado portugu\u00eas da funda\u00e7\u00e3o pontif\u00edcia, que incentivou os presentes a \u201cuma leitura mais atenta\u201d do documento, o que pode ser feito em\u00a0<a href=\"http:\/\/www.fundacao-ais.pt\/\">www.fundacao-ais.pt<\/a>.<\/p>\n<p style=\"text-align: justify;\">Antes de Aveiro, o Relat\u00f3rio da Liberdade Religiosa no Mundo foi j\u00e1 apresentado nas Dioceses de Lisboa, Porto, Santar\u00e9m, Coimbra, Braga, \u00c9vora, Madeira e Set\u00fabal, sempre na presen\u00e7a dos respectivos Bispos.<\/p>\n<\/div>\n<\/div>\n","protected":false},"excerpt":{"rendered":"<p>Not\u00edcia, foto e<\/p>\n","protected":false},"author":1,"featured_media":17854,"comment_status":"closed","ping_status":"closed","sticky":false,"template":"","format":"standard","meta":{"footnotes":""},"categories":[11,10],"tags":[],"class_list":["post-17853","post","type-post","status-publish","format-standard","has-post-thumbnail","hentry","category-acontece","category-noticias"],"_links":{"self":[{"href":"https:\/\/diocese-aveiro.pt\/cultura\/wp-json\/wp\/v2\/posts\/17853","targetHints":{"allow":["GET"]}}],"collection":[{"href":"https:\/\/diocese-aveiro.pt\/cultura\/wp-json\/wp\/v2\/posts"}],"about":[{"href":"https:\/\/diocese-aveiro.pt\/cultura\/wp-json\/wp\/v2\/types\/post"}],"author":[{"embeddable":true,"href":"https:\/\/diocese-aveiro.pt\/cultura\/wp-json\/wp\/v2\/users\/1"}],"replies":[{"embeddable":true,"href":"https:\/\/diocese-aveiro.pt\/cultura\/wp-json\/wp\/v2\/comments?post=17853"}],"version-history":[{"count":1,"href":"https:\/\/diocese-aveiro.pt\/cultura\/wp-json\/wp\/v2\/posts\/17853\/revisions"}],"predecessor-version":[{"id":17855,"href":"https:\/\/diocese-aveiro.pt\/cultura\/wp-json\/wp\/v2\/posts\/17853\/revisions\/17855"}],"wp:featuredmedia":[{"embeddable":true,"href":"https:\/\/diocese-aveiro.pt\/cultura\/wp-json\/wp\/v2\/media\/17854"}],"wp:attachment":[{"href":"https:\/\/diocese-aveiro.pt\/cultura\/wp-json\/wp\/v2\/media?parent=17853"}],"wp:term":[{"taxonomy":"category","embeddable":true,"href":"https:\/\/diocese-aveiro.pt\/cultura\/wp-json\/wp\/v2\/categories?post=17853"},{"taxonomy":"post_tag","embeddable":true,"href":"https:\/\/diocese-aveiro.pt\/cultura\/wp-json\/wp\/v2\/tags?post=17853"}],"curies":[{"name":"wp","href":"https:\/\/api.w.org\/{rel}","templated":true}]}}