{"id":17828,"date":"2024-05-17T11:04:40","date_gmt":"2024-05-17T10:04:40","guid":{"rendered":"https:\/\/diocese-aveiro.pt\/cultura\/?p=17828"},"modified":"2024-05-17T11:04:40","modified_gmt":"2024-05-17T10:04:40","slug":"livros-e-leituras-64-livro-a-enciclica-das-criancas","status":"publish","type":"post","link":"https:\/\/diocese-aveiro.pt\/cultura\/livros-e-leituras-64-livro-a-enciclica-das-criancas\/","title":{"rendered":"Livros e leituras | 6|4 | Livro: &#8216;A Enc\u00edclica das crian\u00e7as&#8217;"},"content":{"rendered":"<h5 style=\"text-align: right;\">Livros e leituras | II s\u00e9rie [Parceria com a livraria Santa Joana Princesa | Aveiro]<\/h5>\n<h3 style=\"text-align: center;\"><strong>Newsletter 006 | Maio 2024<\/strong><\/h3>\n<h6 style=\"font-weight: 400; text-align: right;\"><em>Os livros e artigos desta newsletter podem ser adquiridos na Livraria Santa Joana. | Pre\u00e7os especiais para Centros Sociais Paroquiais e outras IPSS da Diocese de Aveiro<\/em><\/h6>\n<hr \/>\n<p style=\"text-align: center;\"><strong>A Enc\u00edclica das crian\u00e7as<\/strong><br \/>\nLivro dedicado \u00e0s crian\u00e7as que aborda o tema da ecologia e a import\u00e2ncia do cuidado com o Planeta e a Cria\u00e7\u00e3o. A primeira parte \u2013 As palavras para os adultos \u2013 dirige-se aos adultos atrav\u00e9s de quatro palavras-chave \u2013 herdar, conectar, partilhar e doar. Pretende-se sensibilizar os adultos e explicar-lhes como \u00e9 importante educar as crian\u00e7as para cuidar e respeitar o planeta, definido na Enc\u00edclica como \u00aba nossa casa comum\u00bb. A segunda parte \u2013 As palavras para os pequenos \u2013 dirige-se diretamente \u00e0s crian\u00e7as atrav\u00e9s de uma hist\u00f3ria ilustrada dividida em quatro cap\u00edtulos. Uma hist\u00f3ria de convers\u00e3o que ensina como a natureza \u00e9 um bem precioso para todos e que o amor e o perd\u00e3o s\u00e3o mais fortes do que o \u00f3dio e a vingan\u00e7a. \u201cN\u00e3o roubemos \u00e0s novas gera\u00e7\u00f5es a esperan\u00e7a num futuro melhor. Caras crian\u00e7as, abra\u00e7o-vos e ficai sabendo que o vosso Papa e \u00abav\u00f4\u00bb tudo far\u00e1 para que possais viver num mundo belo e bom\u201d, afirma o Papa Francisco neste livro.<\/p>\n<div dir=\"rtl\">\n<div dir=\"rtl\"><\/div>\n<\/div>\n<div dir=\"rtl\"><\/div>\n<div dir=\"rtl\">\n<table class=\"responsive\" border=\"0\" width=\"100%\" cellspacing=\"0\" cellpadding=\"0\" align=\"left\">\n<tbody>\n<tr>\n<td dir=\"ltr\" style=\"text-align: center;\">\n<table class=\"responsive\" border=\"0\" width=\"100%\" cellspacing=\"0\" cellpadding=\"0\" align=\"left\">\n<tbody>\n<tr>\n<td dir=\"ltr\"><strong>A Enc\u00edclica das crian\u00e7as. Reeducar o mundo dos adultos<\/strong><\/td>\n<\/tr>\n<tr>\n<td dir=\"ltr\">Aldo Cagnoli, Enzo Fortunato, Papa Francisco (Pref\u00e1cio) | Paulinas | 80 p\u00e1ginas | PVP 10,00 \u20ac<\/td>\n<\/tr>\n<\/tbody>\n<\/table>\n<\/td>\n<\/tr>\n<tr>\n<td dir=\"ltr\" align=\"center\"><\/td>\n<\/tr>\n<\/tbody>\n<\/table>\n<\/div>\n<p style=\"text-align: center;\"><a href=\"http:\/\/www.facebook.com\/livrariasantajoana\" target=\"_blank\" rel=\"noopener\">[Encomendar]<\/a><\/p>\n<hr \/>\n<p style=\"text-align: center;\"><img loading=\"lazy\" decoding=\"async\" class=\" wp-image-16475 aligncenter\" src=\"https:\/\/diocese-aveiro.pt\/cultura\/wp-content\/uploads\/2023\/10\/Logo-da-Livraria-Santa-Joana-1024x199.jpg\" alt=\"\" width=\"790\" height=\"153\" srcset=\"https:\/\/diocese-aveiro.pt\/cultura\/wp-content\/uploads\/2023\/10\/Logo-da-Livraria-Santa-Joana-1024x199.jpg 1024w, https:\/\/diocese-aveiro.pt\/cultura\/wp-content\/uploads\/2023\/10\/Logo-da-Livraria-Santa-Joana-300x58.jpg 300w, https:\/\/diocese-aveiro.pt\/cultura\/wp-content\/uploads\/2023\/10\/Logo-da-Livraria-Santa-Joana-768x149.jpg 768w, https:\/\/diocese-aveiro.pt\/cultura\/wp-content\/uploads\/2023\/10\/Logo-da-Livraria-Santa-Joana-600x117.jpg 600w, https:\/\/diocese-aveiro.pt\/cultura\/wp-content\/uploads\/2023\/10\/Logo-da-Livraria-Santa-Joana.jpg 1200w\" sizes=\"auto, (max-width: 790px) 100vw, 790px\" \/><\/p>\n<hr \/>\n<h5 style=\"text-align: center;\"><\/h5>\n<h5 style=\"font-weight: 400; text-align: center;\"><strong>Newsletter da Livraria Santa Joana<\/strong><\/h5>\n<h5 style=\"font-weight: 400; text-align: center;\">A miss\u00e3o de uma livraria diocesana \u00e9 insepar\u00e1vel da miss\u00e3o da Igreja, que tem sempre o seu foco na evangeliza\u00e7\u00e3o.<\/h5>\n<h5 style=\"font-weight: 400; text-align: center;\">Sem d\u00favida que, ao longo de mais de cinquenta anos, a Livraria Santa Joana tem contribu\u00eddo para a a\u00e7\u00e3o pastoral da Diocese de Aveiro, nomeadamente no campo da evangeliza\u00e7\u00e3o e da liturgia.<\/h5>\n<h5 style=\"font-weight: 400; text-align: center;\">De Pedro a Francisco, sempre a Igreja considerou que a f\u00e9 tem de se fazer cultura, para que o Evangelho seja realmente significativo em cada \u00e9poca, com as suas circunst\u00e2ncias e desafios. S\u00e3o Pedro, ao mesmo tempo que nos exorta a confessarmos no \u00edntimo do nosso cora\u00e7\u00e3o Cristo como Senhor, apela a estarmos dispostos a dar a raz\u00e3o da nossa esperan\u00e7a \u00e0queles que a pedirem (Pd 3,15). A convic\u00e7\u00e3o de f\u00e9 \u00e9 \u00edntima, mas n\u00e3o \u00e9 particular, \u00e9 p\u00fablica. A f\u00e9 crist\u00e3 \u00e9 sempre p\u00fablica e precisa de raz\u00f5es, argumentos, di\u00e1logos, propostas\u2026 A aus\u00eancia de tudo isso leva ao \u201cdrama\u201d que Paulo VI sentiu, e hoje ainda se sente mais. \u201cA rutura entre o Evangelho e a cultura \u00e9 sem d\u00favida o drama da nossa \u00e9poca, como o foi tamb\u00e9m de outras \u00e9pocas. Assim, importa envidar todos os esfor\u00e7os no sentido de uma generosa evangeliza\u00e7\u00e3o da cultura, ou mais exatamente das culturas\u201d (EN, 20). Na mesma linha vai o Papa Francisco, quando escreve que \u201ch\u00e1 uma necessidade imperiosa de evangelizar as culturas para inculturar o Evangelho\u201d (EG, 69).\u00a0 E aponta a cultura urbana, a cultura popular, a cultura medi\u00e1tica, a cultura globalizada\u2026 Um campo imenso.<\/h5>\n<h5 style=\"font-weight: 400; text-align: center;\">A envangeliza\u00e7\u00e3o da cultura n\u00e3o \u00e9 tarefa exclusiva da Livraria Santa Joana. \u00c9 de todos os crist\u00e3os. E, felizmente, a Diocese de Aveiro tem organismos e servi\u00e7os que est\u00e3o a fazer um trabalho muito merit\u00f3rio neste campo. Mas \u00e0 livraria diocesana \u00e9 pedido muito concretamente que disponibilize bons livros, para alimentar a evangeliza\u00e7\u00e3o, a espiritualidade e a cultura, e bons objetos lit\u00fargicos, para ajudar crist\u00e3os e comunidades nas devo\u00e7\u00f5es particulares e nas celebra\u00e7\u00f5es lit\u00fargicas.<\/h5>\n<h5 style=\"font-weight: 400; text-align: center;\">Que a livraria diocesana fa\u00e7a chegar a mais pessoas a suas propostas e que se renove constantemente para servir os novos tempos \u2013 afinal ela integra a empresa diocesana Tempo Novo, o tempo iniciado por aquele que \u201crenova todas as coisas\u201d (Ap 21,5) \u2013, \u00e9 o que desejo, quando se abre um novo canal atrav\u00e9s desta newsletter.<\/h5>\n<h5 style=\"text-align: center;\"><img loading=\"lazy\" decoding=\"async\" class=\"size-full wp-image-16476 aligncenter\" src=\"https:\/\/diocese-aveiro.pt\/cultura\/wp-content\/uploads\/2023\/10\/Assinatura-D.-Antonio.png\" alt=\"\" width=\"300\" height=\"36\" \/><\/h5>\n<p style=\"text-align: center;\">\n","protected":false},"excerpt":{"rendered":"<p>Livros e leituras<\/p>\n","protected":false},"author":1,"featured_media":17829,"comment_status":"closed","ping_status":"closed","sticky":false,"template":"","format":"standard","meta":{"footnotes":""},"categories":[11,9],"tags":[],"class_list":["post-17828","post","type-post","status-publish","format-standard","has-post-thumbnail","hentry","category-acontece","category-programa-diocesano-de-livros-e-leituras"],"_links":{"self":[{"href":"https:\/\/diocese-aveiro.pt\/cultura\/wp-json\/wp\/v2\/posts\/17828","targetHints":{"allow":["GET"]}}],"collection":[{"href":"https:\/\/diocese-aveiro.pt\/cultura\/wp-json\/wp\/v2\/posts"}],"about":[{"href":"https:\/\/diocese-aveiro.pt\/cultura\/wp-json\/wp\/v2\/types\/post"}],"author":[{"embeddable":true,"href":"https:\/\/diocese-aveiro.pt\/cultura\/wp-json\/wp\/v2\/users\/1"}],"replies":[{"embeddable":true,"href":"https:\/\/diocese-aveiro.pt\/cultura\/wp-json\/wp\/v2\/comments?post=17828"}],"version-history":[{"count":1,"href":"https:\/\/diocese-aveiro.pt\/cultura\/wp-json\/wp\/v2\/posts\/17828\/revisions"}],"predecessor-version":[{"id":17830,"href":"https:\/\/diocese-aveiro.pt\/cultura\/wp-json\/wp\/v2\/posts\/17828\/revisions\/17830"}],"wp:featuredmedia":[{"embeddable":true,"href":"https:\/\/diocese-aveiro.pt\/cultura\/wp-json\/wp\/v2\/media\/17829"}],"wp:attachment":[{"href":"https:\/\/diocese-aveiro.pt\/cultura\/wp-json\/wp\/v2\/media?parent=17828"}],"wp:term":[{"taxonomy":"category","embeddable":true,"href":"https:\/\/diocese-aveiro.pt\/cultura\/wp-json\/wp\/v2\/categories?post=17828"},{"taxonomy":"post_tag","embeddable":true,"href":"https:\/\/diocese-aveiro.pt\/cultura\/wp-json\/wp\/v2\/tags?post=17828"}],"curies":[{"name":"wp","href":"https:\/\/api.w.org\/{rel}","templated":true}]}}