{"id":17694,"date":"2024-05-10T15:05:09","date_gmt":"2024-05-10T14:05:09","guid":{"rendered":"https:\/\/diocese-aveiro.pt\/cultura\/?p=17694"},"modified":"2024-05-10T15:09:25","modified_gmt":"2024-05-10T14:09:25","slug":"acontece-correio-do-vouga-lanca-campanha-para-novos-leitores","status":"publish","type":"post","link":"https:\/\/diocese-aveiro.pt\/cultura\/acontece-correio-do-vouga-lanca-campanha-para-novos-leitores\/","title":{"rendered":"Acontece | Encerramento do ano jubilar &#8211; Correio do Vouga lan\u00e7a \u201cCampanha para novos leitores\u201d"},"content":{"rendered":"<div style=\"text-align: justify;\"><strong>O qu\u00ea:<\/strong> <em>\u201cCampanha para novos leitores\u201d<\/em><\/div>\n<div style=\"padding-left: 80px; text-align: justify;\">O Correio do Vouga, associando-se \u00e0s atividades de encerramento do ano jubilar, oferece, <em><strong>GRATUITAMENTE, durante 3 meses, a assinatura digital.<\/strong><\/em><\/div>\n<div><\/div>\n<div style=\"text-align: justify;\"><strong>Como:<\/strong> Solicitar a assinatura digital indicando <strong>nome, morada, telefone, email e par\u00f3quia<\/strong> a que pertence, atrav\u00e9s de:<\/div>\n<div style=\"text-align: justify; padding-left: 80px;\">&#8211; 234 422 746 (Correio do Vouga)<\/div>\n<div style=\"text-align: justify; padding-left: 80px;\">&#8211;\u00a0<em><a>assinantes@correiodovouga.pt<\/a><\/em><\/div>\n<div style=\"text-align: justify; padding-left: 80px;\">&#8211; ao balc\u00e3o da Livraria Santa Joana<\/div>\n<div style=\"text-align: justify; padding-left: 80px;\">&#8211; no espa\u00e7o de informa\u00e7\u00f5es, durante o encerramento do Jubileu (Pra\u00e7a Marqu\u00eas de Pombal).<\/div>\n<div style=\"text-align: justify;\"><\/div>\n<div style=\"text-align: right;\">Esteja por dentro do que se passa na Diocese.<\/div>\n<div style=\"text-align: right;\">Leia o Correio do Vouga!<\/div>\n<div><\/div>\n","protected":false},"excerpt":{"rendered":"<p>O qu\u00ea: \u201cCampanha<\/p>\n","protected":false},"author":1,"featured_media":17695,"comment_status":"closed","ping_status":"closed","sticky":false,"template":"","format":"standard","meta":{"footnotes":""},"categories":[11,8],"tags":[],"class_list":["post-17694","post","type-post","status-publish","format-standard","has-post-thumbnail","hentry","category-acontece","category-em-cartaz"],"_links":{"self":[{"href":"https:\/\/diocese-aveiro.pt\/cultura\/wp-json\/wp\/v2\/posts\/17694","targetHints":{"allow":["GET"]}}],"collection":[{"href":"https:\/\/diocese-aveiro.pt\/cultura\/wp-json\/wp\/v2\/posts"}],"about":[{"href":"https:\/\/diocese-aveiro.pt\/cultura\/wp-json\/wp\/v2\/types\/post"}],"author":[{"embeddable":true,"href":"https:\/\/diocese-aveiro.pt\/cultura\/wp-json\/wp\/v2\/users\/1"}],"replies":[{"embeddable":true,"href":"https:\/\/diocese-aveiro.pt\/cultura\/wp-json\/wp\/v2\/comments?post=17694"}],"version-history":[{"count":3,"href":"https:\/\/diocese-aveiro.pt\/cultura\/wp-json\/wp\/v2\/posts\/17694\/revisions"}],"predecessor-version":[{"id":17698,"href":"https:\/\/diocese-aveiro.pt\/cultura\/wp-json\/wp\/v2\/posts\/17694\/revisions\/17698"}],"wp:featuredmedia":[{"embeddable":true,"href":"https:\/\/diocese-aveiro.pt\/cultura\/wp-json\/wp\/v2\/media\/17695"}],"wp:attachment":[{"href":"https:\/\/diocese-aveiro.pt\/cultura\/wp-json\/wp\/v2\/media?parent=17694"}],"wp:term":[{"taxonomy":"category","embeddable":true,"href":"https:\/\/diocese-aveiro.pt\/cultura\/wp-json\/wp\/v2\/categories?post=17694"},{"taxonomy":"post_tag","embeddable":true,"href":"https:\/\/diocese-aveiro.pt\/cultura\/wp-json\/wp\/v2\/tags?post=17694"}],"curies":[{"name":"wp","href":"https:\/\/api.w.org\/{rel}","templated":true}]}}