{"id":17691,"date":"2024-05-10T14:55:17","date_gmt":"2024-05-10T13:55:17","guid":{"rendered":"https:\/\/diocese-aveiro.pt\/cultura\/?p=17691"},"modified":"2024-05-10T14:56:46","modified_gmt":"2024-05-10T13:56:46","slug":"acontece-atividade-subordinada-ao-tema-emancipacao-jovem-no-ambito-da-campanha-nacional-da-joc","status":"publish","type":"post","link":"https:\/\/diocese-aveiro.pt\/cultura\/acontece-atividade-subordinada-ao-tema-emancipacao-jovem-no-ambito-da-campanha-nacional-da-joc\/","title":{"rendered":"Acontece | Atividade subordinada ao tema: &#8220;Emancipa\u00e7\u00e3o jovem&#8221;, no \u00e2mbito da campanha nacional da JOC"},"content":{"rendered":"<p><strong>O qu\u00ea:<\/strong> Atividade subordinada ao tema: &#8220;Emancipa\u00e7\u00e3o jovem&#8221;, no \u00e2mbito da campanha nacional da JOC<\/p>\n<p><strong>Quando:<\/strong> dia 10 de maio de 2024 | 21.00h.<\/p>\n<p><strong>Onde:<\/strong> Sal\u00e3o paroquial de Cacia<\/p>\n<p><strong>Organiza\u00e7\u00e3o:<\/strong> Juventude Oper\u00e1ria Cat\u00f3lica (JOC)<\/p>\n","protected":false},"excerpt":{"rendered":"<p>O qu\u00ea: Atividade<\/p>\n","protected":false},"author":1,"featured_media":17692,"comment_status":"closed","ping_status":"closed","sticky":false,"template":"","format":"standard","meta":{"footnotes":""},"categories":[11,8],"tags":[],"class_list":["post-17691","post","type-post","status-publish","format-standard","has-post-thumbnail","hentry","category-acontece","category-em-cartaz"],"_links":{"self":[{"href":"https:\/\/diocese-aveiro.pt\/cultura\/wp-json\/wp\/v2\/posts\/17691","targetHints":{"allow":["GET"]}}],"collection":[{"href":"https:\/\/diocese-aveiro.pt\/cultura\/wp-json\/wp\/v2\/posts"}],"about":[{"href":"https:\/\/diocese-aveiro.pt\/cultura\/wp-json\/wp\/v2\/types\/post"}],"author":[{"embeddable":true,"href":"https:\/\/diocese-aveiro.pt\/cultura\/wp-json\/wp\/v2\/users\/1"}],"replies":[{"embeddable":true,"href":"https:\/\/diocese-aveiro.pt\/cultura\/wp-json\/wp\/v2\/comments?post=17691"}],"version-history":[{"count":1,"href":"https:\/\/diocese-aveiro.pt\/cultura\/wp-json\/wp\/v2\/posts\/17691\/revisions"}],"predecessor-version":[{"id":17693,"href":"https:\/\/diocese-aveiro.pt\/cultura\/wp-json\/wp\/v2\/posts\/17691\/revisions\/17693"}],"wp:featuredmedia":[{"embeddable":true,"href":"https:\/\/diocese-aveiro.pt\/cultura\/wp-json\/wp\/v2\/media\/17692"}],"wp:attachment":[{"href":"https:\/\/diocese-aveiro.pt\/cultura\/wp-json\/wp\/v2\/media?parent=17691"}],"wp:term":[{"taxonomy":"category","embeddable":true,"href":"https:\/\/diocese-aveiro.pt\/cultura\/wp-json\/wp\/v2\/categories?post=17691"},{"taxonomy":"post_tag","embeddable":true,"href":"https:\/\/diocese-aveiro.pt\/cultura\/wp-json\/wp\/v2\/tags?post=17691"}],"curies":[{"name":"wp","href":"https:\/\/api.w.org\/{rel}","templated":true}]}}