{"id":17686,"date":"2024-05-08T15:17:33","date_gmt":"2024-05-08T14:17:33","guid":{"rendered":"https:\/\/diocese-aveiro.pt\/cultura\/?p=17686"},"modified":"2024-05-08T15:17:33","modified_gmt":"2024-05-08T14:17:33","slug":"quiz-teste-a-sua-cultura-religiosa-307","status":"publish","type":"post","link":"https:\/\/diocese-aveiro.pt\/cultura\/quiz-teste-a-sua-cultura-religiosa-307\/","title":{"rendered":"Quiz | Teste a sua cultura religiosa 307"},"content":{"rendered":"<h3 style=\"text-align: center;\">COMO EST\u00c1 A SUA CULTURA RELIGIOSA?<\/h3>\n<h6 style=\"text-align: center;\">(Uma parceria com o <a href=\"https:\/\/diocese-aveiro.pt\/cv\/\" target=\"_blank\" rel=\"noopener\">Correio do Vouga<\/a>)<\/h6>\n<p style=\"text-align: center;\">Carregue na imagem abaixo e responda ao <em>quiz<\/em><\/p>\n<p><a href=\"https:\/\/forms.gle\/dGUC6cDSGNS2KBuD7\" target=\"_blank\" rel=\"noopener\"><img loading=\"lazy\" decoding=\"async\" class=\"wp-image-17688 aligncenter\" src=\"https:\/\/diocese-aveiro.pt\/cultura\/wp-content\/uploads\/2024\/05\/Melozzo_da_forli_angeli_coi_simboli_della_passione_.jpg\" alt=\"\" width=\"307\" height=\"237\" srcset=\"https:\/\/diocese-aveiro.pt\/cultura\/wp-content\/uploads\/2024\/05\/Melozzo_da_forli_angeli_coi_simboli_della_passione_.jpg 800w, https:\/\/diocese-aveiro.pt\/cultura\/wp-content\/uploads\/2024\/05\/Melozzo_da_forli_angeli_coi_simboli_della_passione_-300x231.jpg 300w, https:\/\/diocese-aveiro.pt\/cultura\/wp-content\/uploads\/2024\/05\/Melozzo_da_forli_angeli_coi_simboli_della_passione_-768x591.jpg 768w, https:\/\/diocese-aveiro.pt\/cultura\/wp-content\/uploads\/2024\/05\/Melozzo_da_forli_angeli_coi_simboli_della_passione_-600x462.jpg 600w\" sizes=\"auto, (max-width: 307px) 100vw, 307px\" \/><\/a><\/p>\n<hr \/>\n<p style=\"text-align: right;\">Pintura de Isa\u00edas na Sacristia de S\u00e3o Marcos, no Santu\u00e1rio da Santa Casa de Loreto | Melozzo da Forl\u00ec [1477]<\/p>\n","protected":false},"excerpt":{"rendered":"<p>COMO EST\u00c1 A<\/p>\n","protected":false},"author":1,"featured_media":17688,"comment_status":"closed","ping_status":"closed","sticky":false,"template":"","format":"standard","meta":{"footnotes":""},"categories":[83],"tags":[],"class_list":["post-17686","post","type-post","status-publish","format-standard","has-post-thumbnail","hentry","category-o-que-sabe"],"_links":{"self":[{"href":"https:\/\/diocese-aveiro.pt\/cultura\/wp-json\/wp\/v2\/posts\/17686","targetHints":{"allow":["GET"]}}],"collection":[{"href":"https:\/\/diocese-aveiro.pt\/cultura\/wp-json\/wp\/v2\/posts"}],"about":[{"href":"https:\/\/diocese-aveiro.pt\/cultura\/wp-json\/wp\/v2\/types\/post"}],"author":[{"embeddable":true,"href":"https:\/\/diocese-aveiro.pt\/cultura\/wp-json\/wp\/v2\/users\/1"}],"replies":[{"embeddable":true,"href":"https:\/\/diocese-aveiro.pt\/cultura\/wp-json\/wp\/v2\/comments?post=17686"}],"version-history":[{"count":1,"href":"https:\/\/diocese-aveiro.pt\/cultura\/wp-json\/wp\/v2\/posts\/17686\/revisions"}],"predecessor-version":[{"id":17689,"href":"https:\/\/diocese-aveiro.pt\/cultura\/wp-json\/wp\/v2\/posts\/17686\/revisions\/17689"}],"wp:featuredmedia":[{"embeddable":true,"href":"https:\/\/diocese-aveiro.pt\/cultura\/wp-json\/wp\/v2\/media\/17688"}],"wp:attachment":[{"href":"https:\/\/diocese-aveiro.pt\/cultura\/wp-json\/wp\/v2\/media?parent=17686"}],"wp:term":[{"taxonomy":"category","embeddable":true,"href":"https:\/\/diocese-aveiro.pt\/cultura\/wp-json\/wp\/v2\/categories?post=17686"},{"taxonomy":"post_tag","embeddable":true,"href":"https:\/\/diocese-aveiro.pt\/cultura\/wp-json\/wp\/v2\/tags?post=17686"}],"curies":[{"name":"wp","href":"https:\/\/api.w.org\/{rel}","templated":true}]}}