{"id":17130,"date":"2024-10-11T07:00:00","date_gmt":"2024-10-11T06:00:00","guid":{"rendered":"https:\/\/diocese-aveiro.pt\/cultura\/?p=17130"},"modified":"2024-01-26T16:07:25","modified_gmt":"2024-01-26T16:07:25","slug":"aveirenses-no-episcopado-17-d-manuel-maria-ferreira-da-silva-nascido-em-pardilho-estarreja","status":"publish","type":"post","link":"https:\/\/diocese-aveiro.pt\/cultura\/aveirenses-no-episcopado-17-d-manuel-maria-ferreira-da-silva-nascido-em-pardilho-estarreja\/","title":{"rendered":"Aveirenses no Episcopado | 17 | D. Manuel Maria Ferreira da Silva &#8211; nascido em Pardilh\u00f3 (Estarreja)"},"content":{"rendered":"<h4 style=\"text-align: right;\">Aveirenses no Episcopado<\/h4>\n<h6 style=\"text-align: right; padding-left: 200px;\">Rubrica dedicada \u00e0 divulga\u00e7\u00e3o da hist\u00f3ria de bispos nascidos no territ\u00f3rio da diocese de Aveiro, nas suas duas fases: entre 1774 e 1882 &#8211; 1.\u00aa fase | depois de 1938 &#8211; 2.\u00aa fase<\/h6>\n<h6 style=\"text-align: right; padding-left: 200px;\">Textos da autoria de Monsenhor Jo\u00e3o Gon\u00e7alves Gaspar, recolhidos do livro\u00a0<a href=\"https:\/\/bibliografia.bnportugal.gov.pt\/bnp\/bnp.exe\/registo?1877362\" target=\"_blank\" rel=\"noopener\"><em>Diocese de Aveiro: subs\u00eddios para a sua hist\u00f3ria<\/em>, Aveiro: Edi\u00e7\u00e3o da Diocese de Aveiro, 2014.<\/a><\/h6>\n<p style=\"text-align: center;\">Textos publicados nos dias 24 e 11 de cada m\u00eas | A diocese de Aveiro foi restaurada em 1938, com bula do Papa Pio XI, datada de 24 de agosto desse ano, e executada em 11 de dezembro.<\/p>\n<hr \/>\n<h3 style=\"text-align: center;\">Jo\u00e3o Gon\u00e7alves Gaspar (Monsenhor)*<\/h3>\n<p>&nbsp;<\/p>\n<p style=\"text-align: center;\"><strong>D. Manuel Maria Ferreira da Silva<\/strong><\/p>\n<p style=\"text-align: justify;\">D. Manuel Maria Ferreira da Silva nasceu na vila de Pardilh\u00f3, do concelho de Estarreja, em 02 de agosto de 1888. Ap\u00f3s os estudos preparat\u00f3rios no semin\u00e1rio dos Carvalhos e de teologia no semin\u00e1rio da s\u00e9 (Porto), em outubro de 1909 foi admitido na Pontif\u00edcia Universidade Gregoriana, em Roma, onde em 1912 alcan\u00e7ou o doutoramento em filosofia, continuando na cadeira do direito can\u00f3nico que n\u00e3o terminou por motivos de sa\u00fade. Pertenceu ao clero da diocese do Porto, onde exerceu os cargos de prefeito e professor no semin\u00e1rio da s\u00e9, c\u00f3nego em junho de 1927 e, pouco depois, p\u00e1roco da freguesia da s\u00e9. Nomeado bispo titular de Gurza e auxiliar da arquidiocese de Goa pelo papa Pio XI em 06 de novembro de 1931, recebeu o sacramento da ordem episcopal em 29 de junho seguinte, na catedral do Porto. Em 06 de janeiro de 1940, o papa Pio XII escolheu-o para o m\u00fanus de superior-geral da Sociedade Portuguesa das Miss\u00f5es Cat\u00f3licas Ultramarinas. Em 29 de maio de 1949, sendo-lhe conferido o t\u00edtulo de arcebispo de C\u00edzico, foi nomeado presidente nacional das Obras Mission\u00e1rias Pontif\u00edcias, com resid\u00eancia em Lisboa. Faleceu em Pardilh\u00f3, no dia 20 de setembro de 1974, sendo os seus restos mortais sepultados no cemit\u00e9rio local.<\/p>\n<hr \/>\n<p style=\"text-align: right;\"><strong>* Academia Portuguesa da Hist\u00f3ria<\/strong><\/p>\n<hr \/>\n<p style=\"text-align: right;\">\n","protected":false},"excerpt":{"rendered":"<p>Aveirenses no Episcopado<\/p>\n","protected":false},"author":1,"featured_media":14162,"comment_status":"closed","ping_status":"closed","sticky":false,"template":"","format":"standard","meta":{"footnotes":""},"categories":[204,205,201],"tags":[],"class_list":["post-17130","post","type-post","status-publish","format-standard","has-post-thumbnail","hentry","category-aveirenses-no-episcopado","category-joao-goncalves-gaspar-monsenhor","category-jubileu-da-catedral"],"_links":{"self":[{"href":"https:\/\/diocese-aveiro.pt\/cultura\/wp-json\/wp\/v2\/posts\/17130","targetHints":{"allow":["GET"]}}],"collection":[{"href":"https:\/\/diocese-aveiro.pt\/cultura\/wp-json\/wp\/v2\/posts"}],"about":[{"href":"https:\/\/diocese-aveiro.pt\/cultura\/wp-json\/wp\/v2\/types\/post"}],"author":[{"embeddable":true,"href":"https:\/\/diocese-aveiro.pt\/cultura\/wp-json\/wp\/v2\/users\/1"}],"replies":[{"embeddable":true,"href":"https:\/\/diocese-aveiro.pt\/cultura\/wp-json\/wp\/v2\/comments?post=17130"}],"version-history":[{"count":1,"href":"https:\/\/diocese-aveiro.pt\/cultura\/wp-json\/wp\/v2\/posts\/17130\/revisions"}],"predecessor-version":[{"id":17132,"href":"https:\/\/diocese-aveiro.pt\/cultura\/wp-json\/wp\/v2\/posts\/17130\/revisions\/17132"}],"wp:featuredmedia":[{"embeddable":true,"href":"https:\/\/diocese-aveiro.pt\/cultura\/wp-json\/wp\/v2\/media\/14162"}],"wp:attachment":[{"href":"https:\/\/diocese-aveiro.pt\/cultura\/wp-json\/wp\/v2\/media?parent=17130"}],"wp:term":[{"taxonomy":"category","embeddable":true,"href":"https:\/\/diocese-aveiro.pt\/cultura\/wp-json\/wp\/v2\/categories?post=17130"},{"taxonomy":"post_tag","embeddable":true,"href":"https:\/\/diocese-aveiro.pt\/cultura\/wp-json\/wp\/v2\/tags?post=17130"}],"curies":[{"name":"wp","href":"https:\/\/api.w.org\/{rel}","templated":true}]}}