{"id":16972,"date":"2024-01-12T10:38:27","date_gmt":"2024-01-12T10:38:27","guid":{"rendered":"https:\/\/diocese-aveiro.pt\/cultura\/?p=16972"},"modified":"2024-01-12T10:38:34","modified_gmt":"2024-01-12T10:38:34","slug":"livros-e-leituras-livro-de-luis-vasconcelos-comecar-de-novo","status":"publish","type":"post","link":"https:\/\/diocese-aveiro.pt\/cultura\/livros-e-leituras-livro-de-luis-vasconcelos-comecar-de-novo\/","title":{"rendered":"Livros e leituras | Livro de Lu\u00eds Vasconcelos &#8211; &#8216;Come\u00e7ar de novo&#8217;"},"content":{"rendered":"<h3 style=\"text-align: center;\">A Comiss\u00e3o Diocesana da Cultura | Aveiro recomenda este livro de Lu\u00eds Vasconcelos, um autor que &#8216;v\u00ea&#8217; para al\u00e9m do que os olhos permitiriam&#8230;<\/h3>\n<h6 style=\"text-align: right;\">Lu\u00eds Vasconcelos, <em>Come\u00e7ar de novo<\/em>, Lisboa, Editora Infinita, 2023.<\/h6>\n<h6 style=\"text-align: right;\">(<a href=\"https:\/\/www.facebook.com\/luisamaralvasconcelos\/\" target=\"_blank\" rel=\"noopener\">P\u00e1gina do autor, Lu\u00eds Vasconcelos<\/a>)<\/h6>\n<hr \/>\n<h4>O autor a dizer-se&#8230;<\/h4>\n<p style=\"padding-left: 40px; text-align: justify;\">Chamo-me Lu\u00eds Vasconcelos. Tenho 56 anos e sou natural de Viseu, uma cidade hist\u00f3rica no interior de Portugal.<\/p>\n<p style=\"padding-left: 40px; text-align: justify;\">Fiquei cego h\u00e1 cerca duma d\u00fazia de anos atr\u00e1s.<\/p>\n<p style=\"padding-left: 40px; text-align: justify;\">Descobri ent\u00e3o a paix\u00e3o pela escrita como forma de expressar sentimentos e emo\u00e7\u00f5es, bem como expulsar certos dem\u00f3nios que me inquietam.<\/p>\n<p style=\"padding-left: 40px; text-align: justify;\">Neste livro narro hist\u00f3rias reais, viv\u00eancias, experi\u00eancias, reflex\u00f5es acerca da minha intera\u00e7\u00e3o com o mundo que me rodeia nem sempre pacifica.<\/p>\n<p style=\"padding-left: 40px; text-align: justify;\">Desafios de resili\u00eancia e supera\u00e7\u00e3o que a vida me tem proposto, deixando-me sem escolha a n\u00e3o ser lutar.<\/p>\n<p style=\"padding-left: 40px; text-align: justify;\">Talvez as minhas partilhas possam ser inspiradoras para alguns de v\u00f3s.<\/p>\n<p style=\"padding-left: 40px; text-align: justify;\">Afinal somos todos mais pr\u00f3ximos do que nem sempre logramos reconhecer.<\/p>\n<p style=\"padding-left: 40px; text-align: justify;\">Uma s\u00f3 ra\u00e7a, a humana, multifacetada em v\u00e1rias l\u00ednguas, cores, culturas, ideologias, mas unida num mesmo prop\u00f3sito: resistir sempre a tudo e todos que nos tentam fazer crer que somos presente sem futuro,, cinzas de sonhos ardidos, cad\u00e1veres vivos assombrados por uma alma perdida da rota da f\u00e9, da esperan\u00e7a e do amor.<\/p>\n<p style=\"text-align: center; padding-left: 40px;\"><em>Lu\u00eds Vasconcelos<\/em><\/p>\n<hr \/>\n<h4>O livro, apresentado pelo autor&#8230;<\/h4>\n<p style=\"text-align: justify; padding-left: 40px;\">Se j\u00e1 passou pela traum\u00e1tica experi\u00eancia de perder os que mais ama duma forma tr\u00e1gica e brusca, ent\u00e3o vai rever-se na minha hist\u00f3ria de vida!<\/p>\n<p style=\"text-align: justify; padding-left: 40px;\">Se foi alguma vez v\u00edtima dum bullying deplor\u00e1vel e covarde, ent\u00e3o vai perceber o que senti!<\/p>\n<p style=\"text-align: justify; padding-left: 40px;\">Se quer saber como \u00e9 aprender a viver num mundo da cegueira depois de quase toda uma vida passada a ver o mundo, entre nas p\u00e1ginas do meu livro!<\/p>\n<p style=\"text-align: justify; padding-left: 40px;\">Se j\u00e1 mergulhou numa depress\u00e3o profunda, perdendo por completo a alegria e vontade de viver, sentindo-se sem ch\u00e3o e sem rumo na vida, eu tamb\u00e9m estive l\u00e1!<\/p>\n<p style=\"text-align: justify; padding-left: 40px;\">Se j\u00e1 se sentiu vazio, s\u00f3, sem porto de abrigo, desamparado, nada lhe parecendo fazer sentido, eu sei como isso \u00e9, senti-o na pele!<\/p>\n<p style=\"text-align: justify; padding-left: 40px;\">Se j\u00e1 sofreu um ataque de p\u00e2nico, a horr\u00edvel sensa\u00e7\u00e3o de estar \u00e0 beira dum abismo, irremediavelmente perdido, e sentiu o sinistro ARREPIO da Morte, acredite, sei como \u00e9!<\/p>\n<p style=\"text-align: justify; padding-left: 40px;\">Se padece dum transtorno obsessivo compulsivo vive ou viveu enclausurado numa pris\u00e3o de fobias, supersti\u00e7\u00f5es, v\u00edcios, comportamentos obsessivos e rituais doentios, bem-vindo porque esse tem sido o estranho mundo em que tenho vivido h\u00e1 anos!<\/p>\n<p style=\"text-align: justify; padding-left: 40px;\">Se j\u00e1 foi t\u00e3o obcecado pelo seu corpo inteiramente dominado por h\u00e1bitos anor\u00e9ticos ao ponto de ser internado num hospital com trinta e poucos Kgs de peso, uma temperatura corporal inferior a 23 graus inconsciente, desnutrido, desidratado, hipot\u00e9rmico, quase um cad\u00e1ver vivo, sabe bem do que falo. Se sobreviveu, voltar a repetir \u00e9 suic\u00eddio, entrar numa viagem sem regresso!<\/p>\n<p style=\"text-align: justify; padding-left: 40px;\">Se quer saber como se vive num manic\u00f3mio a que pomposamente designam de \u201chospital psiqui\u00e1trico\u201d, eu sei, j\u00e1 passei por l\u00e1!<\/p>\n<p style=\"text-align: justify; padding-left: 40px;\">Se quer saber como se vive num cemit\u00e9rio de gente viva a que pomposamente designam de \u201cLar de idosos\u201d, eu sei, vivi num!<\/p>\n<p style=\"text-align: justify; padding-left: 40px;\">Como consegui dar a volta \u00e0 vida sempre que esta me deu a volta a mim?<\/p>\n<p style=\"text-align: justify; padding-left: 40px;\">A resposta est\u00e1 neste livro que escrevi pensando em si, caro leitor!<\/p>\n<p style=\"text-align: justify; padding-left: 40px;\">D\u00ea-me um pouco de tempo e espa\u00e7o na sua vida, permitindo que partilhe um pouco da minha atrav\u00e9s destas p\u00e1ginas que escrevi.<\/p>\n<p style=\"text-align: justify; padding-left: 40px;\">Boa leitura!<\/p>\n<p style=\"text-align: justify;\">\n","protected":false},"excerpt":{"rendered":"<p>A Comiss\u00e3o Diocesana<\/p>\n","protected":false},"author":1,"featured_media":16973,"comment_status":"closed","ping_status":"closed","sticky":false,"template":"","format":"standard","meta":{"footnotes":""},"categories":[11,9],"tags":[],"class_list":["post-16972","post","type-post","status-publish","format-standard","has-post-thumbnail","hentry","category-acontece","category-programa-diocesano-de-livros-e-leituras"],"_links":{"self":[{"href":"https:\/\/diocese-aveiro.pt\/cultura\/wp-json\/wp\/v2\/posts\/16972","targetHints":{"allow":["GET"]}}],"collection":[{"href":"https:\/\/diocese-aveiro.pt\/cultura\/wp-json\/wp\/v2\/posts"}],"about":[{"href":"https:\/\/diocese-aveiro.pt\/cultura\/wp-json\/wp\/v2\/types\/post"}],"author":[{"embeddable":true,"href":"https:\/\/diocese-aveiro.pt\/cultura\/wp-json\/wp\/v2\/users\/1"}],"replies":[{"embeddable":true,"href":"https:\/\/diocese-aveiro.pt\/cultura\/wp-json\/wp\/v2\/comments?post=16972"}],"version-history":[{"count":1,"href":"https:\/\/diocese-aveiro.pt\/cultura\/wp-json\/wp\/v2\/posts\/16972\/revisions"}],"predecessor-version":[{"id":16974,"href":"https:\/\/diocese-aveiro.pt\/cultura\/wp-json\/wp\/v2\/posts\/16972\/revisions\/16974"}],"wp:featuredmedia":[{"embeddable":true,"href":"https:\/\/diocese-aveiro.pt\/cultura\/wp-json\/wp\/v2\/media\/16973"}],"wp:attachment":[{"href":"https:\/\/diocese-aveiro.pt\/cultura\/wp-json\/wp\/v2\/media?parent=16972"}],"wp:term":[{"taxonomy":"category","embeddable":true,"href":"https:\/\/diocese-aveiro.pt\/cultura\/wp-json\/wp\/v2\/categories?post=16972"},{"taxonomy":"post_tag","embeddable":true,"href":"https:\/\/diocese-aveiro.pt\/cultura\/wp-json\/wp\/v2\/tags?post=16972"}],"curies":[{"name":"wp","href":"https:\/\/api.w.org\/{rel}","templated":true}]}}