{"id":16929,"date":"2024-06-16T07:00:12","date_gmt":"2024-06-16T06:00:12","guid":{"rendered":"https:\/\/diocese-aveiro.pt\/cultura\/?p=16929"},"modified":"2024-06-17T14:02:02","modified_gmt":"2024-06-17T13:02:02","slug":"poesia-eterna-luz-na-noite-escura-lvi-caminhar-sempre","status":"publish","type":"post","link":"https:\/\/diocese-aveiro.pt\/cultura\/poesia-eterna-luz-na-noite-escura-lvi-caminhar-sempre\/","title":{"rendered":"Poesia eterna &#8211; luz na noite escura | [LVI] | CAMINHAR SEMPRE"},"content":{"rendered":"<h4 style=\"text-align: right;\"><em><strong>Poesia Eterna &#8211; Luz na noite escura<\/strong><\/em><\/h4>\n<p style=\"text-align: right;\">(Recanto de po\u00e9tica dedicado \u00e0 obra de S. Jo\u00e3o da Cruz)<\/p>\n<h6 style=\"text-align: right;\">Parceria com o <a href=\"https:\/\/carmeloaveiro.carmelitas.pt\/\" target=\"_blank\" rel=\"noopener\">Carmelo de Cristo Redentor &#8211; Aveiro<\/a><\/h6>\n<hr \/>\n<h2 style=\"text-align: center;\">Caminhar sempre*<\/h2>\n<p style=\"text-align: center;\"><em>Neste caminho<\/em><\/p>\n<p style=\"text-align: center;\"><em>\u00e9 preciso caminhar sempre para chegar,<\/em><\/p>\n<p style=\"text-align: center;\"><em>ou seja ir sempre suprimindo quereres,<\/em><\/p>\n<p style=\"text-align: center;\"><em>e n\u00e3o os sustentar.<\/em><\/p>\n<p style=\"text-align: center;\"><em>E, se n\u00e3o se chega a suprimi-los a todos,<\/em><\/p>\n<p style=\"text-align: center;\"><em>n\u00e3o se acaba de chegar.<\/em><\/p>\n<p style=\"text-align: center;\"><em>Porque assim como a madeira<\/em><\/p>\n<p style=\"text-align: center;\"><em>se n\u00e3o transforma em fogo<\/em><\/p>\n<p style=\"text-align: center;\"><em>por um s\u00f3 grau de calor<\/em><\/p>\n<p style=\"text-align: center;\"><em>que falte na sua disposi\u00e7\u00e3o,<\/em><\/p>\n<p style=\"text-align: center;\"><em>assim a alma n\u00e3o se transformar\u00e1 em Deus<\/em><\/p>\n<p style=\"text-align: center;\"><em>tendo uma imperfei\u00e7\u00e3o,<\/em><\/p>\n<p style=\"text-align: center;\"><em>nem que seja ainda menos que apetite volunt\u00e1rio;<\/em><\/p>\n<p style=\"text-align: center;\"><em>porque a alma n\u00e3o tem mais que uma vontade,<\/em><\/p>\n<p style=\"text-align: center;\"><em>e se a embara\u00e7a e emprega em algo,<\/em><\/p>\n<p style=\"text-align: center;\"><em>n\u00e3o fica livre, s\u00f3 e pura,<\/em><\/p>\n<p style=\"text-align: center;\"><em>como se requer para a divina transforma\u00e7\u00e3o.<\/em><\/p>\n<p style=\"text-align: right;\">*S 1, 11, 6 in Eulogio Pacho, <em>As mais belas p\u00e1ginas de S. Jo\u00e3o da Cruz<\/em>, Edi\u00e7\u00f5es Carmelo, Avessadas p. 88.<\/p>\n<hr \/>\n<p style=\"text-align: right;\">Imagem de\u00a0<a href=\"https:\/\/pixabay.com\/pt\/users\/blackout_photography-510727\/?utm_source=link-attribution&amp;utm_medium=referral&amp;utm_campaign=image&amp;utm_content=2502408\">Miriam M\u00fcller<\/a>\u00a0por\u00a0<a href=\"https:\/\/pixabay.com\/pt\/\/?utm_source=link-attribution&amp;utm_medium=referral&amp;utm_campaign=image&amp;utm_content=2502408\">Pixabay<\/a><\/p>\n<p>&nbsp;<\/p>\n","protected":false},"excerpt":{"rendered":"<p>Poesia Eterna &#8211;<\/p>\n","protected":false},"author":1,"featured_media":17989,"comment_status":"closed","ping_status":"closed","sticky":false,"template":"","format":"standard","meta":{"footnotes":""},"categories":[178],"tags":[],"class_list":["post-16929","post","type-post","status-publish","format-standard","has-post-thumbnail","hentry","category-poesia-eterna-luz-na-noite-escura"],"_links":{"self":[{"href":"https:\/\/diocese-aveiro.pt\/cultura\/wp-json\/wp\/v2\/posts\/16929","targetHints":{"allow":["GET"]}}],"collection":[{"href":"https:\/\/diocese-aveiro.pt\/cultura\/wp-json\/wp\/v2\/posts"}],"about":[{"href":"https:\/\/diocese-aveiro.pt\/cultura\/wp-json\/wp\/v2\/types\/post"}],"author":[{"embeddable":true,"href":"https:\/\/diocese-aveiro.pt\/cultura\/wp-json\/wp\/v2\/users\/1"}],"replies":[{"embeddable":true,"href":"https:\/\/diocese-aveiro.pt\/cultura\/wp-json\/wp\/v2\/comments?post=16929"}],"version-history":[{"count":3,"href":"https:\/\/diocese-aveiro.pt\/cultura\/wp-json\/wp\/v2\/posts\/16929\/revisions"}],"predecessor-version":[{"id":17990,"href":"https:\/\/diocese-aveiro.pt\/cultura\/wp-json\/wp\/v2\/posts\/16929\/revisions\/17990"}],"wp:featuredmedia":[{"embeddable":true,"href":"https:\/\/diocese-aveiro.pt\/cultura\/wp-json\/wp\/v2\/media\/17989"}],"wp:attachment":[{"href":"https:\/\/diocese-aveiro.pt\/cultura\/wp-json\/wp\/v2\/media?parent=16929"}],"wp:term":[{"taxonomy":"category","embeddable":true,"href":"https:\/\/diocese-aveiro.pt\/cultura\/wp-json\/wp\/v2\/categories?post=16929"},{"taxonomy":"post_tag","embeddable":true,"href":"https:\/\/diocese-aveiro.pt\/cultura\/wp-json\/wp\/v2\/tags?post=16929"}],"curies":[{"name":"wp","href":"https:\/\/api.w.org\/{rel}","templated":true}]}}