{"id":16928,"date":"2024-06-02T07:00:57","date_gmt":"2024-06-02T06:00:57","guid":{"rendered":"https:\/\/diocese-aveiro.pt\/cultura\/?p=16928"},"modified":"2024-01-06T20:25:49","modified_gmt":"2024-01-06T20:25:49","slug":"poesia-eterna-luz-na-noite-escura-lv-abandonar-o-proprio-caminho","status":"publish","type":"post","link":"https:\/\/diocese-aveiro.pt\/cultura\/poesia-eterna-luz-na-noite-escura-lv-abandonar-o-proprio-caminho\/","title":{"rendered":"Poesia eterna &#8211; luz na noite escura | [LV] | ABANDONAR O PR\u00d3PRIO CAMINHO"},"content":{"rendered":"<h4 style=\"text-align: right;\"><em><strong>Poesia Eterna &#8211; Luz na noite escura<\/strong><\/em><\/h4>\n<p style=\"text-align: right;\">(Recanto de po\u00e9tica dedicado \u00e0 obra de S. Jo\u00e3o da Cruz)<\/p>\n<h6 style=\"text-align: right;\">Parceria com o <a href=\"https:\/\/carmeloaveiro.carmelitas.pt\/\" target=\"_blank\" rel=\"noopener\">Carmelo de Cristo Redentor &#8211; Aveiro<\/a><\/h6>\n<hr \/>\n<h2 style=\"text-align: center;\">Abandonar o pr\u00f3prio caminho*<\/h2>\n<p style=\"text-align: center;\"><em>Portanto, neste caminho<\/em><\/p>\n<p style=\"text-align: center;\"><em>o entrar em caminho \u00e9 deixar o seu caminho,<\/em><\/p>\n<p style=\"text-align: center;\"><em>ou, para melhor dizer, \u00e9 passar ao termo;<\/em><\/p>\n<p style=\"text-align: center;\"><em>e deixar o seu modo,<\/em><\/p>\n<p style=\"text-align: center;\"><em>\u00e9 entrar no que n\u00e3o tem modo,<\/em><\/p>\n<p style=\"text-align: center;\"><em>que \u00e9 Deus;<\/em><\/p>\n<p style=\"text-align: center;\"><em>porque a alma que chega a este estado,<\/em><\/p>\n<p style=\"text-align: center;\"><em>j\u00e1 n\u00e3o tem modo nem maneiras,<\/em><\/p>\n<p style=\"text-align: center;\"><em>nem menos se prende ou pode prender a eles.<\/em><\/p>\n<p style=\"text-align: center;\"><em>Digo modos de entender,<\/em><\/p>\n<p style=\"text-align: center;\"><em>nem de gostar,<\/em><\/p>\n<p style=\"text-align: center;\"><em>nem de sentir,<\/em><\/p>\n<p style=\"text-align: center;\"><em>embora em si encerra todos os modos,<\/em><\/p>\n<p style=\"text-align: center;\"><em>ao modo do que nada tem<\/em><\/p>\n<p style=\"text-align: center;\"><em>e tudo tem;<\/em><\/p>\n<p style=\"text-align: center;\"><em>porque, tendo \u00e2nimo para passar<\/em><\/p>\n<p style=\"text-align: center;\"><em>do seu limitado natural<\/em><\/p>\n<p style=\"text-align: center;\"><em>interior e exteriormente,<\/em><\/p>\n<p style=\"text-align: center;\"><em>entra no limite sobrenatural,<\/em><\/p>\n<p style=\"text-align: center;\"><em>que n\u00e3o tem modo algum,<\/em><\/p>\n<p style=\"text-align: center;\"><em>tendo em subst\u00e2ncia todos os modos.<\/em><\/p>\n<p style=\"text-align: center;\"><em>Donde, o chegar aqui \u00e9 sair dali,<\/em><\/p>\n<p style=\"text-align: center;\"><em>e daqui e dali saindo para muito longe de si,<\/em><\/p>\n<p style=\"text-align: center;\"><em>do baixo para isto sobre todo o alto.<\/em><\/p>\n<p style=\"text-align: right;\">*S 2, 4, 5 in Eulogio Pacho, <em>As mais belas p\u00e1ginas de S. Jo\u00e3o da Cruz<\/em>, Edi\u00e7\u00f5es Carmelo, Avessadas p. 87.<\/p>\n<hr \/>\n<p style=\"text-align: right;\">Imagem de\u00a0<a href=\"https:\/\/pixabay.com\/pt\/users\/pexels-2286921\/?utm_source=link-attribution&amp;utm_medium=referral&amp;utm_campaign=image&amp;utm_content=1868256\">Pexels<\/a>\u00a0por\u00a0<a href=\"https:\/\/pixabay.com\/pt\/\/?utm_source=link-attribution&amp;utm_medium=referral&amp;utm_campaign=image&amp;utm_content=1868256\">Pixabay<\/a><\/p>\n","protected":false},"excerpt":{"rendered":"<p>Poesia Eterna &#8211;<\/p>\n","protected":false},"author":1,"featured_media":16947,"comment_status":"closed","ping_status":"closed","sticky":false,"template":"","format":"standard","meta":{"footnotes":""},"categories":[178],"tags":[],"class_list":["post-16928","post","type-post","status-publish","format-standard","has-post-thumbnail","hentry","category-poesia-eterna-luz-na-noite-escura"],"_links":{"self":[{"href":"https:\/\/diocese-aveiro.pt\/cultura\/wp-json\/wp\/v2\/posts\/16928","targetHints":{"allow":["GET"]}}],"collection":[{"href":"https:\/\/diocese-aveiro.pt\/cultura\/wp-json\/wp\/v2\/posts"}],"about":[{"href":"https:\/\/diocese-aveiro.pt\/cultura\/wp-json\/wp\/v2\/types\/post"}],"author":[{"embeddable":true,"href":"https:\/\/diocese-aveiro.pt\/cultura\/wp-json\/wp\/v2\/users\/1"}],"replies":[{"embeddable":true,"href":"https:\/\/diocese-aveiro.pt\/cultura\/wp-json\/wp\/v2\/comments?post=16928"}],"version-history":[{"count":2,"href":"https:\/\/diocese-aveiro.pt\/cultura\/wp-json\/wp\/v2\/posts\/16928\/revisions"}],"predecessor-version":[{"id":16951,"href":"https:\/\/diocese-aveiro.pt\/cultura\/wp-json\/wp\/v2\/posts\/16928\/revisions\/16951"}],"wp:featuredmedia":[{"embeddable":true,"href":"https:\/\/diocese-aveiro.pt\/cultura\/wp-json\/wp\/v2\/media\/16947"}],"wp:attachment":[{"href":"https:\/\/diocese-aveiro.pt\/cultura\/wp-json\/wp\/v2\/media?parent=16928"}],"wp:term":[{"taxonomy":"category","embeddable":true,"href":"https:\/\/diocese-aveiro.pt\/cultura\/wp-json\/wp\/v2\/categories?post=16928"},{"taxonomy":"post_tag","embeddable":true,"href":"https:\/\/diocese-aveiro.pt\/cultura\/wp-json\/wp\/v2\/tags?post=16928"}],"curies":[{"name":"wp","href":"https:\/\/api.w.org\/{rel}","templated":true}]}}