{"id":16768,"date":"2023-12-11T12:27:53","date_gmt":"2023-12-11T12:27:53","guid":{"rendered":"https:\/\/diocese-aveiro.pt\/cultura\/?p=16768"},"modified":"2023-12-22T14:36:12","modified_gmt":"2023-12-22T14:36:12","slug":"acontece-inauguracao-da-exposicao-igreja-de-aveiro-peregrina-na-esperanca-passado-presente-e-futuro","status":"publish","type":"post","link":"https:\/\/diocese-aveiro.pt\/cultura\/acontece-inauguracao-da-exposicao-igreja-de-aveiro-peregrina-na-esperanca-passado-presente-e-futuro\/","title":{"rendered":"Acontece | Inaugura\u00e7\u00e3o da Exposi\u00e7\u00e3o &#8216;Igreja de Aveiro peregrina na esperan\u00e7a | Passado, presente e futuro&#8217;"},"content":{"rendered":"<p><strong>O qu\u00ea:<\/strong> Inaugura\u00e7\u00e3o da Exposi\u00e7\u00e3o &#8216;Igreja de Aveiro peregrina na esperan\u00e7a | Passado, presente e futuro&#8217;<\/p>\n<p><strong>Quando:<\/strong> 16 de dezembro de 2023 [15.00h.]<\/p>\n<p><strong>Onde:<\/strong> <a href=\"https:\/\/maps.app.goo.gl\/g3eiTKJWKZLyiwkZA\" target=\"_blank\" rel=\"noopener\">Igreja da Miseric\u00f3rdia [Aveiro]<\/a><\/p>\n","protected":false},"excerpt":{"rendered":"<p>O qu\u00ea: Inaugura\u00e7\u00e3o<\/p>\n","protected":false},"author":1,"featured_media":16769,"comment_status":"closed","ping_status":"closed","sticky":false,"template":"","format":"standard","meta":{"footnotes":""},"categories":[11,8,201],"tags":[],"class_list":["post-16768","post","type-post","status-publish","format-standard","has-post-thumbnail","hentry","category-acontece","category-em-cartaz","category-jubileu-da-catedral"],"_links":{"self":[{"href":"https:\/\/diocese-aveiro.pt\/cultura\/wp-json\/wp\/v2\/posts\/16768","targetHints":{"allow":["GET"]}}],"collection":[{"href":"https:\/\/diocese-aveiro.pt\/cultura\/wp-json\/wp\/v2\/posts"}],"about":[{"href":"https:\/\/diocese-aveiro.pt\/cultura\/wp-json\/wp\/v2\/types\/post"}],"author":[{"embeddable":true,"href":"https:\/\/diocese-aveiro.pt\/cultura\/wp-json\/wp\/v2\/users\/1"}],"replies":[{"embeddable":true,"href":"https:\/\/diocese-aveiro.pt\/cultura\/wp-json\/wp\/v2\/comments?post=16768"}],"version-history":[{"count":1,"href":"https:\/\/diocese-aveiro.pt\/cultura\/wp-json\/wp\/v2\/posts\/16768\/revisions"}],"predecessor-version":[{"id":16770,"href":"https:\/\/diocese-aveiro.pt\/cultura\/wp-json\/wp\/v2\/posts\/16768\/revisions\/16770"}],"wp:featuredmedia":[{"embeddable":true,"href":"https:\/\/diocese-aveiro.pt\/cultura\/wp-json\/wp\/v2\/media\/16769"}],"wp:attachment":[{"href":"https:\/\/diocese-aveiro.pt\/cultura\/wp-json\/wp\/v2\/media?parent=16768"}],"wp:term":[{"taxonomy":"category","embeddable":true,"href":"https:\/\/diocese-aveiro.pt\/cultura\/wp-json\/wp\/v2\/categories?post=16768"},{"taxonomy":"post_tag","embeddable":true,"href":"https:\/\/diocese-aveiro.pt\/cultura\/wp-json\/wp\/v2\/tags?post=16768"}],"curies":[{"name":"wp","href":"https:\/\/api.w.org\/{rel}","templated":true}]}}