{"id":16377,"date":"2023-09-06T16:37:09","date_gmt":"2023-09-06T15:37:09","guid":{"rendered":"https:\/\/diocese-aveiro.pt\/cultura\/?p=16377"},"modified":"2023-09-06T16:37:09","modified_gmt":"2023-09-06T15:37:09","slug":"in-memoriam-faleceu-o-dr-pinho-nota-do-correio-do-vouga","status":"publish","type":"post","link":"https:\/\/diocese-aveiro.pt\/cultura\/in-memoriam-faleceu-o-dr-pinho-nota-do-correio-do-vouga\/","title":{"rendered":"In Memoriam | Faleceu o Dr. Pinho (Nota do Correio do Vouga)"},"content":{"rendered":"<h6 style=\"text-align: right;\">Nota do Jornal Diocesano<a href=\"https:\/\/www.facebook.com\/correiodovouga\/?locale=pt_PT\" target=\"_blank\" rel=\"noopener\"> <em>Correio do Vouga<\/em><\/a><\/h6>\n<p>&nbsp;<\/p>\n<p style=\"text-align: justify;\">Faleceu na manh\u00e3 de 4 de setembro, aos 84 anos, no Hospital de Aveiro, o P.e Doutor Manuel de Pinho Ferreira. Estava internado na unidade hospitalar desde os dias anteriores por problemas renais.<\/p>\n<p style=\"text-align: justify;\">O seu funeral realizou-se no dia 5 de setembro, com celebra\u00e7\u00f5es no Semin\u00e1rio de Aveiro, de manh\u00e3, e na Igreja de Bedu\u00eddo &#8211; Estarreja, de tarde. Foi sepultado no Cemit\u00e9rio de Bedu\u00eddo.<\/p>\n<p style=\"text-align: justify;\">Manuel de Pinho Ferreira nasceu em Estarreja, no dia 2 de julho de 1939, frequentou o Semin\u00e1rio de Aveiro e o Semin\u00e1rio dos Olivais e foi ordenado padre no dia 15 de agosto de 1963. Na altura da ordena\u00e7\u00e3o, havia na sua fam\u00edlia tr\u00eas tios padres e uma religiosa doroteia. Aluno distinto, ainda antes de ser ordenado por D. Manuel de Almeida Trindade concluiu em Roma, na Universidade Gregoriana, o primeiro ano do Curso de Direito Can\u00f3nico. De Roma, foi chamado pelo Bispo de Aveiro para fun\u00e7\u00f5es no semin\u00e1rio diocesano, interrompendo um doutoramento que tinha como tema \u201cA contribui\u00e7\u00e3o da Gaudium et spes do Vaticano II ao Direito Matrimonial do C\u00f3digo de 1917\u201d.<\/p>\n<p style=\"text-align: justify;\">Sempre ligado \u00e0 forma\u00e7\u00e3o dos seminaristas de Aveiro, em 1968 integrou a equipa formadora do Semin\u00e1rio dos Olivais e, no ano seguinte, dirigiu a Resid\u00eancia de Santa Joana, em Sintra, onde viviam os seminaristas de Aveiro. Em 1974, mudou-se para o Semin\u00e1rio da Boa-Nova em Valadares [Porto], com os seminaristas maiores de Aveiro que estudavam Teologia.<\/p>\n<p style=\"text-align: justify;\">Dedicou a sua vida ao ensino, quer de disciplinas como Filosofia e Latim, no Semin\u00e1rio de Aveiro, quer principalmente de Direito Can\u00f3nico na Universidade Cat\u00f3lica Portuguesa (UCP), em Lisboa e no Porto, e no Instituto Superior de Estudos Teol\u00f3gico, em Coimbra. Concluiu o doutoramento em Direito Can\u00f3nico no dia 20 de junho de 2003, na Universidade de Salamanca, com uma tese sobre D. Ant\u00f3nio Ferreira Gomes, o bispo do Porto que se op\u00f4s a Salazar. A tese seria publicada em livro no ano seguinte, com o t\u00edtulo \u201cA Igreja e o Estado Novo na obra de D. Ant\u00f3nio Ferreira Gomes\u201d. \u201cA partir de agora, tudo quanto se disser sobre D. Ant\u00f3nio Ferreira Gomes vai ser bebido na tese de Pinho Ferreira\u201d, afirmava o Correio do Vouga na edi\u00e7\u00e3o de 7 de julho de 2004.<\/p>\n<p style=\"text-align: justify;\">O Doutor Pinho \u2013 assim era habitualmente referido \u2013 foi diretor da revista \u201cHuman\u00edstica e Teologia\u201d, da UCP-Porto, e do Correio do Vouga. Dirigiu o seman\u00e1rio da Diocese de Aveiro de 1973 a 1990.<\/p>\n<p style=\"text-align: justify;\">Nas \u00faltimas d\u00e9cadas, a par com o ensino, foi juiz do Tribunal Eclesi\u00e1stico de Aveiro e colaborou assiduamente com par\u00f3quias como a de Salreu, onde dirigiu um grupo coral, e a de Estarreja.<\/p>\n<hr \/>\n<p style=\"text-align: justify;\">\n","protected":false},"excerpt":{"rendered":"<p>Nota do Jornal<\/p>\n","protected":false},"author":1,"featured_media":16378,"comment_status":"closed","ping_status":"closed","sticky":false,"template":"","format":"standard","meta":{"footnotes":""},"categories":[11,156],"tags":[],"class_list":["post-16377","post","type-post","status-publish","format-standard","has-post-thumbnail","hentry","category-acontece","category-efemerides"],"_links":{"self":[{"href":"https:\/\/diocese-aveiro.pt\/cultura\/wp-json\/wp\/v2\/posts\/16377","targetHints":{"allow":["GET"]}}],"collection":[{"href":"https:\/\/diocese-aveiro.pt\/cultura\/wp-json\/wp\/v2\/posts"}],"about":[{"href":"https:\/\/diocese-aveiro.pt\/cultura\/wp-json\/wp\/v2\/types\/post"}],"author":[{"embeddable":true,"href":"https:\/\/diocese-aveiro.pt\/cultura\/wp-json\/wp\/v2\/users\/1"}],"replies":[{"embeddable":true,"href":"https:\/\/diocese-aveiro.pt\/cultura\/wp-json\/wp\/v2\/comments?post=16377"}],"version-history":[{"count":1,"href":"https:\/\/diocese-aveiro.pt\/cultura\/wp-json\/wp\/v2\/posts\/16377\/revisions"}],"predecessor-version":[{"id":16379,"href":"https:\/\/diocese-aveiro.pt\/cultura\/wp-json\/wp\/v2\/posts\/16377\/revisions\/16379"}],"wp:featuredmedia":[{"embeddable":true,"href":"https:\/\/diocese-aveiro.pt\/cultura\/wp-json\/wp\/v2\/media\/16378"}],"wp:attachment":[{"href":"https:\/\/diocese-aveiro.pt\/cultura\/wp-json\/wp\/v2\/media?parent=16377"}],"wp:term":[{"taxonomy":"category","embeddable":true,"href":"https:\/\/diocese-aveiro.pt\/cultura\/wp-json\/wp\/v2\/categories?post=16377"},{"taxonomy":"post_tag","embeddable":true,"href":"https:\/\/diocese-aveiro.pt\/cultura\/wp-json\/wp\/v2\/tags?post=16377"}],"curies":[{"name":"wp","href":"https:\/\/api.w.org\/{rel}","templated":true}]}}