{"id":16157,"date":"2023-12-17T07:00:56","date_gmt":"2023-12-17T07:00:56","guid":{"rendered":"https:\/\/diocese-aveiro.pt\/cultura\/?p=16157"},"modified":"2023-06-12T16:16:01","modified_gmt":"2023-06-12T15:16:01","slug":"poesia-eterna-luz-na-noite-escura-xliii-maria-espelho-de-deus","status":"publish","type":"post","link":"https:\/\/diocese-aveiro.pt\/cultura\/poesia-eterna-luz-na-noite-escura-xliii-maria-espelho-de-deus\/","title":{"rendered":"Poesia eterna &#8211; luz na noite escura | [XLIII] | Maria, espelho de Deus"},"content":{"rendered":"<h4 style=\"text-align: right;\"><em><strong>Poesia Eterna &#8211; Luz na noite escura<\/strong><\/em><\/h4>\n<p style=\"text-align: right;\">(Recanto de po\u00e9tica dedicado \u00e0 obra de S. Jo\u00e3o da Cruz)<\/p>\n<h6 style=\"text-align: right;\">Parceria com o <a href=\"https:\/\/carmeloaveiro.carmelitas.pt\/\" target=\"_blank\" rel=\"noopener\">Carmelo de Cristo Redentor &#8211; Aveiro<\/a><\/h6>\n<hr \/>\n<h2 style=\"text-align: center;\">Maria, espelho de Deus*<\/h2>\n<p style=\"text-align: center;\"><em>Em Maria, pura de toda a mancha,<\/em><\/p>\n<p style=\"text-align: center;\"><em>reflecte-se a imagem transparente<\/em><\/p>\n<p style=\"text-align: center;\"><em>de Deus.<\/em><\/p>\n<p style=\"text-align: center;\"><em>\u00a0<\/em><\/p>\n<p style=\"text-align: center;\"><em>Cheia do Esp\u00edrito,<\/em><\/p>\n<p style=\"text-align: center;\"><em>oferece \u00e0 humanidade<\/em><\/p>\n<p style=\"text-align: center;\"><em>o Verbo feito carne.<\/em><\/p>\n<p style=\"text-align: center;\">\n<p style=\"text-align: right;\">*Eulogio Pacho, <em>As mais belas p\u00e1ginas de S. Jo\u00e3o da Cruz<\/em>, Edi\u00e7\u00f5es Carmelo, Avessadas p. 71.<\/p>\n<hr \/>\n<p style=\"text-align: right;\">Imagem de\u00a0<a href=\"https:\/\/pixabay.com\/pt\/users\/heungsoon-4523762\/?utm_source=link-attribution&amp;utm_medium=referral&amp;utm_campaign=image&amp;utm_content=2500867\">HeungSoon<\/a>\u00a0por\u00a0<a href=\"https:\/\/pixabay.com\/pt\/\/?utm_source=link-attribution&amp;utm_medium=referral&amp;utm_campaign=image&amp;utm_content=2500867\">Pixabay<\/a><\/p>\n","protected":false},"excerpt":{"rendered":"<p>Poesia Eterna &#8211;<\/p>\n","protected":false},"author":1,"featured_media":16158,"comment_status":"closed","ping_status":"closed","sticky":false,"template":"","format":"standard","meta":{"footnotes":""},"categories":[178],"tags":[],"class_list":["post-16157","post","type-post","status-publish","format-standard","has-post-thumbnail","hentry","category-poesia-eterna-luz-na-noite-escura"],"_links":{"self":[{"href":"https:\/\/diocese-aveiro.pt\/cultura\/wp-json\/wp\/v2\/posts\/16157","targetHints":{"allow":["GET"]}}],"collection":[{"href":"https:\/\/diocese-aveiro.pt\/cultura\/wp-json\/wp\/v2\/posts"}],"about":[{"href":"https:\/\/diocese-aveiro.pt\/cultura\/wp-json\/wp\/v2\/types\/post"}],"author":[{"embeddable":true,"href":"https:\/\/diocese-aveiro.pt\/cultura\/wp-json\/wp\/v2\/users\/1"}],"replies":[{"embeddable":true,"href":"https:\/\/diocese-aveiro.pt\/cultura\/wp-json\/wp\/v2\/comments?post=16157"}],"version-history":[{"count":2,"href":"https:\/\/diocese-aveiro.pt\/cultura\/wp-json\/wp\/v2\/posts\/16157\/revisions"}],"predecessor-version":[{"id":16161,"href":"https:\/\/diocese-aveiro.pt\/cultura\/wp-json\/wp\/v2\/posts\/16157\/revisions\/16161"}],"wp:featuredmedia":[{"embeddable":true,"href":"https:\/\/diocese-aveiro.pt\/cultura\/wp-json\/wp\/v2\/media\/16158"}],"wp:attachment":[{"href":"https:\/\/diocese-aveiro.pt\/cultura\/wp-json\/wp\/v2\/media?parent=16157"}],"wp:term":[{"taxonomy":"category","embeddable":true,"href":"https:\/\/diocese-aveiro.pt\/cultura\/wp-json\/wp\/v2\/categories?post=16157"},{"taxonomy":"post_tag","embeddable":true,"href":"https:\/\/diocese-aveiro.pt\/cultura\/wp-json\/wp\/v2\/tags?post=16157"}],"curies":[{"name":"wp","href":"https:\/\/api.w.org\/{rel}","templated":true}]}}