{"id":1607,"date":"2017-07-17T11:00:17","date_gmt":"2017-07-17T10:00:17","guid":{"rendered":"http:\/\/diocese-aveiro.pt\/cultura\/?p=1607"},"modified":"2017-07-29T23:16:07","modified_gmt":"2017-07-29T22:16:07","slug":"gaspar-albino-pintor-que-entreabre-portas","status":"publish","type":"post","link":"https:\/\/diocese-aveiro.pt\/cultura\/gaspar-albino-pintor-que-entreabre-portas\/","title":{"rendered":"Gaspar Albino &#8211; Pintor que entreabre portas"},"content":{"rendered":"<p><em>Para mem\u00f3ria<\/em><\/p>\n<p style=\"text-align: center;\"><strong>GASPAR ALBINO: Pintor que entreabre portas<\/strong><\/p>\n<p style=\"text-align: center;\">Pe. Georgino Rocha<\/p>\n<p style=\"text-align: justify;\"><strong><img loading=\"lazy\" decoding=\"async\" class=\"wp-image-1608 alignleft\" src=\"https:\/\/diocese-aveiro.pt\/cultura\/wp-content\/uploads\/2017\/07\/GasparAlbino-806x1024.jpg\" alt=\"\" width=\"183\" height=\"232\" srcset=\"https:\/\/diocese-aveiro.pt\/cultura\/wp-content\/uploads\/2017\/07\/GasparAlbino.jpg 806w, https:\/\/diocese-aveiro.pt\/cultura\/wp-content\/uploads\/2017\/07\/GasparAlbino-236x300.jpg 236w, https:\/\/diocese-aveiro.pt\/cultura\/wp-content\/uploads\/2017\/07\/GasparAlbino-768x976.jpg 768w, https:\/\/diocese-aveiro.pt\/cultura\/wp-content\/uploads\/2017\/07\/GasparAlbino-600x762.jpg 600w\" sizes=\"auto, (max-width: 183px) 100vw, 183px\" \/>Gaspar de Albino \u00a0nasce em Aveiro a 21 de Agosto de 1938 e vem a falecer a 16 de Julho de 2017. Para quem conhece a sua vida e obra pode dizer com verdade que soube valorizar os muitos desafios que foram surgindo: como cidad\u00e3o interveniente, empreendedor criativo, artista respons\u00e1vel, crist\u00e3o empenhado na justi\u00e7a social e no desenvolvimento sustentado, doente paciente e lutador.<\/strong><\/p>\n<p style=\"text-align: justify;\"><strong>A sa\u00fade alterou-se nestes \u00faltimos anos. Doen\u00e7as graves \u201cbatem-lhe \u00e0 porta\u201d. Sintomas disparam o \u201calarme\u201d e a morte acontece. Gaspar Albino \u00e9, agora, um defunto, pois cessa fun\u00e7\u00f5es na terra e come\u00e7a a desempenhar umas outras no c\u00e9u, isto \u00e9 no seio de Deus juntamente com todos os seus familiares e amigos.<\/strong><\/p>\n<p style=\"text-align: justify;\"><strong>O seu itiner\u00e1rio de vida deixa ver bem quem era Gaspar Albino. O seu amor a Aveiro \u00e9 inconfund\u00edvel e fica gravado de forma brilhante em textos e obras de arte. A sua dedica\u00e7\u00e3o \u00e0 causa p\u00fablica \u00e9 not\u00f3ria e apaixonada e consta de tantos servi\u00e7os de responsabilidade assumida. O seu envolvimento crist\u00e3o pelo bem comum e pela liberdade de express\u00e3o, entre outros, leva-o a ser signat\u00e1rio da carta dirigida aos candidatos a deputados nas elei\u00e7\u00f5es de 1961, (ainda estudante universit\u00e1rio) logo a seguir \u00e0 publica\u00e7\u00e3o da enc\u00edclica Mater et Magistra, de Jo\u00e3o XXIII, a tomar parte na \u201cmanifesta\u00e7\u00e3o dos crist\u00e3os\u201d na cidade em 13 de Julho de 1975 e em tantos outros acontecimentos da Igreja diocesana. O seu gosto\/culto pela arte diversifica-se por v\u00e1rias modalidades e adquire o estatuto de refer\u00eancia e de \u201cponte\u201d entre artistas aveirenses e, a partir de certa altura, com a Comiss\u00e3o Diocesana da Cultura.<\/strong><\/p>\n<p style=\"text-align: justify;\"><strong>\u201cO meu desejo ser\u00e1, confessa numa recente entrevista, agora que estou reformado, o de poder continuar a fazer o que mais gosto: escrever, desenhar e pintar de forma consequente. Gostaria que me recordassem como um pintor que entreabriu algumas portas, apesar de n\u00e3o ter tido tempo para as abrir como gostaria\u201d. Belo prop\u00f3sito que certamente deixa sementes a germinar.<\/strong><\/p>\n<p style=\"text-align: justify;\"><strong>O seu legado \u00e9 enorme. Em muitas facetas do agir humano. Avivar a sua mem\u00f3ria \u00e9 imperativo de consci\u00eancia aveirense. Prosseguir os seus passos \u00e9 desafio a assumir por quem cultiva o gosto pelo beleza e pela arte, pela fam\u00edlia e pela \u201ccidade\u201d, pela humanidade e por toda a cria\u00e7\u00e3o, pela sua\/nossa ria.<\/strong><\/p>\n<p style=\"text-align: justify;\"><em><strong>Gaspar Albino, bom Amigo desde os tempos dos Cursos de Cristandade, que os nobres desejos que cultivaste entre n\u00f3s sejam agora plenamente satisfeitos na vida nova que alcan\u00e7aste, atravessando a porta do tempo entreaberta pela morte. Que a Senhora da Miseric\u00f3rdia que tantas vezes visitaste na sua Igreja no cora\u00e7\u00e3o da nossa cidade, te envolva no seu manto e te acarinhe como boa M\u00e3e. E que Santa Joana, de quem eras um pregoeiro incans\u00e1vel, te sorria atraente com o seu desvelo por Aveiro e suas gentes.<\/strong><\/em><\/p>\n<p style=\"text-align: right;\"><strong>\u00a0(Foto de ilustra\u00e7\u00e3o: <em>Pintura de Santa Joana<\/em> &#8211;\u00a0Acr\u00edlico sobre tela<\/strong><\/p>\n<p style=\"text-align: right;\"><strong>Foto de ilustra\u00e7\u00e3o e do autor in\u00a0<em>http:\/\/www.prof2000.pt<\/em>)<\/strong><\/p>\n<p style=\"text-align: justify;\"><strong>.<\/strong><\/p>\n","protected":false},"excerpt":{"rendered":"<p>Para mem\u00f3ria GASPAR<\/p>\n","protected":false},"author":1,"featured_media":1610,"comment_status":"closed","ping_status":"open","sticky":false,"template":"","format":"standard","meta":{"footnotes":""},"categories":[46,13,70,50],"tags":[],"class_list":["post-1607","post","type-post","status-publish","format-standard","has-post-thumbnail","hentry","category-autores","category-olhares","category-para-memoria","category-pe-georgino-rocha"],"_links":{"self":[{"href":"https:\/\/diocese-aveiro.pt\/cultura\/wp-json\/wp\/v2\/posts\/1607","targetHints":{"allow":["GET"]}}],"collection":[{"href":"https:\/\/diocese-aveiro.pt\/cultura\/wp-json\/wp\/v2\/posts"}],"about":[{"href":"https:\/\/diocese-aveiro.pt\/cultura\/wp-json\/wp\/v2\/types\/post"}],"author":[{"embeddable":true,"href":"https:\/\/diocese-aveiro.pt\/cultura\/wp-json\/wp\/v2\/users\/1"}],"replies":[{"embeddable":true,"href":"https:\/\/diocese-aveiro.pt\/cultura\/wp-json\/wp\/v2\/comments?post=1607"}],"version-history":[{"count":2,"href":"https:\/\/diocese-aveiro.pt\/cultura\/wp-json\/wp\/v2\/posts\/1607\/revisions"}],"predecessor-version":[{"id":1612,"href":"https:\/\/diocese-aveiro.pt\/cultura\/wp-json\/wp\/v2\/posts\/1607\/revisions\/1612"}],"wp:featuredmedia":[{"embeddable":true,"href":"https:\/\/diocese-aveiro.pt\/cultura\/wp-json\/wp\/v2\/media\/1610"}],"wp:attachment":[{"href":"https:\/\/diocese-aveiro.pt\/cultura\/wp-json\/wp\/v2\/media?parent=1607"}],"wp:term":[{"taxonomy":"category","embeddable":true,"href":"https:\/\/diocese-aveiro.pt\/cultura\/wp-json\/wp\/v2\/categories?post=1607"},{"taxonomy":"post_tag","embeddable":true,"href":"https:\/\/diocese-aveiro.pt\/cultura\/wp-json\/wp\/v2\/tags?post=1607"}],"curies":[{"name":"wp","href":"https:\/\/api.w.org\/{rel}","templated":true}]}}