{"id":15935,"date":"2023-04-13T12:53:52","date_gmt":"2023-04-13T11:53:52","guid":{"rendered":"https:\/\/diocese-aveiro.pt\/cultura\/?p=15935"},"modified":"2023-05-28T17:59:53","modified_gmt":"2023-05-28T16:59:53","slug":"acontece-tertulia-as-implicacoes-da-guerra-na-democracia-com-miguel-morgado-16-de-maio-21-30h-edificio-atlas-aveiro","status":"publish","type":"post","link":"https:\/\/diocese-aveiro.pt\/cultura\/acontece-tertulia-as-implicacoes-da-guerra-na-democracia-com-miguel-morgado-16-de-maio-21-30h-edificio-atlas-aveiro\/","title":{"rendered":"Acontece | Nova Data | Tert\u00falia &#8216;as implica\u00e7\u00f5es da guerra na democracia&#8217;, com Miguel Morgado | 26 de maio [Sexta-feira] | 21.30h. &#8211; Edif\u00edcio Atlas [Aveiro]"},"content":{"rendered":"<h2 style=\"text-align: center;\">Nova data: <strong>sexta-feira, 26 de maio<\/strong><\/h2>\n<p style=\"text-align: justify;\"><strong>&#8216;As implica\u00e7\u00f5es da guerra na democracia&#8217; s<\/strong>er\u00e1 o tema da pr\u00f3xima tert\u00falia, promovida pela Comiss\u00e3o Diocesana da Cultura.<\/p>\n<p style=\"text-align: justify;\">Miguel Morgado, deputado (entre 2015 e 2019) e assessor do Primeiro-ministro (2011-2015), ser\u00e1 o orador, neste encontro que conta com a modera\u00e7\u00e3o de Ant\u00f3nio Jorge Ferreira, jornalista e diretor do seman\u00e1rio diocesano<em> Correio do Vouga<\/em>.<\/p>\n<p style=\"text-align: justify;\">A tert\u00falia ter\u00e1 lugar no pr\u00f3ximo dia 26 de maio, sexta-feira, pelas 21h30 no <a href=\"https:\/\/goo.gl\/maps\/BhFPVbC4SGPTR2Vs6\" target=\"_blank\" rel=\"noopener\">Edif\u00edcio Atlas [Pra\u00e7a da Rep\u00fablica \u2013 Aveiro].<\/a><\/p>\n","protected":false},"excerpt":{"rendered":"<p>Nova data: sexta-feira,<\/p>\n","protected":false},"author":1,"featured_media":15970,"comment_status":"closed","ping_status":"closed","sticky":false,"template":"","format":"standard","meta":{"footnotes":""},"categories":[28,11,115,8,121],"tags":[],"class_list":["post-15935","post","type-post","status-publish","format-standard","has-post-thumbnail","hentry","category-httpdiocese-aveiro-ptculturaa-comissao","category-acontece","category-atividades-da-comissao","category-em-cartaz","category-tertulias"],"_links":{"self":[{"href":"https:\/\/diocese-aveiro.pt\/cultura\/wp-json\/wp\/v2\/posts\/15935","targetHints":{"allow":["GET"]}}],"collection":[{"href":"https:\/\/diocese-aveiro.pt\/cultura\/wp-json\/wp\/v2\/posts"}],"about":[{"href":"https:\/\/diocese-aveiro.pt\/cultura\/wp-json\/wp\/v2\/types\/post"}],"author":[{"embeddable":true,"href":"https:\/\/diocese-aveiro.pt\/cultura\/wp-json\/wp\/v2\/users\/1"}],"replies":[{"embeddable":true,"href":"https:\/\/diocese-aveiro.pt\/cultura\/wp-json\/wp\/v2\/comments?post=15935"}],"version-history":[{"count":3,"href":"https:\/\/diocese-aveiro.pt\/cultura\/wp-json\/wp\/v2\/posts\/15935\/revisions"}],"predecessor-version":[{"id":15972,"href":"https:\/\/diocese-aveiro.pt\/cultura\/wp-json\/wp\/v2\/posts\/15935\/revisions\/15972"}],"wp:featuredmedia":[{"embeddable":true,"href":"https:\/\/diocese-aveiro.pt\/cultura\/wp-json\/wp\/v2\/media\/15970"}],"wp:attachment":[{"href":"https:\/\/diocese-aveiro.pt\/cultura\/wp-json\/wp\/v2\/media?parent=15935"}],"wp:term":[{"taxonomy":"category","embeddable":true,"href":"https:\/\/diocese-aveiro.pt\/cultura\/wp-json\/wp\/v2\/categories?post=15935"},{"taxonomy":"post_tag","embeddable":true,"href":"https:\/\/diocese-aveiro.pt\/cultura\/wp-json\/wp\/v2\/tags?post=15935"}],"curies":[{"name":"wp","href":"https:\/\/api.w.org\/{rel}","templated":true}]}}