{"id":15393,"date":"2022-12-15T10:09:13","date_gmt":"2022-12-15T10:09:13","guid":{"rendered":"https:\/\/diocese-aveiro.pt\/cultura\/?p=15393"},"modified":"2023-01-12T00:40:49","modified_gmt":"2023-01-12T00:40:49","slug":"mensagem-de-d-antonio-moiteiro-bispo-de-aveiro-natal-festa-do-encontro-para-todos","status":"publish","type":"post","link":"https:\/\/diocese-aveiro.pt\/cultura\/mensagem-de-d-antonio-moiteiro-bispo-de-aveiro-natal-festa-do-encontro-para-todos\/","title":{"rendered":"Mensagem de D. Ant\u00f3nio Moiteiro, Bispo de Aveiro | Natal\u2026 festa do encontro para todos."},"content":{"rendered":"<p><iframe title=\"Mensagem de Natal de D. Ant\u00f3nio Moiteiro\" width=\"640\" height='360' src=\"https:\/\/www.youtube.com\/embed\/WsCpeYeyFz8?feature=oembed\" frameborder=\"0\" allow=\"accelerometer; autoplay; clipboard-write; encrypted-media; gyroscope; picture-in-picture\" allowfullscreen><\/iframe><\/p>\n<p>&nbsp;<\/p>\n<p style=\"text-align: justify;\">Viver o Natal \u00e9 celebrar\u00a0<em>o Deus que toma a iniciativa de sair ao nosso encontro<\/em>, que se esconde na humildade de um Menino que, das alturas, nos visita como o Sol nascente (cf.\u00a0<em>Lc<\/em>\u00a01,78). Este Menino \u00e9 o Filho de Deus, que brilha para todos e que mobiliza e motiva tantos encontros pessoais, familiares, eclesiais, sociais e culturais.<\/p>\n<p style=\"text-align: justify;\">O Natal \u00e9, portanto, ponto de encontro de Deus connosco e de encontro entre as pessoas. Coloca-nos diante do rosto de um Menino que vem para nos salvar com a sua proximidade. O caminho \u00e9 este: \u00ab<em>Encontrareis um Menino rec\u00e9m-nascido, envolto em panos e deitado numa manjedoura<\/em>\u00bb (<em>Lc<\/em>\u00a02,12). Este Menino nascido em Bel\u00e9m \u00e9 o sinal que nos indica o caminho e o sentido da pr\u00f3pria vida. Os Pastores, iluminados em plena noite, \u00ab<em>foram apressadamente<\/em>\u00bb (<em>Lc<\/em>\u00a02,16) ao seu encontro. Tamb\u00e9m os Magos fizeram o percurso para irem ao seu encontro. Os que O procuram encontram-no, mas n\u00e3o no bul\u00edcio das luzes e das multid\u00f5es. Para O encontrar, \u00e9 preciso ir aonde Ele est\u00e1, p\u00f4r-se a caminho, inclinar-se, ser pequeno, para percebermos a grandeza do momento que celebramos. Como os Pastores e os Magos, iluminados pelo esplendor da gl\u00f3ria de Deus, que se reflete no rosto de Jesus Menino, fa\u00e7amos tamb\u00e9m n\u00f3s a caminhada para irmos ao seu encontro. Sem Jesus, n\u00e3o h\u00e1 Natal.<\/p>\n<p style=\"text-align: justify;\">Encontramo-lo na simplicidade do Pres\u00e9pio. Ali est\u00e1 a \u00abPalavra\u00bb e o sentido de todas as coisas. \u00c9 preciso aprender a contemplar, neste quadro vivo, a grande fam\u00edlia humana e a dar lugar ao outro.\u00a0<em>\u201cDa alegria trazida pelo Senhor, ningu\u00e9m \u00e9 exclu\u00eddo<\/em>\u201d (<em>EG<\/em>\u00a03). O Natal comporta o desafio de nos deixarmos envolver pelo amor de Deus, de tornar o nosso cora\u00e7\u00e3o, o nosso mundo, um lugar para todos:crian\u00e7as e idosos rejeitados e maltratados, jovens que perderam o rumo na vida, pobres e explorados, imigrantes e refugiados. Este amor n\u00e3o s\u00f3 o faz conhecer, mas d\u00e1-o, comunica-o. Ele escolheu habitar a nossa hist\u00f3ria como \u00e9, com o peso dos seus limites e dos seus dramas.<\/p>\n<p style=\"text-align: justify;\">\u00c9 preciso reaprender a viver o esp\u00edrito natal\u00edcio. Deixemo-nos interpelar pelo Verbo de Deus que se fez carne e\u00a0<em>montou a sua tenda<\/em>\u00a0no meio de n\u00f3s (cf.\u00a0<em>Jo<\/em>\u00a01,14). No Menino Jesus \u00ab<em>manifesta-se a ternura de Deus, fonte de salva\u00e7\u00e3o para todos os homens<\/em>\u00bb (<em>Tit<\/em>\u00a02,11-14). Ele inspira-nos e abre-nos os olhos para a ternura, para a caridade, para a salva\u00e7\u00e3o. Ao fazer-se pobre, torna-nos ricos com os dons da vida divina, da paz verdadeira, da alegria plena, da salva\u00e7\u00e3o. Todos temos algo a dizer sobre este Menino de Bel\u00e9m; a nossa f\u00e9 ter\u00e1 algo a dizer \u00e0queles que n\u00e3o sabem viver o Natal<em>, a<\/em>os mais afastados, aos que vivem nas \u201c<em>periferias da vida<\/em>\u201c, \u00e0queles a quem falta a\u00a0<em>luz, a vida e a alegria<\/em>\u00a0do evangelho (cf.\u00a0<em>EG\u00a0<\/em>30).<\/p>\n<p style=\"text-align: justify;\">Dizemos que o Natal \u00e9, por excel\u00eancia, a festa da fam\u00edlia, lugar de manifesta\u00e7\u00e3o da vida e do amor que v\u00eam de Deus. Vida com sentido e em todas as etapas da vida humana: desde o nascimento at\u00e9 \u00e0 morte natural. Como Maria e Jos\u00e9, somos chamados a guardar este tesouro e a fazer de\u00a0<em>\u201ctoda a vida da fam\u00edlia um pastoreio misericordioso<\/em>\u201d (<em>AL\u00a0<\/em>322), o lugar onde Deus possa nascer e abrigar-se. A miss\u00e3o dos pais \u00e9 a de ser express\u00e3o do rosto de Deus na vida dos filhos. N\u00e3o deixemos que a chama do Natal se apague nas gera\u00e7\u00f5es mais novas, por causa das correntes frias do nosso tempo.<\/p>\n<p style=\"text-align: justify;\">Jovens, deixai-vos interpelar e convocar, n\u00e3o tenhais medo de vos abeirar da \u201cfonte\u201d que pode saciar as vossas vidas! A humanidade aspira \u00e0 alegria da paz, sede bons construtores da casa comum, onde haja paz, justi\u00e7a e fraternidade.<\/p>\n<p style=\"text-align: justify;\">O Emanuel, Deus connosco<strong>,<\/strong>\u00a0quer nascer na nossa Diocese de Aveiro, nas nossas comunidades; preparemo-nos, com humildade e simplicidade, apagando todos os gestos de viol\u00eancia e todos os sinais de dureza do nosso cora\u00e7\u00e3o, dispondo-nos para receber o dom da alegria e da paz que irradiam deste mist\u00e9rio. Uma vida simples \u00e9 sinal de partilha. Nestes meses de visita pastoral tenho-me encontrado, nas escolas, com alunos de mais de 30 nacionalidades diferentes. Para estes tamb\u00e9m \u00e9 Natal e n\u00f3s somos as testemunhas desse Emanuel que se fez um de n\u00f3s.<\/p>\n<p style=\"text-align: justify;\">Na ternura do Menino que nasce, manifesta-se toda a proximidade, a ternura e a bondade do nosso Deus. Celebremos e anunciemos esta alegre not\u00edcia! Aproximemo-nos de Deus\u00a0<em>que se faz pr\u00f3ximo<\/em>\u00a0que vem ao nosso encontro, para que ele possa irromper nas nossas vidas.<\/p>\n<p style=\"text-align: justify;\">Boas Festas, com as maiores b\u00ean\u00e7\u00e3os do Deus menino!<\/p>\n<p style=\"text-align: center;\">____<\/p>\n<p style=\"text-align: center;\">Natal 2022<\/p>\n<p style=\"text-align: center;\">\u2020 Ant\u00f3nio Manuel Moiteiro Ramos,\u00a0<em>Bispo de Aveiro<\/em><\/p>\n","protected":false},"excerpt":{"rendered":"<p>&nbsp; Viver o<\/p>\n","protected":false},"author":1,"featured_media":15394,"comment_status":"closed","ping_status":"closed","sticky":false,"template":"","format":"standard","meta":{"footnotes":""},"categories":[11,47,12,156],"tags":[],"class_list":["post-15393","post","type-post","status-publish","format-standard","has-post-thumbnail","hentry","category-acontece","category-d-antonio-manuel-moiteiro-ramos","category-documentos","category-efemerides"],"_links":{"self":[{"href":"https:\/\/diocese-aveiro.pt\/cultura\/wp-json\/wp\/v2\/posts\/15393","targetHints":{"allow":["GET"]}}],"collection":[{"href":"https:\/\/diocese-aveiro.pt\/cultura\/wp-json\/wp\/v2\/posts"}],"about":[{"href":"https:\/\/diocese-aveiro.pt\/cultura\/wp-json\/wp\/v2\/types\/post"}],"author":[{"embeddable":true,"href":"https:\/\/diocese-aveiro.pt\/cultura\/wp-json\/wp\/v2\/users\/1"}],"replies":[{"embeddable":true,"href":"https:\/\/diocese-aveiro.pt\/cultura\/wp-json\/wp\/v2\/comments?post=15393"}],"version-history":[{"count":2,"href":"https:\/\/diocese-aveiro.pt\/cultura\/wp-json\/wp\/v2\/posts\/15393\/revisions"}],"predecessor-version":[{"id":15420,"href":"https:\/\/diocese-aveiro.pt\/cultura\/wp-json\/wp\/v2\/posts\/15393\/revisions\/15420"}],"wp:featuredmedia":[{"embeddable":true,"href":"https:\/\/diocese-aveiro.pt\/cultura\/wp-json\/wp\/v2\/media\/15394"}],"wp:attachment":[{"href":"https:\/\/diocese-aveiro.pt\/cultura\/wp-json\/wp\/v2\/media?parent=15393"}],"wp:term":[{"taxonomy":"category","embeddable":true,"href":"https:\/\/diocese-aveiro.pt\/cultura\/wp-json\/wp\/v2\/categories?post=15393"},{"taxonomy":"post_tag","embeddable":true,"href":"https:\/\/diocese-aveiro.pt\/cultura\/wp-json\/wp\/v2\/tags?post=15393"}],"curies":[{"name":"wp","href":"https:\/\/api.w.org\/{rel}","templated":true}]}}