{"id":14796,"date":"2022-07-26T11:14:42","date_gmt":"2022-07-26T10:14:42","guid":{"rendered":"https:\/\/diocese-aveiro.pt\/cultura\/?p=14796"},"modified":"2022-07-26T11:14:57","modified_gmt":"2022-07-26T10:14:57","slug":"acontece-aveiro-conferencia-de-apresentacao-dos-dias-nas-dioceses-que-antecedem-a-jmj","status":"publish","type":"post","link":"https:\/\/diocese-aveiro.pt\/cultura\/acontece-aveiro-conferencia-de-apresentacao-dos-dias-nas-dioceses-que-antecedem-a-jmj\/","title":{"rendered":"Acontece | Aveiro: Confer\u00eancia de apresenta\u00e7\u00e3o dos \u00abDias nas Dioceses\u00bb que antecedem a JMJ"},"content":{"rendered":"<h6 style=\"text-align: right;\">Not\u00edcia recolhida da <a href=\"https:\/\/agencia.ecclesia.pt\/portal\/events\/aveiro-conferencia-de-apresentacao-dos-dias-nas-dioceses-que-antecedem-a-jmj\/\" target=\"_blank\" rel=\"noopener\">Ag\u00eancia Ecclesia<\/a><\/h6>\n<p style=\"text-align: justify;\">O Comit\u00e9 Organizador Diocesano (COD) de Aveiro realiza, dia 26 deste m\u00eas de julho, \u00e0s 18h30, no Cais do Sal naquela cidade uma confer\u00eancia de imprensa para apresentar os \u00abDias nas Dioceses\u00bb que antecedem a Jornada Mundial da Juventude.<\/p>\n<p style=\"text-align: justify;\">Nesta iniciativa que conta com a presen\u00e7a do D. Ant\u00f3nio Moiteiro, Bispo de Aveiro, os respons\u00e1veis v\u00e3o falar sobre os dias 26 a 31 de julho de 2023, real\u00e7a uma nota enviada \u00e0 Ag\u00eancia ECCLESIA.<\/p>\n<p style=\"text-align: justify;\">Portugal acolhe, de 01 a 06 de agosto de 2023, na cidade de Lisboa, a Jornada Mundial da Juventude, um encontro mundial de jovens com o Papa.<\/p>\n<p><em>LFS<\/em><\/p>\n","protected":false},"excerpt":{"rendered":"<p>Not\u00edcia recolhida da<\/p>\n","protected":false},"author":1,"featured_media":14797,"comment_status":"closed","ping_status":"closed","sticky":false,"template":"","format":"standard","meta":{"footnotes":""},"categories":[11,8],"tags":[],"class_list":["post-14796","post","type-post","status-publish","format-standard","has-post-thumbnail","hentry","category-acontece","category-em-cartaz"],"_links":{"self":[{"href":"https:\/\/diocese-aveiro.pt\/cultura\/wp-json\/wp\/v2\/posts\/14796","targetHints":{"allow":["GET"]}}],"collection":[{"href":"https:\/\/diocese-aveiro.pt\/cultura\/wp-json\/wp\/v2\/posts"}],"about":[{"href":"https:\/\/diocese-aveiro.pt\/cultura\/wp-json\/wp\/v2\/types\/post"}],"author":[{"embeddable":true,"href":"https:\/\/diocese-aveiro.pt\/cultura\/wp-json\/wp\/v2\/users\/1"}],"replies":[{"embeddable":true,"href":"https:\/\/diocese-aveiro.pt\/cultura\/wp-json\/wp\/v2\/comments?post=14796"}],"version-history":[{"count":2,"href":"https:\/\/diocese-aveiro.pt\/cultura\/wp-json\/wp\/v2\/posts\/14796\/revisions"}],"predecessor-version":[{"id":14799,"href":"https:\/\/diocese-aveiro.pt\/cultura\/wp-json\/wp\/v2\/posts\/14796\/revisions\/14799"}],"wp:featuredmedia":[{"embeddable":true,"href":"https:\/\/diocese-aveiro.pt\/cultura\/wp-json\/wp\/v2\/media\/14797"}],"wp:attachment":[{"href":"https:\/\/diocese-aveiro.pt\/cultura\/wp-json\/wp\/v2\/media?parent=14796"}],"wp:term":[{"taxonomy":"category","embeddable":true,"href":"https:\/\/diocese-aveiro.pt\/cultura\/wp-json\/wp\/v2\/categories?post=14796"},{"taxonomy":"post_tag","embeddable":true,"href":"https:\/\/diocese-aveiro.pt\/cultura\/wp-json\/wp\/v2\/tags?post=14796"}],"curies":[{"name":"wp","href":"https:\/\/api.w.org\/{rel}","templated":true}]}}