{"id":14787,"date":"2022-07-25T11:41:00","date_gmt":"2022-07-25T10:41:00","guid":{"rendered":"https:\/\/diocese-aveiro.pt\/cultura\/?p=14787"},"modified":"2022-07-25T11:43:55","modified_gmt":"2022-07-25T10:43:55","slug":"acontece-550-anos-da-entrada-de-santa-joana-em-aveiro-eucaristia-comemorativa","status":"publish","type":"post","link":"https:\/\/diocese-aveiro.pt\/cultura\/acontece-550-anos-da-entrada-de-santa-joana-em-aveiro-eucaristia-comemorativa\/","title":{"rendered":"Acontece | 550 anos da entrada de Santa Joana em Aveiro &#8211; Eucaristia comemorativa"},"content":{"rendered":"<p><strong>O qu\u00ea:<\/strong> Eucaristia comemorativa dos 550 anos da entrada de Santa Joana em Aveiro<\/p>\n<p><strong>Onde:<\/strong> Igreja Catedral de Aveiro<\/p>\n<p><strong>Quando:<\/strong> 4 de agosto de 2022 | 19.00h.<\/p>\n<p style=\"text-align: center;\"><a href=\"https:\/\/pt.calameo.com\/read\/00550561575cf07c2d4b4\" target=\"_blank\" rel=\"noopener\">Carta-convite do P. Nuno Duarte da Silva Queir\u00f3s (Vice-postulador da Causa da canoniza\u00e7\u00e3o da Beata Joana de Portugal)<\/a><\/p>\n<p style=\"text-align: justify;\">[Recorda-se que est\u00e3o dispon\u00edveis v\u00e1rios recursos acerca da vida de Santa Joana na p\u00e1gina da causa da canoniza\u00e7\u00e3o, consult\u00e1vel em\u00a0<a href=\"http:\/\/www.diocese-aveiro.pt\/santajoana\" target=\"_blank\" rel=\"noreferrer noopener\">www.diocese-aveiro.pt\/santajoana<\/a>.]<\/p>\n<h1 style=\"text-align: center;\">e<\/h1>\n<h2 style=\"text-align: center;\">Visite a exposi\u00e7\u00e3o &#8216;Princesa Santa Joana &#8211; 550 anos em Aveiro&#8217; | At\u00e9 28 de agosto de 2022<\/h2>\n<p><img loading=\"lazy\" decoding=\"async\" class=\" wp-image-14789 aligncenter\" src=\"https:\/\/diocese-aveiro.pt\/cultura\/wp-content\/uploads\/2022\/07\/Exposicao550anos-1024x770.jpg\" alt=\"\" width=\"762\" height=\"573\" srcset=\"https:\/\/diocese-aveiro.pt\/cultura\/wp-content\/uploads\/2022\/07\/Exposicao550anos-1024x770.jpg 1024w, https:\/\/diocese-aveiro.pt\/cultura\/wp-content\/uploads\/2022\/07\/Exposicao550anos-300x225.jpg 300w, https:\/\/diocese-aveiro.pt\/cultura\/wp-content\/uploads\/2022\/07\/Exposicao550anos-768x577.jpg 768w, https:\/\/diocese-aveiro.pt\/cultura\/wp-content\/uploads\/2022\/07\/Exposicao550anos-600x451.jpg 600w, https:\/\/diocese-aveiro.pt\/cultura\/wp-content\/uploads\/2022\/07\/Exposicao550anos-1536x1154.jpg 1536w, https:\/\/diocese-aveiro.pt\/cultura\/wp-content\/uploads\/2022\/07\/Exposicao550anos-1320x992.jpg 1320w, https:\/\/diocese-aveiro.pt\/cultura\/wp-content\/uploads\/2022\/07\/Exposicao550anos.jpg 2048w\" sizes=\"auto, (max-width: 762px) 100vw, 762px\" \/><\/p>\n","protected":false},"excerpt":{"rendered":"<p>O qu\u00ea: Eucaristia<\/p>\n","protected":false},"author":1,"featured_media":14788,"comment_status":"closed","ping_status":"closed","sticky":false,"template":"","format":"standard","meta":{"footnotes":""},"categories":[11,8],"tags":[],"class_list":["post-14787","post","type-post","status-publish","format-standard","has-post-thumbnail","hentry","category-acontece","category-em-cartaz"],"_links":{"self":[{"href":"https:\/\/diocese-aveiro.pt\/cultura\/wp-json\/wp\/v2\/posts\/14787","targetHints":{"allow":["GET"]}}],"collection":[{"href":"https:\/\/diocese-aveiro.pt\/cultura\/wp-json\/wp\/v2\/posts"}],"about":[{"href":"https:\/\/diocese-aveiro.pt\/cultura\/wp-json\/wp\/v2\/types\/post"}],"author":[{"embeddable":true,"href":"https:\/\/diocese-aveiro.pt\/cultura\/wp-json\/wp\/v2\/users\/1"}],"replies":[{"embeddable":true,"href":"https:\/\/diocese-aveiro.pt\/cultura\/wp-json\/wp\/v2\/comments?post=14787"}],"version-history":[{"count":2,"href":"https:\/\/diocese-aveiro.pt\/cultura\/wp-json\/wp\/v2\/posts\/14787\/revisions"}],"predecessor-version":[{"id":14791,"href":"https:\/\/diocese-aveiro.pt\/cultura\/wp-json\/wp\/v2\/posts\/14787\/revisions\/14791"}],"wp:featuredmedia":[{"embeddable":true,"href":"https:\/\/diocese-aveiro.pt\/cultura\/wp-json\/wp\/v2\/media\/14788"}],"wp:attachment":[{"href":"https:\/\/diocese-aveiro.pt\/cultura\/wp-json\/wp\/v2\/media?parent=14787"}],"wp:term":[{"taxonomy":"category","embeddable":true,"href":"https:\/\/diocese-aveiro.pt\/cultura\/wp-json\/wp\/v2\/categories?post=14787"},{"taxonomy":"post_tag","embeddable":true,"href":"https:\/\/diocese-aveiro.pt\/cultura\/wp-json\/wp\/v2\/tags?post=14787"}],"curies":[{"name":"wp","href":"https:\/\/api.w.org\/{rel}","templated":true}]}}