{"id":1456,"date":"2017-07-05T12:27:24","date_gmt":"2017-07-05T11:27:24","guid":{"rendered":"http:\/\/diocese-aveiro.pt\/cultura\/?p=1456"},"modified":"2017-07-05T12:35:16","modified_gmt":"2017-07-05T11:35:16","slug":"aveirense-ilustre-manuel-dos-reis-matematico-e-astronomo","status":"publish","type":"post","link":"https:\/\/diocese-aveiro.pt\/cultura\/aveirense-ilustre-manuel-dos-reis-matematico-e-astronomo\/","title":{"rendered":"Aveirense ilustre &#8211; Manuel dos Reis, matem\u00e1tico e astr\u00f3nomo"},"content":{"rendered":"<p><em>Aveirense ilustre<\/em><\/p>\n<h2 style=\"text-align: center;\">Manuel dos Reis, matem\u00e1tico e astr\u00f3nomo<\/h2>\n<p style=\"text-align: center;\">Cardoso Ferreira (Textos)<\/p>\n<h6 style=\"text-align: justify;\">Nascido em Aveiro, no ano de 1900, Manuel dos Reis foi um eminente matem\u00e1tico e astr\u00f3nomo, tendo dirigido o Observat\u00f3rio Astron\u00f3mico da Universidade de Coimbra, universidade onde foi professor catedr\u00e1tico.<\/h6>\n<p style=\"text-align: justify;\">Filho de Casimira Ferreira da Silva, Manuel dos Reis nasceu em Aveiro, no dia 22 de fevereiro de 1900, e faleceu na cidade de Coimbra, no dia 13 de mar\u00e7o de 1992, estando sepultado nesta \u00faltima cidade.<\/p>\n<p style=\"text-align: justify;\">Ap\u00f3s o ensino prim\u00e1rio, Manuel dos Reis fez o ensino secund\u00e1rio no ent\u00e3o Liceu de Aveiro, no ano de 1917. Da\u00ed seguiu para Coimbra, onde, nesse mesmo ano, se matriculou-se na Faculdade de Ci\u00eancias da Universidade de Coimbra, concluindo a licenciatura em Ci\u00eancias Matem\u00e1ticas, no ano de 1921, com informa\u00e7\u00e3o final de 19 valores (ato de formatura com 20 valores). No dia 26 de junho de 1929, obteve o grau de doutor, com a disserta\u00e7\u00e3o \u201cSobre os Princ\u00edpios Fundamentais do C\u00e1lculo das Probabilidades\u201d, a qual foi classificada com 20 valores.<\/p>\n<p style=\"text-align: justify;\">Ap\u00f3s a licenciatura, Manuel dos Reis permaneceu na Faculdade de Ci\u00eancias da Universidade de Coimbra, como docente. Entre 1922 e 1928, lecionou, como segundo assistente, as cadeiras de Mec\u00e2nica e Astronomia. Em 19927 e 1928, ainda como segundo assistente, tamb\u00e9m lecionou as cadeiras de C\u00e1lculo das Probabilidades e de Mec\u00e2nica Racional. De 1928 a 1931, j\u00e1 como professor contratado, lecionou as cadeiras de Mec\u00e2nica e Astronomia e de Mec\u00e2nica Racional e, nesse \u00faltimo ano letivo, ainda a cadeira de F\u00edsica Matem\u00e1tica. Entre 1931 e 1933, como professor auxiliar, lecionou as cadeiras de F\u00edsica e de F\u00edsica Matem\u00e1tica. Entre 1933 e 1970, data em que se jubilou, foi professor catedr\u00e1tico de F\u00edsica. Foi com a disserta\u00e7\u00e3o \u201cO Problema da Gravita\u00e7\u00e3o Universal\u201d, aprovada por unanimidade, que ent\u00e3o conseguiu ascender a professor catedr\u00e1tico.<\/p>\n<p style=\"text-align: justify;\">Segundo o professor Carlos Fiolhais, no livro \u201cEinstein entre n\u00f3s\u201d, o estudo do aveirense foi na \u00e9poca \u201ca apresenta\u00e7\u00e3o mais completa da relatividade restrita e geral\u201d de Einstein.<\/p>\n<p style=\"text-align: justify;\">Em simult\u00e2neo com as cadeiras de Astronomia e Mec\u00e2nica Celeste, de que era titular, lecionou as cadeiras de C\u00e1lculo das Probabilidades, Mec\u00e2nica Racional, F\u00edsica Matem\u00e1tica e F\u00edsica.<\/p>\n<p style=\"text-align: justify;\"><strong>Diretor do Observat\u00f3rio Astron\u00f3mico e da Faculdade de Ci\u00eancias<\/strong><\/p>\n<p style=\"text-align: justify;\">A par da sua carreira letiva, Manuel dos Reis exerceu diversos cargos, com destaque para o de diretor do Observat\u00f3rio Astron\u00f3mico, do qual tomou posse no dia 13 de mar\u00e7o de 1934. Foi durante o seu mandato que o Observat\u00f3rio Astron\u00f3mico da Universidade de Coimbra deixou as instala\u00e7\u00f5es onde esteve durante cerca de s\u00e9culo e meio, devido \u00e0 constru\u00e7\u00e3o da nova cidade universit\u00e1ria, para se transferir, no ano de 1951, para o Alto de Santa Clara, onde ainda permanece.<\/p>\n<p style=\"text-align: justify;\">Dirigiu os Anais do Observat\u00f3rio Astron\u00f3mico da Universidade de Coimbra e foi diretor das Efem\u00e9rides Astron\u00f3micas.<\/p>\n<p style=\"text-align: justify;\">No dia 24 de agostou de 1957, assumiu tamb\u00e9m o cargo de bibliotec\u00e1rio da Faculdade de Ci\u00eancias. Foi ainda diretor da Sec\u00e7\u00e3o de Matem\u00e1tica da sua Faculdade.<\/p>\n<p style=\"text-align: justify;\">Desempenhou ainda as fun\u00e7\u00f5es de diretor do Centro de Matem\u00e1tica Aplicada ao Estudo da Energia Nuclear, do Instituto de Alta Cultural, anexo \u00e0 Faculdade de Ci\u00eancias de Coimbra. Foi o primeiro diretor do Centro de Estudos Matem\u00e1ticos do Instituto de Alta Cultura, anexo \u00e0 Faculdade de Ci\u00eancias de Coimbra.<\/p>\n<p style=\"text-align: justify;\"><strong>S\u00f3cio efetivo da Academiade Ci\u00eancias de Lisboa<\/strong><\/p>\n<p style=\"text-align: justify;\">Manuel dos Reis notabilizou-se tamb\u00e9m como astr\u00f3nomo. A partir de 1935, foi membro da Uni\u00e3o Astron\u00f3mica Internacional, e tamb\u00e9m membro da Comiss\u00e3o de Fen\u00f3menos da Cromosfera Solar da Uni\u00e3o Astron\u00f3mica Internacional.<\/p>\n<p style=\"text-align: justify;\">No ano de 1961, foi vogal da Comiss\u00e3o Nacional da Union Internationale de l\u00b4Histoire des Sciences.<\/p>\n<p style=\"text-align: justify;\">Nos anos de 1948 e de 1970, desempenhou o cargo de vice-presidente da dire\u00e7\u00e3o da Sec\u00e7\u00e3o Portuguesa das Uni\u00f5es Internacionais Astron\u00f3mica, Geod\u00e9sica e Geof\u00edsica.<\/p>\n<p style=\"text-align: justify;\">Entre 1952 e 1955, foi vogal da Comiss\u00e3o Permanente de Ci\u00eancias do Instituto de Alta Cultura. Foi tamb\u00e9m vogal da Comiss\u00e3o do Grupo Portugu\u00eas de Hist\u00f3ria das Ci\u00eancias, do Instituto de Alta Cultura.<\/p>\n<p style=\"text-align: justify;\">A partir de 1923, passou a ser s\u00f3cio efetivo do Instituto de Coimbra.<\/p>\n<p style=\"text-align: justify;\">No ano de 1958, foi eleito s\u00f3cio correspondente da Academia das Ci\u00eancias de Lisboa, e, no ano seguinte, foi eleito s\u00f3cio efetivo da Academia de Ci\u00eancias de Lisboa e s\u00f3cio da Soci\u00e9t\u00e9 Belge d\u2019Astronomie.<\/p>\n<p style=\"text-align: justify;\">Foi presidente da Comiss\u00e3o da Academia das Ci\u00eancias, encarregado de completar a publica\u00e7\u00e3o das Obras de Pedro Nunes.<\/p>\n<p style=\"text-align: justify;\">Manuel dos Reis foi autor de uma vasta bibliografia, de onde se destacam obras como \u201cO problema da gravita\u00e7\u00e3o universal\u201d, \u201cO Regimento do Norte na astronomia n\u00e1utica portuguesa da \u00e9poca dos descobrimentos\u201d e \u201cGalileu e a Astronomia\u201d.<\/p>\n<p style=\"text-align: justify;\"><em>Arquivo de Manuel dos Reis nas Universidades de Coimbra e de Aveiro<\/em><\/p>\n<p style=\"text-align: justify;\"><em>Parte do arquivo pessoal e cient\u00edfico de Manuel dos Reis encontra-se, desde outubro de 2013, no Arquivo da Universidade de Coimbra. Esse esp\u00f3lio documental foi entregue por Luciano dos Reis, sobrinho de Manuel dos Reis, ao ent\u00e3o diretor do Observat\u00f3rio Astron\u00f3mico de Coimbra, Artur Alves, e ao presidente do Conselho do Departamento de Matem\u00e1tica, Jos\u00e9 Vit\u00f3ria, tendo ficado em dep\u00f3sito no Observat\u00f3rio Astron\u00f3mico de Coimbra, de onde transitou para o Departamento de Matem\u00e1tica da FCTUC, a\u00ed permanecendo at\u00e9 \u00e0 sua transfer\u00eancia para o Arquivo da Universidade de Coimbra.<\/em><\/p>\n<p style=\"text-align: justify;\"><em>O arquivo de Manuel dos Reis \u00e9 constitu\u00eddo, maioritariamente, por documenta\u00e7\u00e3o avulsa e manuscrita com estudos e notas cient\u00edficas de Matem\u00e1tica, de Astronomia, de Probabilidade, de Relatividade geral, de Mec\u00e2nica celeste e relacional, de An\u00e1lise superior, alguns dos quais serviram de base a publica\u00e7\u00f5es.<\/em><\/p>\n<p style=\"text-align: justify;\"><em>Engloba ainda apontamentos das aulas, refer\u00eancias bibliogr\u00e1ficas e sum\u00e1rios de disciplinas lecionadas. Tamb\u00e9m inclui minutas de correspond\u00eancia expedida e de comunica\u00e7\u00f5es e discursos apresentados \u00e0 Academia de Ci\u00eancias de Lisboa.<\/em><\/p>\n<p style=\"text-align: justify;\"><em>O esp\u00f3lio integra, ainda, publica\u00e7\u00f5es pr\u00f3prias (brochuras e separatas) e um conjunto de diapositivos com vista a\u00e9rea do concelho de Coimbra.<\/em><\/p>\n<p style=\"text-align: justify;\"><em>Na Universidade de Aveiro est\u00e1 a biblioteca pessoal de Manuel dos Reis, composta por cerca de 6700 documentos, entre livros e artigos cient\u00edficos, sobretudo nas \u00e1reas das matem\u00e1ticas, f\u00edsica e astronomia, incluindo de destacados autores de ci\u00eancia a n\u00edvel internacional.<\/em><\/p>\n<p><img loading=\"lazy\" decoding=\"async\" class=\"wp-image-1457 alignleft\" src=\"https:\/\/diocese-aveiro.pt\/cultura\/wp-content\/uploads\/2017\/07\/foto1-1024x838.jpg\" alt=\"\" width=\"323\" height=\"264\" srcset=\"https:\/\/diocese-aveiro.pt\/cultura\/wp-content\/uploads\/2017\/07\/foto1-1024x838.jpg 1024w, https:\/\/diocese-aveiro.pt\/cultura\/wp-content\/uploads\/2017\/07\/foto1-300x245.jpg 300w, https:\/\/diocese-aveiro.pt\/cultura\/wp-content\/uploads\/2017\/07\/foto1-768x628.jpg 768w, https:\/\/diocese-aveiro.pt\/cultura\/wp-content\/uploads\/2017\/07\/foto1-600x491.jpg 600w, https:\/\/diocese-aveiro.pt\/cultura\/wp-content\/uploads\/2017\/07\/foto1-367x300.jpg 367w\" sizes=\"auto, (max-width: 323px) 100vw, 323px\" \/><img loading=\"lazy\" decoding=\"async\" class=\"wp-image-1459 alignleft\" style=\"font-size: 1.8rem;\" src=\"https:\/\/diocese-aveiro.pt\/cultura\/wp-content\/uploads\/2017\/07\/foto2-1024x768.jpg\" alt=\"\" width=\"349\" height=\"262\" srcset=\"https:\/\/diocese-aveiro.pt\/cultura\/wp-content\/uploads\/2017\/07\/foto2-1024x768.jpg 1024w, https:\/\/diocese-aveiro.pt\/cultura\/wp-content\/uploads\/2017\/07\/foto2-300x225.jpg 300w, https:\/\/diocese-aveiro.pt\/cultura\/wp-content\/uploads\/2017\/07\/foto2-768x576.jpg 768w, https:\/\/diocese-aveiro.pt\/cultura\/wp-content\/uploads\/2017\/07\/foto2-600x450.jpg 600w, https:\/\/diocese-aveiro.pt\/cultura\/wp-content\/uploads\/2017\/07\/foto2-400x300.jpg 400w\" sizes=\"auto, (max-width: 349px) 100vw, 349px\" \/><\/p>\n<p>&nbsp;<\/p>\n<h6 style=\"text-align: center;\">Legenda das duas fotos:<\/h6>\n<h6 style=\"text-align: justify;\">O professor Manuel dos Reis toma a palavra durante a inaugura\u00e7\u00e3o da Faculdade de Matem\u00e1tica, no dia 17 de abril de 1969 (foto de cima; sentado na foto de baixo). Na mesa est\u00e3o tamb\u00e9m, a partir da esquerda, o reitor da Universidade de Coimbra, o ministro das Obras P\u00fablicas, o Presidente da Rep\u00fablica (Am\u00e9rico Thomaz) e o ministro da Educa\u00e7\u00e3o (Jos\u00e9 Hermano Saraiva). O evento, por n\u00e3o ter sido dada a palavra ao presidente da Associa\u00e7\u00e3o Acad\u00e9mica, Alberto Martins, que viria a ser ministro da Justi\u00e7a de um governo do PS, desencadeou a Crise Acad\u00e9mica de 1969.<\/h6>\n<p style=\"text-align: right;\"><em><strong>\u00a0(A rubrica \u00abAveirenses ilustres\u00bb \u00e9 promovida em parceria com o jornal diocesano\u00a0<a href=\"http:\/\/sites.ecclesia.pt\/cv\/\" target=\"_blank\" rel=\"noopener\">Correio do Vouga<\/a>)<\/strong><\/em><\/p>\n","protected":false},"excerpt":{"rendered":"<p>Aveirense ilustre Manuel<\/p>\n","protected":false},"author":1,"featured_media":1457,"comment_status":"closed","ping_status":"open","sticky":false,"template":"","format":"standard","meta":{"footnotes":""},"categories":[46,64,65,13],"tags":[],"class_list":["post-1456","post","type-post","status-publish","format-standard","has-post-thumbnail","hentry","category-autores","category-aveirenses-ilustres","category-cardoso-ferreira","category-olhares"],"_links":{"self":[{"href":"https:\/\/diocese-aveiro.pt\/cultura\/wp-json\/wp\/v2\/posts\/1456","targetHints":{"allow":["GET"]}}],"collection":[{"href":"https:\/\/diocese-aveiro.pt\/cultura\/wp-json\/wp\/v2\/posts"}],"about":[{"href":"https:\/\/diocese-aveiro.pt\/cultura\/wp-json\/wp\/v2\/types\/post"}],"author":[{"embeddable":true,"href":"https:\/\/diocese-aveiro.pt\/cultura\/wp-json\/wp\/v2\/users\/1"}],"replies":[{"embeddable":true,"href":"https:\/\/diocese-aveiro.pt\/cultura\/wp-json\/wp\/v2\/comments?post=1456"}],"version-history":[{"count":2,"href":"https:\/\/diocese-aveiro.pt\/cultura\/wp-json\/wp\/v2\/posts\/1456\/revisions"}],"predecessor-version":[{"id":1461,"href":"https:\/\/diocese-aveiro.pt\/cultura\/wp-json\/wp\/v2\/posts\/1456\/revisions\/1461"}],"wp:featuredmedia":[{"embeddable":true,"href":"https:\/\/diocese-aveiro.pt\/cultura\/wp-json\/wp\/v2\/media\/1457"}],"wp:attachment":[{"href":"https:\/\/diocese-aveiro.pt\/cultura\/wp-json\/wp\/v2\/media?parent=1456"}],"wp:term":[{"taxonomy":"category","embeddable":true,"href":"https:\/\/diocese-aveiro.pt\/cultura\/wp-json\/wp\/v2\/categories?post=1456"},{"taxonomy":"post_tag","embeddable":true,"href":"https:\/\/diocese-aveiro.pt\/cultura\/wp-json\/wp\/v2\/tags?post=1456"}],"curies":[{"name":"wp","href":"https:\/\/api.w.org\/{rel}","templated":true}]}}