{"id":14539,"date":"2022-05-18T18:37:13","date_gmt":"2022-05-18T17:37:13","guid":{"rendered":"https:\/\/diocese-aveiro.pt\/cultura\/?p=14539"},"modified":"2022-05-18T18:37:13","modified_gmt":"2022-05-18T17:37:13","slug":"documentos-santa-joana-padroeira-das-jmj-2023","status":"publish","type":"post","link":"https:\/\/diocese-aveiro.pt\/cultura\/documentos-santa-joana-padroeira-das-jmj-2023\/","title":{"rendered":"Documentos | Santa Joana padroeira das JMJ 2023"},"content":{"rendered":"<p class=\"has-text-align-center\" style=\"text-align: center;\"><strong>Patronos da JMJ Lisboa 2023\u00a0<\/strong><\/p>\n<p style=\"text-align: justify;\">Padroeira por excel\u00eancia da pr\u00f3xima Jornada Mundial da Juventude \u00e9 a\u00a0<strong>Virgem Maria<\/strong>, a jovem que \u00a0aceitou ser m\u00e3e do Filho de Deus incarnado. Ela que se levantou e foi apressadamente para a \u00a0montanha, ao encontro de sua prima Isabel, levando-lhe Jesus que concebera. Assim ensina os \u00a0jovens de todo o tempo e lugar a levaram Jesus aos outros que O esperam, agora como ent\u00e3o!<\/p>\n<p style=\"text-align: justify;\">Patrono \u00e9 tamb\u00e9m\u00a0<strong>S\u00e3o Jo\u00e3o Paulo II<\/strong>, a quem se deve a iniciativa das Jornadas, que t\u00eam reunido e \u00a0animado milh\u00f5es de jovens dos cinco continentes.<\/p>\n<p style=\"text-align: justify;\">Padroeiros e padroeiras s\u00e3o todos os santos e santas que se dedicaram ao servi\u00e7o da juventude e em \u00a0especial\u00a0<strong>S\u00e3o Jo\u00e3o Bosco<\/strong>, que S\u00e3o Jo\u00e3o Paulo II declarou \u201cPai e Mestre da Juventude\u201d. Aos \u00a0formadores prop\u00f4s o seu \u201csistema preventivo\u201d, de permanente atualidade: \u00abEstai com os jovens, \u00a0evitai o pecado pela raz\u00e3o, religi\u00e3o e amabilidade. Tornai-vos santos, educadores de santos. Os \u00a0nossos jovens sintam que s\u00e3o amados\u00bb.<\/p>\n<p style=\"text-align: justify;\">Contamos tamb\u00e9m com a prote\u00e7\u00e3o de\u00a0<strong>S\u00e3o Vicente<\/strong>, di\u00e1cono e m\u00e1rtir do s\u00e9culo IV, que sendo \u00a0padroeiro da diocese a todos acolher\u00e1 e refor\u00e7ar\u00e1 com a sua caridade e testemunho evang\u00e9lico.<\/p>\n<p style=\"text-align: justify;\">Realizando-se em Lisboa, a Jornada ter\u00e1 o apoio celestial de alguns santos lisboetas, que daqui \u00a0partiram para anunciar a Cristo. Como\u00a0<strong>Santo Ant\u00f3nio<\/strong>, nascido por volta de 1190, que mais tarde \u00a0seguiria, j\u00e1 franciscano, rumo a Marrocos primeiro e logo de seguida para a It\u00e1lia, o Sul de Fran\u00e7a e \u00a0de novo It\u00e1lia, convertendo muita gente ao Evangelho que vivia e pregava. Faleceu em P\u00e1dua em \u00a01231 e um ano depois j\u00e1 tinha sido canonizado, tanta era a certeza da sua santidade. O papa Le\u00e3o XIII \u00a0chamou-lhe \u201co santo do mundo inteiro\u201d.<\/p>\n<p style=\"text-align: justify;\">Tamb\u00e9m de Lisboa foi, s\u00e9culos depois,\u00a0<strong>S\u00e3o Bartolomeu dos M\u00e1rtires<\/strong>, dominicano e arcebispo de \u00a0Braga. Partiu para Trento, tomando parte na \u00faltima fase (1562-63) do Conc\u00edlio que ali quis reformar a \u00a0Igreja, tornando os pastores mais pr\u00f3ximos das ovelhas, como o Evangelho requer e tanto insiste o \u00a0Papa Francisco. S\u00e3o Bartolomeu, no Conc\u00edlio e depois, foi determinante neste sentido e ainda hoje \u00a0nos motiva a todos.<\/p>\n<p style=\"text-align: justify;\">Um s\u00e9culo depois, outro jovem lisboeta,\u00a0<strong>S\u00e3o Jo\u00e3o de Brito<\/strong>, jesu\u00edta, partiu para a \u00cdndia, para anunciar \u00a0Cristo. Impar\u00e1vel no an\u00fancio e nas viagens dif\u00edceis, vestindo e falando de modo a chegar a todos os \u00a0grupos e classes, foi martirizado em Oriur, em 1693.<\/p>\n<p style=\"text-align: justify;\">Acompanham-nos tamb\u00e9m alguns bem-aventurados (beatificados), lisboetas tamb\u00e9m. A primeira, \u00a0<strong>Joana de Portugal<\/strong>, filha do rei Afonso V, que podendo ter sido rainha em v\u00e1rios reinos da Europa \u00a0preferiu unir-se a Cristo e \u00e0 paix\u00e3o de Cristo, partindo para o claustro aos dezanove anos. Faleceu em \u00a0Aveiro, no convento das dominicanas, em 1490. Chamamos-lhe Santa Joana Princesa e impele-nos a \u00a0escolhas radicais.<\/p>\n<p style=\"text-align: justify;\">Em 1570,\u00a0<strong>Jo\u00e3o Fernandes<\/strong>, jovem jesu\u00edta, foi martirizado ao largo das Can\u00e1rias, quando se dirigia para \u00a0a miss\u00e3o do Brasil. Foi um dos quarenta m\u00e1rtires dessa altura, chefiados pelo Beato In\u00e1cio de\u00a0Azevedo. Tinham partido em resposta ao seu apelo mission\u00e1rio e decerto contribu\u00edram desse modo \u00a0no C\u00e9u para a miss\u00e3o que n\u00e3o conseguiram realizar na terra.<\/p>\n<p style=\"text-align: justify;\">Mais tarde,\u00a0<strong>Maria Clara do Menino Jesus<\/strong>, jovem aristocrata nascida nos arredores da capital. Ficou \u00a0orf\u00e3 muito cedo, mas decidiu ser \u201cm\u00e3e\u201d dos desamparados. Numa altura em que tal era oficialmente proibido, conseguiu fundar uma congrega\u00e7\u00e3o religiosa dedicada a essa causa (Franciscanas \u00a0Hospitaleiras da Imaculada Concei\u00e7\u00e3o). At\u00e9 falecer, em 1899, ultrapassou todas as oposi\u00e7\u00f5es, \u00a0repetindo: \u00abOnde \u00e9 preciso fazer o bem, que se fa\u00e7a!\u00bb<\/p>\n<p style=\"text-align: justify;\">A estes jovens lisboetas que \u201cpartiram\u201d como a M\u00e3e de Jesus, quer na geografia do mundo quer na \u00a0geografia da alma, para levarem Cristo a muitos outros, juntam-se padroeiros de outras origens mas \u00a0do mesmo Reino. Como o bem-aventurado\u00a0<strong>Pedro Jorge Frassati<\/strong>, que at\u00e9 falecer em Turim, em 1925, \u00a0aos vinte e quatro anos, a todos tocou com o dinamismo, a alegria e a caridade com que vivia o \u00a0Evangelho, tanto escalando os Alpes como servindo os pobres. S\u00e3o Jo\u00e3o Paulo II chamou-lhe \u201co \u00a0Homem das Oito Bem-Aventuran\u00e7as\u201d.<\/p>\n<p style=\"text-align: justify;\">Com a mesma juventude e generosidade, contamos com o bem-aventurado\u00a0<strong>Marcel Callo<\/strong>, nascido \u00a0em Rennes e falecido no campo de concentra\u00e7\u00e3o de Mauthausen em 1945. Foi escuteiro e depois \u00a0jocista (Juventude Oper\u00e1ria Cat\u00f3lica) e, quando aos 22 anos foi chamado para o trabalho obrigat\u00f3rio \u00a0na Alemanha, para l\u00e1 partiu, com a firme inten\u00e7\u00e3o de continuar o apostolado nessa dur\u00edssima \u00a0condi\u00e7\u00e3o. Por isso o levaram depois para o campo de concentra\u00e7\u00e3o onde viria a morrer.<\/p>\n<p style=\"text-align: justify;\">Contamos ainda com a prote\u00e7\u00e3o de dois jovens bem-aventurados que tamb\u00e9m \u201cpartiram\u201d, mesmo \u00a0quando a doen\u00e7a lhes imobilizou o corpo, mas n\u00e3o o cora\u00e7\u00e3o. Como Cristo pregado na cruz, que da\u00ed \u00a0mesmo partiu para o Pai e nos salvou a todos com a vida que entregou. Foi com Cristo abandonado<\/p>\n<p style=\"text-align: justify;\">na cruz que se quis identificar a bem-aventurada\u00a0<strong>Chiara Badano<\/strong>, jovem focolarina, quando aos 16 \u00a0anos a doen\u00e7a a surpreendeu. Faleceria dois anos depois, em 1990, irradiando sempre uma alegria \u00a0luminosa que confirmou o nome de \u201cLuce\u201d, que Chiara Lubich lhe dera.<\/p>\n<p style=\"text-align: justify;\">No ano seguinte, 1991, nasceu o bem-aventurado\u00a0<strong>Carlo Acutis<\/strong>, que veio a morrer de leucemia em \u00a0Monza aos quinze anos. A sua curta vida foi preenchida com grande devo\u00e7\u00e3o mariana e eucar\u00edstica, \u00a0que a habilidade com o computador lhe permitiu difundir, mesmo durante a doen\u00e7a. Assim mesmo \u00a0fez do seu sofrimento uma oferta e partiu feliz.<\/p>\n<p style=\"text-align: justify;\">No tempo de cada um, os Patronos da JMJ Lisboa 2023 demonstraram que a vida de Cristo preenche \u00a0e salva a juventude de sempre. Com eles contamos, com eles partimos!<\/p>\n<p style=\"text-align: center;\">Dom Manuel Clemente<\/p>\n<p style=\"text-align: center;\">Cardeal-Patriarca de Lisboa<\/p>\n","protected":false},"excerpt":{"rendered":"<p>Patronos da JMJ<\/p>\n","protected":false},"author":1,"featured_media":14540,"comment_status":"closed","ping_status":"closed","sticky":false,"template":"","format":"standard","meta":{"footnotes":""},"categories":[12],"tags":[],"class_list":["post-14539","post","type-post","status-publish","format-standard","has-post-thumbnail","hentry","category-documentos"],"_links":{"self":[{"href":"https:\/\/diocese-aveiro.pt\/cultura\/wp-json\/wp\/v2\/posts\/14539","targetHints":{"allow":["GET"]}}],"collection":[{"href":"https:\/\/diocese-aveiro.pt\/cultura\/wp-json\/wp\/v2\/posts"}],"about":[{"href":"https:\/\/diocese-aveiro.pt\/cultura\/wp-json\/wp\/v2\/types\/post"}],"author":[{"embeddable":true,"href":"https:\/\/diocese-aveiro.pt\/cultura\/wp-json\/wp\/v2\/users\/1"}],"replies":[{"embeddable":true,"href":"https:\/\/diocese-aveiro.pt\/cultura\/wp-json\/wp\/v2\/comments?post=14539"}],"version-history":[{"count":1,"href":"https:\/\/diocese-aveiro.pt\/cultura\/wp-json\/wp\/v2\/posts\/14539\/revisions"}],"predecessor-version":[{"id":14541,"href":"https:\/\/diocese-aveiro.pt\/cultura\/wp-json\/wp\/v2\/posts\/14539\/revisions\/14541"}],"wp:featuredmedia":[{"embeddable":true,"href":"https:\/\/diocese-aveiro.pt\/cultura\/wp-json\/wp\/v2\/media\/14540"}],"wp:attachment":[{"href":"https:\/\/diocese-aveiro.pt\/cultura\/wp-json\/wp\/v2\/media?parent=14539"}],"wp:term":[{"taxonomy":"category","embeddable":true,"href":"https:\/\/diocese-aveiro.pt\/cultura\/wp-json\/wp\/v2\/categories?post=14539"},{"taxonomy":"post_tag","embeddable":true,"href":"https:\/\/diocese-aveiro.pt\/cultura\/wp-json\/wp\/v2\/tags?post=14539"}],"curies":[{"name":"wp","href":"https:\/\/api.w.org\/{rel}","templated":true}]}}