{"id":14435,"date":"2022-05-02T18:13:51","date_gmt":"2022-05-02T17:13:51","guid":{"rendered":"https:\/\/diocese-aveiro.pt\/cultura\/?p=14435"},"modified":"2022-05-02T18:13:51","modified_gmt":"2022-05-02T17:13:51","slug":"pe-georgino-rocha-domingo-iv-da-pascoa-escutar-e-seguir-jesus-o-nosso-bom-pastor","status":"publish","type":"post","link":"https:\/\/diocese-aveiro.pt\/cultura\/pe-georgino-rocha-domingo-iv-da-pascoa-escutar-e-seguir-jesus-o-nosso-bom-pastor\/","title":{"rendered":"Pe. Georgino Rocha | Domingo IV da P\u00e1scoa &#8211; Escutar e seguir Jesus, o nosso Bom Pastor"},"content":{"rendered":"<p style=\"font-weight: 400;\">\n<p style=\"font-weight: 400; text-align: center;\"><strong><em>Pe. Georgino Rocha\u00a0<\/em><\/strong><\/p>\n<p style=\"font-weight: 400; text-align: justify;\">A liturgia faz-nos dar um passo em frente. Ap\u00f3s as apari\u00e7\u00f5es que confirmam Jesus como o Vivente ressuscitado, surge esta declara\u00e7\u00e3o solene em resposta \u00e0s autoridades dos judeus que o haviam rodeado no Templo de Jerusal\u00e9m e interpelado de forma clara e incisiva: \u201cSe \u00e9s o Messias, diz-no-lo abertamente\u201d. Jo 10-30.<\/p>\n<p style=\"font-weight: 400; text-align: justify;\">\u201cAs obras que fa\u00e7o em nome do Meu Pai d\u00e3o testemunho de Mim; v\u00f3s, por\u00e9m n\u00e3o quereis acreditar\u201d, responde Jesus. S\u00e3o as obras que dizem quem Ele \u00e9, que dizem quem n\u00f3s somos. Obras que d\u00e3o testemunho coerente e interpelante, atraente e irradiante.<\/p>\n<p style=\"font-weight: 400; text-align: justify;\">Hoje, a Igreja celebra o 59\u00ba Dia Mundial de Ora\u00e7\u00e3o pelas Voca\u00e7\u00f5es. E o Papa Francisco dirige-se aos jovens em termos vigorosos: &#8220;N\u00e3o sejam surdos \u00e0 chamada do Senhor! Se Ele os chamar, n\u00e3o se oponham, mas confiem nele. N\u00e3o se deixem contagiar pelo medo, que nos paralisa, diante da proposta do Senhor. Lembrem-se sempre que o Senhor promete, aos que deixam tudo para segui-lo, a alegria de uma vida nova, que enche o cora\u00e7\u00e3o e anima nosso caminho&#8221;.<\/p>\n<p style=\"font-weight: 400; text-align: justify;\">Seguir Jesus \u00e9 escutar a sua voz que nos chega em tantos sons e tons; \u00e9 colocar os nossos passos nas pegadas que nos deixa nos caminhos da vida; \u00e9 (re)conhecer o chamamento que nos faz; \u00e9 aceitar ser membro da sua comunidade que, em linguagem pastoril pr\u00f3pria da \u00e9poca e da cultura do seu tempo, se designa por rebanho de ovelhas de que Ele \u00e9 o belo e o bom Pastor.<\/p>\n<p style=\"font-weight: 400; text-align: justify;\">O \u00fanico Pastor, Jesus Cristo, comunica aos Seus disc\u00edpulos, aos crist\u00e3os, \u00e0 Igreja, a miss\u00e3o de serem pastores. S\u00e3o \u201cpessoas que presidem e animam nossas comunidades crist\u00e3s: Bispos, padres, ministros\u2026 pessoas que devemos escutar e seguir; pessoas que ensinam a mensagem de Cristo: os pais, os mestres, os catequistas&#8230;; os companheiros de trabalho que se comportam com honestidade; a m\u00e3e, que, marcada pela dor, tudo suporta com paci\u00eancia e com amor, o pai que educa o filho para o perd\u00e3o, para a reconcilia\u00e7\u00e3o, para a partilha\u201d, exemplifica o Padre Ant\u00f3nio no seu coment\u00e1rio dominical.<\/p>\n<p style=\"font-weight: 400; text-align: justify;\">\u00a0A rela\u00e7\u00e3o do pastor com o rebanho visualiza a rela\u00e7\u00e3o de Jesus connosco: conhece o nome, a consci\u00eancia; acompanha-nos nos caminhos da vida, alerta-nos para a responsabilidade do presente e indica-nos a satisfa\u00e7\u00e3o do futuro. N\u00e3o nos substitui, mas oferece-nos o seu amparo e protec\u00e7\u00e3o, garante-nos seguran\u00e7a e respeita a liberdade.<\/p>\n<p style=\"font-weight: 400; text-align: justify;\">A ilustrar o tipo desta rela\u00e7\u00e3o, conta-se que um actor deliciava os convivas durante o ser\u00e3o realizado num castelo na Inglaterra. Declamava textos de Shakespeare. No fim e perante o agrado geral, disp\u00f4s-se a que lhe pedissem um bis. Os convidados ficam em sil\u00eancio. Ent\u00e3o um padre cat\u00f3lico, perguntou-lhe se sabia o salmo 22. \u201cSim, sei. Mas s\u00f3 o declamarei se, depois de mim, o recitar o senhor\u201d. T\u00edmido, o padre aceita. (Este salmo narra com grande beleza e realismo a ac\u00e7\u00e3o de Deus como pastor sol\u00edcito). A declama\u00e7\u00e3o do actor entusiasma os convivas a ponto de o aplaudirem de p\u00e9. Depois segue-se a interven\u00e7\u00e3o do padre que faz uma recita\u00e7\u00e3o diferente. \u00c0 medida que avan\u00e7ava, um sil\u00eancio mais profundo se sentia e, num ou noutro rosto, assomava uma l\u00e1grima sentida. Gerou-se um ambiente especial em que se respirava algo espiritual. N\u00e3o houve palmas, mas surgiu a voz do actor a dizer: \u201cSenhoras e senhores, espero que tenham compreendido o que aconteceu aqui esta noite. \u201cEu declamei como um artista que sabe o salmo, o padre mostrou bem que conhece o Pastor. Parab\u00e9ns!\u201d<\/p>\n<p style=\"font-weight: 400; text-align: justify;\">Que belo depoimento! E como s\u00e3o precisos os padres que conhecem e testemunham o bom e belo Pastor!<\/p>\n<hr \/>\n<p style=\"text-align: right;\"><a href=\"https:\/\/pixabay.com\/pt\/photos\/ovelha-rebanho-rebanho-de-ovelhas-1305432\/\" target=\"_blank\" rel=\"noopener\">https:\/\/pixabay.com\/pt\/<\/a><\/p>\n","protected":false},"excerpt":{"rendered":"<p>Pe. Georgino Rocha\u00a0<\/p>\n","protected":false},"author":1,"featured_media":14436,"comment_status":"closed","ping_status":"closed","sticky":false,"template":"","format":"standard","meta":{"footnotes":""},"categories":[50,14],"tags":[],"class_list":["post-14435","post","type-post","status-publish","format-standard","has-post-thumbnail","hentry","category-pe-georgino-rocha","category-temas-para-debate"],"_links":{"self":[{"href":"https:\/\/diocese-aveiro.pt\/cultura\/wp-json\/wp\/v2\/posts\/14435","targetHints":{"allow":["GET"]}}],"collection":[{"href":"https:\/\/diocese-aveiro.pt\/cultura\/wp-json\/wp\/v2\/posts"}],"about":[{"href":"https:\/\/diocese-aveiro.pt\/cultura\/wp-json\/wp\/v2\/types\/post"}],"author":[{"embeddable":true,"href":"https:\/\/diocese-aveiro.pt\/cultura\/wp-json\/wp\/v2\/users\/1"}],"replies":[{"embeddable":true,"href":"https:\/\/diocese-aveiro.pt\/cultura\/wp-json\/wp\/v2\/comments?post=14435"}],"version-history":[{"count":1,"href":"https:\/\/diocese-aveiro.pt\/cultura\/wp-json\/wp\/v2\/posts\/14435\/revisions"}],"predecessor-version":[{"id":14437,"href":"https:\/\/diocese-aveiro.pt\/cultura\/wp-json\/wp\/v2\/posts\/14435\/revisions\/14437"}],"wp:featuredmedia":[{"embeddable":true,"href":"https:\/\/diocese-aveiro.pt\/cultura\/wp-json\/wp\/v2\/media\/14436"}],"wp:attachment":[{"href":"https:\/\/diocese-aveiro.pt\/cultura\/wp-json\/wp\/v2\/media?parent=14435"}],"wp:term":[{"taxonomy":"category","embeddable":true,"href":"https:\/\/diocese-aveiro.pt\/cultura\/wp-json\/wp\/v2\/categories?post=14435"},{"taxonomy":"post_tag","embeddable":true,"href":"https:\/\/diocese-aveiro.pt\/cultura\/wp-json\/wp\/v2\/tags?post=14435"}],"curies":[{"name":"wp","href":"https:\/\/api.w.org\/{rel}","templated":true}]}}