{"id":1437,"date":"2017-07-03T16:25:42","date_gmt":"2017-07-03T15:25:42","guid":{"rendered":"http:\/\/diocese-aveiro.pt\/cultura\/?p=1437"},"modified":"2017-07-03T16:25:42","modified_gmt":"2017-07-03T15:25:42","slug":"jesus-em-oracao-eu-te-bendigo-o-pai","status":"publish","type":"post","link":"https:\/\/diocese-aveiro.pt\/cultura\/jesus-em-oracao-eu-te-bendigo-o-pai\/","title":{"rendered":"Jesus em ora\u00e7\u00e3o: eu te bendigo, \u00f3 Pai"},"content":{"rendered":"<p style=\"text-align: center;\"><strong>Domingo XIV do Tempo Comum (Ano A)<\/strong><\/p>\n<p style=\"text-align: center;\"><strong>JESUS EM ORA<\/strong><strong>\u00c7\u00c3<\/strong><strong>O: EU TE BENDIGO, \u00d3 PAI<\/strong><\/p>\n<p style=\"text-align: center;\"><strong>Pe. Georgino Rocha<\/strong><\/p>\n<p style=\"text-align: justify;\"><strong>O texto de Mateus, hoje proclamado na liturgia, constitui um bom reflexo da sensibilidade de Jesus e dos horizontes em que se move; da sua vontade de instaurar os valores do Reino e da prefer\u00eancia por quem est\u00e1 aberto \u00e0 boa nova que anuncia; da sintonia com o ritmo do cora\u00e7\u00e3o humano nas suas aspira\u00e7\u00f5es mais genu\u00ednas e nos pequenos passos que vai dando. A felicidade surge como a aten\u00e7\u00e3o ao ser, relativizando o ter, tantas vezes expresso na sa\u00fade, dinheiro e amor. Sendo bens importantes n\u00e3o s\u00e3o os primordiais. A felicidade est\u00e1 nos nossos genes. O Evangelho \u00e9 o que melhor\u201d encaixa\u201d na nossa condi\u00e7\u00e3o humana.<\/strong><\/p>\n<p style=\"text-align: justify;\"><strong>A reac\u00e7\u00e3o inicial \u00e0 mensagem de Jesus manifesta v\u00e1rias atitudes: um povo infantil \u2013 como as crian\u00e7as que se divertem na pra\u00e7a p\u00fablica \u2013, uns fariseus r\u00edgidos nas suas convic\u00e7\u00f5es e um \u201cresto\u201d fiel aberto \u00e0 novidade de Deus e confiante na realiza\u00e7\u00e3o das promessas feitas. Perante esta diversidade, Jesus faz uma ora\u00e7\u00e3o de b\u00ean\u00e7\u00e3o a Deus Pai, exclamando: \u201cEu Te bendigo, \u00f3 Pai\u2026\u201d, ora\u00e7\u00e3o que apresenta uma leitura da situa\u00e7\u00e3o e abre horizontes de esperan\u00e7a para o futuro enraizado no presente.<\/strong>\u00a0<strong><em>Mt 11, 25-30.<\/em><\/strong><\/p>\n<p style=\"text-align: justify;\"><strong>\u201cEu Te bendigo, \u00f3 Pai\u201d porque deste a conhecer o teu projecto de amor a todos e queres realiz\u00e1-lo com a coopera\u00e7\u00e3o de cada um; confirmaste esta decis\u00e3o de muitos modos ao longo da hist\u00f3ria, mas agora por meio da miss\u00e3o que me confiaste e, a partir de mim, por aqueles que escolhi \u2013 os meus disc\u00edpulos e seus sucessores; aben\u00e7oaste a minha prefer\u00eancia pelos pequeninos do reino, pelos mansos e humildes de cora\u00e7\u00e3o.<\/strong><\/p>\n<p style=\"text-align: justify;\"><strong>\u201cEu Te bendigo, \u00f3 Pai\u201d porque est\u00e1s sempre comigo e por meio de mim desvendas o teu rosto bondoso e amigo, sorridente perante o agir dos seres humanos \u2013 homem e mulher &#8211; que acompanhas com solicitude confiante, pronto para o perd\u00e3o das suas neglig\u00eancias e recusas, compassivo e misericordioso; por mim, queres realizar a maior prova de humanidade, mediante a minha entrega incondicional \u00e0 defesa da dignidade humana e da verdade que liberta por amor. E fomos at\u00e9 \u00e0 cruz do Calv\u00e1rio!<\/strong><\/p>\n<p style=\"text-align: justify;\"><strong>\u201cEu Te bendigo, \u00f3 Pai\u201d porque compensas e alivias os cansados da vida \u2013 f\u00edsica, afectiva, intelectual, espiritual, moral, relacional \u2013 e os oprimidos pelo sem sentido do ram-ram da rotina, pelo peso das normas e leis desumanizantes, pelas burocracias administrativas, pelas tens\u00f5es e conflitos desgastantes; ofereces-lhes um \u201cespa\u00e7o\u201d novo \u2013 o meu cora\u00e7\u00e3o \u2013 aberto a todos para que possam respirar o al\u00edvio suave da humildade e da mansid\u00e3o e sintonizar com o seu ritmo de amor que se faz servi\u00e7o ousado constante.<\/strong><\/p>\n<p style=\"text-align: justify;\"><strong>\u201cEu Te bendigo, \u00f3 Pai\u201d porque queres dar-me a conhecer como sendo igual a Ti e mestre da humanidade, Teu Filho e tua palavra que \u00e9 necess\u00e1rio escutar. Bendigo-te pelo esfor\u00e7o de tantos que estudam a nossa presen\u00e7a nos segredos da natureza para que sirvam melhor a humanidade; por tantos que nos descobrem e apreciam no santu\u00e1rio da consci\u00eancia humana para que possam agir rectamente, recebendo o apoio da nossa luz e verdade; por tantos que nos encontram nas situa\u00e7\u00f5es sofridas e injustamente impostas \u2013 os meios de comunica\u00e7\u00e3o trazem ao olhar, nem sempre ao cora\u00e7\u00e3o, a \u201cponta\u201d aterradora deste mundo infame \u2013 e conscientemente se disp\u00f5em a socorrer-nos, aliviando a mis\u00e9ria consentida; por tantos que saboreiam a suavidade da nossa companhia e a leveza do nosso amor, vivendo o seu dia-a-dia com o esp\u00edrito que de n\u00f3s procede e nos relaciona, reservando tempos de encontro na ora\u00e7\u00e3o meditada, realinhando algum desvio moral na purifica\u00e7\u00e3o da consci\u00eancia, sendo membros respons\u00e1veis da sociedade e da comunidade crist\u00e3, dando testemunho de n\u00f3s, \u201crumando\u201d ao futuro definitivo onde todos conviveremos em fam\u00edlia.<\/strong><\/p>\n<p style=\"text-align: justify;\"><strong>Escutemos o Papa Francisco no seu apelo \u00e0 alegria e \u00e0 paz, apelo que real\u00e7a a simplicidade da vida que permite um novo sabor das pequenas coisas.<\/strong><\/p>\n<p style=\"text-align: justify;\"><strong>\u201c<\/strong><strong>A espiritualidade crist\u00e3 prop\u00f5e uma forma alternativa de entender a qualidade de vida, encorajando um estilo de vida prof\u00e9tico e contemplativo, capaz de gerar profunda alegria sem estar obcecado pelo consumo. \u00c9 importante adoptar um antigo ensinamento, presente em distintas tradi\u00e7\u00f5es religiosas e tamb\u00e9m na B\u00edblia. Trata-se da convic\u00e7\u00e3o de que \u00abquanto menos, tanto mais\u00bb. Com efeito, a acumula\u00e7\u00e3o constante de possibilidades para consumir distrai o cora\u00e7\u00e3o e impede de dar o devido apre\u00e7o a cada coisa e a cada momento. Pelo contr\u00e1rio, tornar-se serenamente presente diante de cada realidade, por mais pequena que seja, abre-nos muitas mais possibilidades de compreens\u00e3o e realiza\u00e7\u00e3o pessoal. A espiritualidade crist\u00e3 prop\u00f5e um crescimento na sobriedade e uma capacidade de se alegrar com pouco. \u00c9 um regresso \u00e0 simplicidade que nos permite parar a saborear as pequenas coisas, agradecer as possibilidades que a vida oferece sem nos apegarmos ao que temos nem entristecermos por aquilo que n\u00e3o possu\u00edmos. Isto exige evitar a din\u00e2mica do dom\u00ednio e da mera acumula\u00e7\u00e3o de prazeres\u201d.\u00a0Louvado Sejas, 222.<\/strong><\/p>\n<p style=\"text-align: justify;\"><strong>\u201cEu Te bendigo, \u00f3 Pai, porque assim foi do Teu agrado\u201d. N\u00e3o nos privemos da maravilha da ora\u00e7\u00e3o de Jesus, saboreemos a sua mensagem e, confiadamente, deixemo-nos interpelar<\/strong><\/p>\n<p style=\"text-align: justify;\">\n<p>&nbsp;<\/p>\n","protected":false},"excerpt":{"rendered":"<p>Domingo XIV do<\/p>\n","protected":false},"author":1,"featured_media":1438,"comment_status":"closed","ping_status":"open","sticky":false,"template":"","format":"standard","meta":{"footnotes":""},"categories":[46,13,50,14],"tags":[],"class_list":["post-1437","post","type-post","status-publish","format-standard","has-post-thumbnail","hentry","category-autores","category-olhares","category-pe-georgino-rocha","category-temas-para-debate"],"_links":{"self":[{"href":"https:\/\/diocese-aveiro.pt\/cultura\/wp-json\/wp\/v2\/posts\/1437","targetHints":{"allow":["GET"]}}],"collection":[{"href":"https:\/\/diocese-aveiro.pt\/cultura\/wp-json\/wp\/v2\/posts"}],"about":[{"href":"https:\/\/diocese-aveiro.pt\/cultura\/wp-json\/wp\/v2\/types\/post"}],"author":[{"embeddable":true,"href":"https:\/\/diocese-aveiro.pt\/cultura\/wp-json\/wp\/v2\/users\/1"}],"replies":[{"embeddable":true,"href":"https:\/\/diocese-aveiro.pt\/cultura\/wp-json\/wp\/v2\/comments?post=1437"}],"version-history":[{"count":1,"href":"https:\/\/diocese-aveiro.pt\/cultura\/wp-json\/wp\/v2\/posts\/1437\/revisions"}],"predecessor-version":[{"id":1439,"href":"https:\/\/diocese-aveiro.pt\/cultura\/wp-json\/wp\/v2\/posts\/1437\/revisions\/1439"}],"wp:featuredmedia":[{"embeddable":true,"href":"https:\/\/diocese-aveiro.pt\/cultura\/wp-json\/wp\/v2\/media\/1438"}],"wp:attachment":[{"href":"https:\/\/diocese-aveiro.pt\/cultura\/wp-json\/wp\/v2\/media?parent=1437"}],"wp:term":[{"taxonomy":"category","embeddable":true,"href":"https:\/\/diocese-aveiro.pt\/cultura\/wp-json\/wp\/v2\/categories?post=1437"},{"taxonomy":"post_tag","embeddable":true,"href":"https:\/\/diocese-aveiro.pt\/cultura\/wp-json\/wp\/v2\/tags?post=1437"}],"curies":[{"name":"wp","href":"https:\/\/api.w.org\/{rel}","templated":true}]}}