{"id":14335,"date":"2022-04-14T19:51:42","date_gmt":"2022-04-14T18:51:42","guid":{"rendered":"https:\/\/diocese-aveiro.pt\/cultura\/?p=14335"},"modified":"2022-04-29T13:31:03","modified_gmt":"2022-04-29T12:31:03","slug":"acontece-tertulia-liberdade-de-educacao-com-eduardo-marcal-grilo-27-de-abril-21-30h-cufc","status":"publish","type":"post","link":"https:\/\/diocese-aveiro.pt\/cultura\/acontece-tertulia-liberdade-de-educacao-com-eduardo-marcal-grilo-27-de-abril-21-30h-cufc\/","title":{"rendered":"Acontece | Tert\u00falia &#8216;Liberdade de educa\u00e7\u00e3o&#8217;, com Prof. Eduardo Mar\u00e7al Grilo | 27 de abril | 21.30h. &#8211; CUFC"},"content":{"rendered":"<p style=\"text-align: justify;\">A Comiss\u00e3o Diocesana da Cultura continua a sua s\u00e9rie de &#8216;tert\u00falias \u00e0 quarta&#8217;, neste ano, sob o tema <strong><em>\u201cLiberdades em risco\u201d<\/em><\/strong>.<\/p>\n<p style=\"text-align: justify;\"><em>Liberdade de educa\u00e7\u00e3o <\/em>ser\u00e1 a segunda desta s\u00e9rie, no dia 27 de abril, \u00e0s 21.30h., com Professor Eduardo Mar\u00e7al Grilo, ex-Ministro da Educa\u00e7\u00e3o e Membro do Conselho de Curadores da Funda\u00e7\u00e3o Francisco Manuel dos Santos.<\/p>\n<p style=\"text-align: center;\">O CUFC \u2013\u00a0<a href=\"https:\/\/www.google.com\/maps\/dir\/41.1621429,-8.6219536\/cufc\/@40.9018237,-8.8721708,10z\/data=!3m1!4b1!4m9!4m8!1m1!4e1!1m5!1m1!1s0xd23a2aa99cf8c9b:0xfd92d4fca2b67253!2m2!1d-8.6582942!2d40.6325772\" target=\"_blank\" rel=\"noopener\">Centro Universit\u00e1rio F\u00e9 e Cultura<\/a>\u00a0\u2013 acolhe estes ser\u00f5es.<\/p>\n","protected":false},"excerpt":{"rendered":"<p>A Comiss\u00e3o Diocesana<\/p>\n","protected":false},"author":1,"featured_media":14336,"comment_status":"closed","ping_status":"closed","sticky":false,"template":"","format":"standard","meta":{"footnotes":""},"categories":[28,11,115,8,121],"tags":[],"class_list":["post-14335","post","type-post","status-publish","format-standard","has-post-thumbnail","hentry","category-httpdiocese-aveiro-ptculturaa-comissao","category-acontece","category-atividades-da-comissao","category-em-cartaz","category-tertulias"],"_links":{"self":[{"href":"https:\/\/diocese-aveiro.pt\/cultura\/wp-json\/wp\/v2\/posts\/14335","targetHints":{"allow":["GET"]}}],"collection":[{"href":"https:\/\/diocese-aveiro.pt\/cultura\/wp-json\/wp\/v2\/posts"}],"about":[{"href":"https:\/\/diocese-aveiro.pt\/cultura\/wp-json\/wp\/v2\/types\/post"}],"author":[{"embeddable":true,"href":"https:\/\/diocese-aveiro.pt\/cultura\/wp-json\/wp\/v2\/users\/1"}],"replies":[{"embeddable":true,"href":"https:\/\/diocese-aveiro.pt\/cultura\/wp-json\/wp\/v2\/comments?post=14335"}],"version-history":[{"count":4,"href":"https:\/\/diocese-aveiro.pt\/cultura\/wp-json\/wp\/v2\/posts\/14335\/revisions"}],"predecessor-version":[{"id":14340,"href":"https:\/\/diocese-aveiro.pt\/cultura\/wp-json\/wp\/v2\/posts\/14335\/revisions\/14340"}],"wp:featuredmedia":[{"embeddable":true,"href":"https:\/\/diocese-aveiro.pt\/cultura\/wp-json\/wp\/v2\/media\/14336"}],"wp:attachment":[{"href":"https:\/\/diocese-aveiro.pt\/cultura\/wp-json\/wp\/v2\/media?parent=14335"}],"wp:term":[{"taxonomy":"category","embeddable":true,"href":"https:\/\/diocese-aveiro.pt\/cultura\/wp-json\/wp\/v2\/categories?post=14335"},{"taxonomy":"post_tag","embeddable":true,"href":"https:\/\/diocese-aveiro.pt\/cultura\/wp-json\/wp\/v2\/tags?post=14335"}],"curies":[{"name":"wp","href":"https:\/\/api.w.org\/{rel}","templated":true}]}}