{"id":14325,"date":"2022-04-14T13:00:49","date_gmt":"2022-04-14T12:00:49","guid":{"rendered":"https:\/\/diocese-aveiro.pt\/cultura\/?p=14325"},"modified":"2022-04-14T13:00:49","modified_gmt":"2022-04-14T12:00:49","slug":"oratorio-peregrino-mensagem-pascal","status":"publish","type":"post","link":"https:\/\/diocese-aveiro.pt\/cultura\/oratorio-peregrino-mensagem-pascal\/","title":{"rendered":"Orat\u00f3rio Peregrino | Mensagem Pascal"},"content":{"rendered":"<p style=\"text-align: right;\"><em><strong>Orat\u00f3rio Peregrino<\/strong><\/em><\/p>\n<h6 style=\"text-align: right; padding-left: 360px;\">Um orat\u00f3rio \u00e0 maneira de um vi\u00e1tico para tempos de carestia<br \/>\nUma proposta desenvolvida em parceria com<\/h6>\n<p style=\"text-align: right; padding-left: 440px;\"><strong>Irm\u00e3s do Carmelo de Cristo Redentor &#8211; Aveiro<\/strong><\/p>\n<hr \/>\n<h3 style=\"text-align: center;\">Mensagem Pascal<\/h3>\n<p><img loading=\"lazy\" decoding=\"async\" class=\"alignleft  wp-image-14328\" src=\"https:\/\/diocese-aveiro.pt\/cultura\/wp-content\/uploads\/2022\/04\/a9651f9f08204da8f8ea74dec354970d3vMMM5suDZ1W0hMv-0-1-864x1024.jpg\" alt=\"\" width=\"1068\" height=\"1267\" srcset=\"https:\/\/diocese-aveiro.pt\/cultura\/wp-content\/uploads\/2022\/04\/a9651f9f08204da8f8ea74dec354970d3vMMM5suDZ1W0hMv-0-1-864x1024.jpg 864w, https:\/\/diocese-aveiro.pt\/cultura\/wp-content\/uploads\/2022\/04\/a9651f9f08204da8f8ea74dec354970d3vMMM5suDZ1W0hMv-0-1-253x300.jpg 253w, https:\/\/diocese-aveiro.pt\/cultura\/wp-content\/uploads\/2022\/04\/a9651f9f08204da8f8ea74dec354970d3vMMM5suDZ1W0hMv-0-1-768x910.jpg 768w, https:\/\/diocese-aveiro.pt\/cultura\/wp-content\/uploads\/2022\/04\/a9651f9f08204da8f8ea74dec354970d3vMMM5suDZ1W0hMv-0-1-600x711.jpg 600w\" sizes=\"auto, (max-width: 1068px) 100vw, 1068px\" \/> <img loading=\"lazy\" decoding=\"async\" class=\"alignleft  wp-image-14329\" src=\"https:\/\/diocese-aveiro.pt\/cultura\/wp-content\/uploads\/2022\/04\/a9651f9f08204da8f8ea74dec354970d3vMMM5suDZ1W0hMv-1-1-828x1024.jpg\" alt=\"\" width=\"1062\" height=\"1313\" srcset=\"https:\/\/diocese-aveiro.pt\/cultura\/wp-content\/uploads\/2022\/04\/a9651f9f08204da8f8ea74dec354970d3vMMM5suDZ1W0hMv-1-1-828x1024.jpg 828w, https:\/\/diocese-aveiro.pt\/cultura\/wp-content\/uploads\/2022\/04\/a9651f9f08204da8f8ea74dec354970d3vMMM5suDZ1W0hMv-1-1-242x300.jpg 242w, https:\/\/diocese-aveiro.pt\/cultura\/wp-content\/uploads\/2022\/04\/a9651f9f08204da8f8ea74dec354970d3vMMM5suDZ1W0hMv-1-1-768x950.jpg 768w, https:\/\/diocese-aveiro.pt\/cultura\/wp-content\/uploads\/2022\/04\/a9651f9f08204da8f8ea74dec354970d3vMMM5suDZ1W0hMv-1-1-600x742.jpg 600w, https:\/\/diocese-aveiro.pt\/cultura\/wp-content\/uploads\/2022\/04\/a9651f9f08204da8f8ea74dec354970d3vMMM5suDZ1W0hMv-1-1-1241x1536.jpg 1241w, https:\/\/diocese-aveiro.pt\/cultura\/wp-content\/uploads\/2022\/04\/a9651f9f08204da8f8ea74dec354970d3vMMM5suDZ1W0hMv-1-1-1320x1633.jpg 1320w, https:\/\/diocese-aveiro.pt\/cultura\/wp-content\/uploads\/2022\/04\/a9651f9f08204da8f8ea74dec354970d3vMMM5suDZ1W0hMv-1-1.jpg 1652w\" sizes=\"auto, (max-width: 1062px) 100vw, 1062px\" \/><\/p>\n","protected":false},"excerpt":{"rendered":"<p>Orat\u00f3rio Peregrino Um<\/p>\n","protected":false},"author":1,"featured_media":14330,"comment_status":"closed","ping_status":"closed","sticky":false,"template":"","format":"standard","meta":{"footnotes":""},"categories":[152],"tags":[],"class_list":["post-14325","post","type-post","status-publish","format-standard","has-post-thumbnail","hentry","category-oratorio-peregrino"],"_links":{"self":[{"href":"https:\/\/diocese-aveiro.pt\/cultura\/wp-json\/wp\/v2\/posts\/14325","targetHints":{"allow":["GET"]}}],"collection":[{"href":"https:\/\/diocese-aveiro.pt\/cultura\/wp-json\/wp\/v2\/posts"}],"about":[{"href":"https:\/\/diocese-aveiro.pt\/cultura\/wp-json\/wp\/v2\/types\/post"}],"author":[{"embeddable":true,"href":"https:\/\/diocese-aveiro.pt\/cultura\/wp-json\/wp\/v2\/users\/1"}],"replies":[{"embeddable":true,"href":"https:\/\/diocese-aveiro.pt\/cultura\/wp-json\/wp\/v2\/comments?post=14325"}],"version-history":[{"count":1,"href":"https:\/\/diocese-aveiro.pt\/cultura\/wp-json\/wp\/v2\/posts\/14325\/revisions"}],"predecessor-version":[{"id":14331,"href":"https:\/\/diocese-aveiro.pt\/cultura\/wp-json\/wp\/v2\/posts\/14325\/revisions\/14331"}],"wp:featuredmedia":[{"embeddable":true,"href":"https:\/\/diocese-aveiro.pt\/cultura\/wp-json\/wp\/v2\/media\/14330"}],"wp:attachment":[{"href":"https:\/\/diocese-aveiro.pt\/cultura\/wp-json\/wp\/v2\/media?parent=14325"}],"wp:term":[{"taxonomy":"category","embeddable":true,"href":"https:\/\/diocese-aveiro.pt\/cultura\/wp-json\/wp\/v2\/categories?post=14325"},{"taxonomy":"post_tag","embeddable":true,"href":"https:\/\/diocese-aveiro.pt\/cultura\/wp-json\/wp\/v2\/tags?post=14325"}],"curies":[{"name":"wp","href":"https:\/\/api.w.org\/{rel}","templated":true}]}}