{"id":14021,"date":"2022-02-16T19:23:54","date_gmt":"2022-02-16T19:23:54","guid":{"rendered":"https:\/\/diocese-aveiro.pt\/cultura\/?p=14021"},"modified":"2024-01-29T18:04:34","modified_gmt":"2024-01-29T18:04:34","slug":"documentos-caminhada-quaresmal-catequese-da-infancia","status":"publish","type":"post","link":"https:\/\/diocese-aveiro.pt\/cultura\/documentos-caminhada-quaresmal-catequese-da-infancia\/","title":{"rendered":"Documentos | Caminhada quaresmal \u2013 catequese da inf\u00e2ncia"},"content":{"rendered":"<p class=\"has-luminous-vivid-orange-color has-text-color\">O CONTEXTO LIT\u00daRGICO<\/p>\n<p>A Quaresma \u00e9 um caminho din\u00e2mico para a P\u00e1scoa, um caminho de prepara\u00e7\u00e3o para o tempo central da Paix\u00e3o, Morte e Ressurrei\u00e7\u00e3o do Senhor: o Mist\u00e9rio Pascal. Um caminho din\u00e2mico, n\u00e3o apenas pessoal, mas comunit\u00e1rio, como \u201cPovo de Deus\u201d. O ano de 2022, tendo em conta o contexto eclesial que vivemos, \u00e9 o ano em que, na Quaresma, n\u00e3o devemos prescindir desta caracter\u00edstica eclesial comunit\u00e1ria, pois somos um \u201cPovo que caminha\u201d.<\/p>\n<p class=\"has-luminous-vivid-orange-color has-text-color\">O CONTEXTO ECLESIAL<\/p>\n<p>A Quaresma deste ano coincide com o final da primeira \u201cfase sinodal\u201d que vive a Igreja: \u201cPor uma Igreja sinodal: comunh\u00e3o, participa\u00e7\u00e3o e miss\u00e3o.\u201d O contexto eclesial desta Quaresma coincide com a chamada \u201cfase diocesana\u201d de consulta ao Povo de Deus na qual estamos envolvidos todos, par\u00f3quias, comunidades, movimentos, diocese.<\/p>\n<p class=\"has-text-align-center has-white-color has-luminous-vivid-orange-background-color has-text-color has-background\">PROPOSTA PARA A CATEQUESE DA INF\u00c2NCIA<\/p>\n<figure class=\"wp-block-image size-large\"><img loading=\"lazy\" decoding=\"async\" class=\"alignleft size-full wp-image-14022\" src=\"https:\/\/diocese-aveiro.pt\/cultura\/wp-content\/uploads\/2022\/02\/09-_total-_cor_960px-1024x576-1.jpg\" alt=\"\" width=\"1024\" height=\"576\" srcset=\"https:\/\/diocese-aveiro.pt\/cultura\/wp-content\/uploads\/2022\/02\/09-_total-_cor_960px-1024x576-1.jpg 1024w, https:\/\/diocese-aveiro.pt\/cultura\/wp-content\/uploads\/2022\/02\/09-_total-_cor_960px-1024x576-1-300x169.jpg 300w, https:\/\/diocese-aveiro.pt\/cultura\/wp-content\/uploads\/2022\/02\/09-_total-_cor_960px-1024x576-1-768x432.jpg 768w, https:\/\/diocese-aveiro.pt\/cultura\/wp-content\/uploads\/2022\/02\/09-_total-_cor_960px-1024x576-1-600x338.jpg 600w\" sizes=\"auto, (max-width: 1024px) 100vw, 1024px\" \/><\/figure>\n<p>&nbsp;<\/p>\n<p>&nbsp;<\/p>\n<p>&nbsp;<\/p>\n<p>&nbsp;<\/p>\n<p>&nbsp;<\/p>\n<p>&nbsp;<\/p>\n<p>&nbsp;<\/p>\n<p>&nbsp;<\/p>\n<p>&nbsp;<\/p>\n<p>&nbsp;<\/p>\n<p>&nbsp;<\/p>\n<p>&nbsp;<\/p>\n<p class=\"has-text-align-center has-luminous-vivid-orange-color has-text-color\"><strong>DESAFIOS SEMANAIS<\/strong><\/p>\n<p>Quarta-feira de Cinzas \u2013 2 mar\u00e7o<br \/>\n<strong><em>\u201cCom Jesus caminho para a P\u00e1scoa!\u201d<br \/>\n<\/em><\/strong>Desafio | Participar na Celebra\u00e7\u00e3o de Cinzas \/ Ler em fam\u00edlia o Evangelho do dia.<\/p>\n<p>I Domingo \u2013 Tenta\u00e7\u00f5es \u2013 6 mar\u00e7o<br \/>\n<strong><em>\u201cCom Jesus\u2026 escolho o bem!\u201d<br \/>\n<\/em><\/strong>Desafio | Praticar uma boa a\u00e7\u00e3o di\u00e1ria, regist\u00e1-la e guard\u00e1-la numa \u00abcaixinha\u00bb.<\/p>\n<p>II Domingo \u2013 Transfigura\u00e7\u00e3o \u2013 13 mar\u00e7o<br \/>\n<strong><em>\u201cCom Jesus\u2026 caminho para a Luz!\u201d<br \/>\n<\/em><\/strong>Desafio | Acender diariamente uma vela e rezar o Pai-Nosso em fam\u00edlia.<\/p>\n<p>III Domingo \u2013 Figueira \u2013 20 mar\u00e7o<br \/>\n<strong><em>\u201cCom Jesus\u2026 transformo a minha vida\u201d<br \/>\n<\/em><\/strong>Desafio | Oferecer uma flor (viva ou de papel).<\/p>\n<p>IV Domingo \u2013 Pai Misericordioso \u2013 27 mar\u00e7o<br \/>\n<strong><em>\u201cCom Jesus\u2026 encontro-me com o Pai Misericordioso!\u201d<br \/>\n<\/em><\/strong>Desafio | Celebrar a Festa do Perd\u00e3o (1.\u00ba + 2.\u00ba + 3.\u00ba ano) ou o sacramento da Reconcilia\u00e7\u00e3o (4.\u00ba + 5.\u00ba + 6.\u00ba ano).<\/p>\n<p>V Domingo \u2013 Mulher Ad\u00faltera \u2013 3 abril<br \/>\n<strong><em>\u201cCom Jesus\u2026 aprendo a perdoar!\u201d<br \/>\n<\/em><\/strong>Desafio | Pintar\/ decorar uma pedra e oferec\u00ea-la a algu\u00e9m a quem magoei ou de quem me sinto menos pr\u00f3ximo.<\/p>\n<p>Domingo de Ramos \u2013 10 abril<br \/>\n<strong><em>\u201cCom Jesus\u2026 caminho para Jerusal\u00e9m!\u201d<br \/>\n<\/em><\/strong>Desafio | Preparar o meu Ramo (coroa de verdes) para acolher Jesus e coloc\u00e1-lo em lugar vis\u00edvel do exterior.<\/p>\n<p>Domingo de P\u00e1scoa \u2013 17 de abril<br \/>\n<strong><em>\u201cCom Jesus\u2026 celebro a Ressurrei\u00e7\u00e3o!\u201d<br \/>\n<\/em><\/strong>Desafio | Colocar em local vis\u00edvel da casa uma imagem de Jesus Ressuscitado.<\/p>\n<p>&nbsp;<\/p>\n<p class=\"has-text-align-center has-white-color has-luminous-vivid-orange-background-color has-text-color has-background\"><strong>Ficheiros para impress\u00e3o de material de apoio<\/strong><\/p>\n<ul>\n<li><a href=\"https:\/\/drive.google.com\/file\/d\/19z9n8C-ICXmt4Ri2KU5aN7KdQZfDkVzw\/view?usp=sharing\" target=\"_blank\" rel=\"noreferrer noopener\">Pagelas semanais, a preto e branco<\/a><\/li>\n<li><a href=\"https:\/\/drive.google.com\/file\/d\/1oBhiHR-fxduiZITwp1528ohQSsAnoWjD\/view?usp=sharing\" target=\"_blank\" rel=\"noreferrer noopener\">Pagelas semanais, a cor<\/a><\/li>\n<li><a href=\"https:\/\/drive.google.com\/file\/d\/1OOAzPn6Kljz1RO2ZmxB8u6g1YdAuGrAF\/view?usp=sharing\" target=\"_blank\" rel=\"noreferrer noopener\">Formato para grupos\/igreja\/gesto comunit\u00e1rio<\/a><\/li>\n<li><a href=\"https:\/\/drive.google.com\/file\/d\/1sXCYXlEpDKOFAouJmOA-Dv2KQRqQDozb\/view?usp=sharing\" target=\"_blank\" rel=\"noreferrer noopener\">Imagens<\/a><\/li>\n<\/ul>\n<p>&nbsp;<\/p>\n<p class=\"has-text-align-center has-white-color has-luminous-vivid-orange-background-color has-text-color has-background\"><strong>V\u00eddeos Semanais<\/strong><\/p>\n<p>\u00c0 semelhan\u00e7a do ano passado, teremos duas personagens que nos v\u00e3o desafiar semanalmente, a Quaresma e o Peregrino. Inicia com uma introdu\u00e7\u00e3o ao tema semanal, \u00e0 qual se segue o Evangelho concluindo com uma reflex\u00e3o e um compromisso.<\/p>\n<p>Estes v\u00eddeos ser\u00e3o disponibilizados no in\u00edcio de cada semana aqui no site e no facebook da diocese.<\/p>\n<figure class=\"wp-block-image size-full\"><img loading=\"lazy\" decoding=\"async\" class=\"alignleft size-full wp-image-14023\" src=\"https:\/\/diocese-aveiro.pt\/cultura\/wp-content\/uploads\/2022\/02\/barra_total.jpg\" alt=\"\" width=\"960\" height=\"336\" srcset=\"https:\/\/diocese-aveiro.pt\/cultura\/wp-content\/uploads\/2022\/02\/barra_total.jpg 960w, https:\/\/diocese-aveiro.pt\/cultura\/wp-content\/uploads\/2022\/02\/barra_total-300x105.jpg 300w, https:\/\/diocese-aveiro.pt\/cultura\/wp-content\/uploads\/2022\/02\/barra_total-768x269.jpg 768w, https:\/\/diocese-aveiro.pt\/cultura\/wp-content\/uploads\/2022\/02\/barra_total-600x210.jpg 600w\" sizes=\"auto, (max-width: 960px) 100vw, 960px\" \/><\/figure>\n","protected":false},"excerpt":{"rendered":"<p>O CONTEXTO LIT\u00daRGICO<\/p>\n","protected":false},"author":1,"featured_media":14024,"comment_status":"closed","ping_status":"closed","sticky":false,"template":"","format":"standard","meta":{"footnotes":""},"categories":[206,12],"tags":[],"class_list":["post-14021","post","type-post","status-publish","format-standard","has-post-thumbnail","hentry","category-campanhas-diocesanas-advento-quaresma","category-documentos"],"_links":{"self":[{"href":"https:\/\/diocese-aveiro.pt\/cultura\/wp-json\/wp\/v2\/posts\/14021","targetHints":{"allow":["GET"]}}],"collection":[{"href":"https:\/\/diocese-aveiro.pt\/cultura\/wp-json\/wp\/v2\/posts"}],"about":[{"href":"https:\/\/diocese-aveiro.pt\/cultura\/wp-json\/wp\/v2\/types\/post"}],"author":[{"embeddable":true,"href":"https:\/\/diocese-aveiro.pt\/cultura\/wp-json\/wp\/v2\/users\/1"}],"replies":[{"embeddable":true,"href":"https:\/\/diocese-aveiro.pt\/cultura\/wp-json\/wp\/v2\/comments?post=14021"}],"version-history":[{"count":1,"href":"https:\/\/diocese-aveiro.pt\/cultura\/wp-json\/wp\/v2\/posts\/14021\/revisions"}],"predecessor-version":[{"id":14025,"href":"https:\/\/diocese-aveiro.pt\/cultura\/wp-json\/wp\/v2\/posts\/14021\/revisions\/14025"}],"wp:featuredmedia":[{"embeddable":true,"href":"https:\/\/diocese-aveiro.pt\/cultura\/wp-json\/wp\/v2\/media\/14024"}],"wp:attachment":[{"href":"https:\/\/diocese-aveiro.pt\/cultura\/wp-json\/wp\/v2\/media?parent=14021"}],"wp:term":[{"taxonomy":"category","embeddable":true,"href":"https:\/\/diocese-aveiro.pt\/cultura\/wp-json\/wp\/v2\/categories?post=14021"},{"taxonomy":"post_tag","embeddable":true,"href":"https:\/\/diocese-aveiro.pt\/cultura\/wp-json\/wp\/v2\/tags?post=14021"}],"curies":[{"name":"wp","href":"https:\/\/api.w.org\/{rel}","templated":true}]}}