{"id":14012,"date":"2022-02-16T15:25:59","date_gmt":"2022-02-16T15:25:59","guid":{"rendered":"https:\/\/diocese-aveiro.pt\/cultura\/?p=14012"},"modified":"2022-02-26T09:08:01","modified_gmt":"2022-02-26T09:08:01","slug":"acontece-apresentacao-de-livro-sobre-madre-maria-teresa-do-menino-jesus-uma-biografia-orante","status":"publish","type":"post","link":"https:\/\/diocese-aveiro.pt\/cultura\/acontece-apresentacao-de-livro-sobre-madre-maria-teresa-do-menino-jesus-uma-biografia-orante\/","title":{"rendered":"Acontece | Apresenta\u00e7\u00e3o de livro sobre Madre Maria Teresa do Menino Jesus \u2013 Uma biografia orante"},"content":{"rendered":"<p style=\"text-align: justify;\">A obra\u00a0<strong><em>Madre Maria Teresa do Menino Jesus, uma biografia orante<\/em><\/strong>\u00a0\u00e9 apresentada no pr\u00f3ximo dia 23 de fevereiro, quarta-feira, pelas 21h30 no CUFC. As receitas apuradas com a venda da obra t\u00eam como destino o Mosteiro recentemente fundado em Timor.<\/p>\n<p style=\"text-align: justify;\">Com o apoio da Comiss\u00e3o Diocesana da Cultura, a obra ser\u00e1 apresentada pelo autor acompanhado de concerto tem\u00e1tico pelos Carmeli Voces Ensemble<\/p>\n<p style=\"text-align: justify;\">Gustavo Borges nasceu em 1993 e \u00e9 natural de Le\u00e7a da Palmeira, no concelho de Matosinhos (Diocese do Porto).<\/p>\n<p style=\"text-align: justify;\">Encontra-se a terminar a licenciatura em Direito pela Faculdade de Direito e Ci\u00eancia Pol\u00edtica da Universidade Lus\u00f3fona do Porto.<\/p>\n<p style=\"text-align: justify;\">Membro fundador, em 2020, da Associa\u00e7\u00e3o Cultural Cum Corde Cantate, sediada no concelho de Caminha (Diocese de Viana do Castelo), da qual faz parte um Coro com o mesmo nome, dedicado \u00e0 composi\u00e7\u00e3o, interpreta\u00e7\u00e3o e divulga\u00e7\u00e3o da M\u00fasica Lit\u00fargica e Sacra, no \u00e2mbito de projetos celebrativos, culturais e art\u00edsticos. Ultimamente, tem vindo a desenvolver uma s\u00e9rie de estudos e investiga\u00e7\u00f5es em torno da hist\u00f3ria e espiritualidade da Madre Maria Teresa do Menino Jesus (1905-1975), num projeto que integra as comemora\u00e7\u00f5es jubilares do cinquenten\u00e1rio da sua Funda\u00e7\u00e3o Mon\u00e1stica na Diocese de Leiria (Monte Real, 1972-2022) e da sua morte (1975-2025). Integra os Carmeli Voces Ensemble, que desempenha o seu servi\u00e7o lit\u00fargico e art\u00edstico, no \u00e2mbito da M\u00fasica, na igreja de Nossa Senhora do Carmo, na cidade do Porto. Dedica-se, tamb\u00e9m, ao coment\u00e1rio \u00e0 Liturgia (comp\u00eandio de publica\u00e7\u00e3o futura).<\/p>\n<p style=\"text-align: justify;\">Este Devocion\u00e1rio, que reveste tamb\u00e9m a forma de uma pequena Biografia, bebe de tr\u00eas fontes elementares: o apaixonante testemunho de vida da Madre Maria Teresa do Menino Jesus, OSC (1905-1975), que em n\u00f3s despontara todo o interesse e aten\u00e7\u00e3o;<\/p>\n<p style=\"text-align: justify;\">de seguida, o profundo est\u00edmulo de Santidade que Deus nos d\u00e1 atrav\u00e9s da sua hist\u00f3ria e de toda a obra espiritual e patrimonial que ela nos legou; por \u00faltimo, o maior suporte deste trabalho; um enorme tesouro, se quisermos: o livro \u00abUma s\u00f3 coisa importa: Amar!\u00bb, da autoria da Irm\u00e3 Maria do Ros\u00e1rio Franquinho Gaspar, OSC, sua bi\u00f3grafa, que muito se esfor\u00e7ou para consolidar e documentar, ao longo de respeit\u00e1veis p\u00e1ginas, aquele que \u00e9 o \u201cLivro da Vida\u201d da Madre Teresa.<\/p>\n<p class=\"has-text-align-center\" style=\"text-align: justify;\"><em>\u00abA Madre Maria Teresa nasceu a 25 de Novembro de 1905. Teve como ber\u00e7o uma fam\u00edlia crist\u00e3, cuja conduta a marcou. A\u00ed bebeu os mais nobres valores que a alimentaram por toda a vida. A\u00ed aprendeu a amar a Deus no pr\u00f3ximo. A\u00ed aprendeu a verdadeira liberdade, que a levaria a dar um dos mais ousados passos que uma jovem pode arriscar\u2026.\u00bb<\/em><\/p>\n<p class=\"has-text-align-center\" style=\"text-align: right;\">Irm\u00e3 Maria do Ros\u00e1rio Franquinho Gaspar, OSC, em \u201cUma s\u00f3 coisa importa: Amar\u201d<\/p>\n","protected":false},"excerpt":{"rendered":"<p>A obra\u00a0Madre Maria<\/p>\n","protected":false},"author":1,"featured_media":14013,"comment_status":"closed","ping_status":"closed","sticky":false,"template":"","format":"standard","meta":{"footnotes":""},"categories":[28,11,115,8,9],"tags":[],"class_list":["post-14012","post","type-post","status-publish","format-standard","has-post-thumbnail","hentry","category-httpdiocese-aveiro-ptculturaa-comissao","category-acontece","category-atividades-da-comissao","category-em-cartaz","category-programa-diocesano-de-livros-e-leituras"],"_links":{"self":[{"href":"https:\/\/diocese-aveiro.pt\/cultura\/wp-json\/wp\/v2\/posts\/14012","targetHints":{"allow":["GET"]}}],"collection":[{"href":"https:\/\/diocese-aveiro.pt\/cultura\/wp-json\/wp\/v2\/posts"}],"about":[{"href":"https:\/\/diocese-aveiro.pt\/cultura\/wp-json\/wp\/v2\/types\/post"}],"author":[{"embeddable":true,"href":"https:\/\/diocese-aveiro.pt\/cultura\/wp-json\/wp\/v2\/users\/1"}],"replies":[{"embeddable":true,"href":"https:\/\/diocese-aveiro.pt\/cultura\/wp-json\/wp\/v2\/comments?post=14012"}],"version-history":[{"count":1,"href":"https:\/\/diocese-aveiro.pt\/cultura\/wp-json\/wp\/v2\/posts\/14012\/revisions"}],"predecessor-version":[{"id":14014,"href":"https:\/\/diocese-aveiro.pt\/cultura\/wp-json\/wp\/v2\/posts\/14012\/revisions\/14014"}],"wp:featuredmedia":[{"embeddable":true,"href":"https:\/\/diocese-aveiro.pt\/cultura\/wp-json\/wp\/v2\/media\/14013"}],"wp:attachment":[{"href":"https:\/\/diocese-aveiro.pt\/cultura\/wp-json\/wp\/v2\/media?parent=14012"}],"wp:term":[{"taxonomy":"category","embeddable":true,"href":"https:\/\/diocese-aveiro.pt\/cultura\/wp-json\/wp\/v2\/categories?post=14012"},{"taxonomy":"post_tag","embeddable":true,"href":"https:\/\/diocese-aveiro.pt\/cultura\/wp-json\/wp\/v2\/tags?post=14012"}],"curies":[{"name":"wp","href":"https:\/\/api.w.org\/{rel}","templated":true}]}}