{"id":13490,"date":"2021-11-03T18:43:26","date_gmt":"2021-11-03T18:43:26","guid":{"rendered":"https:\/\/diocese-aveiro.pt\/cultura\/?p=13490"},"modified":"2021-11-03T18:43:26","modified_gmt":"2021-11-03T18:43:26","slug":"familia-de-aristides-de-sousa-mendes-viveu-em-aveiro","status":"publish","type":"post","link":"https:\/\/diocese-aveiro.pt\/cultura\/familia-de-aristides-de-sousa-mendes-viveu-em-aveiro\/","title":{"rendered":"Fam\u00edlia de Aristides de Sousa Mendes viveu em Aveiro"},"content":{"rendered":"<p class=\"160106TtulosPrincipais\" style=\"line-height: 28pt; text-align: center;\"><span class=\"160106TtulosPrincipais1\"><span style=\"font-size: 25.0pt; color: #af1d1f; font-weight: normal;\">Fam\u00edlia de Aristides de Sousa Mendes viveu em Aveiro<\/span><\/span><\/p>\n<p style=\"text-align: center;\">Cardoso Ferreira (textos)<\/p>\n<h6 style=\"text-align: right;\">Parceria com o <a href=\"http:\/\/sites.ecclesia.pt\/cv\/\" target=\"_blank\" rel=\"noopener noreferrer\">Correio do Vouga<\/a><\/h6>\n<hr \/>\n<h5 style=\"text-align: justify;\">Aristides de Sousa Mendes recebeu honras de Pante\u00e3o Nacional (com um t\u00famulo sem corpo) no dia 19 de outubro de 2021. Neste texto do jornalista Cardoso Ferreira, recorda-se a sua passagem por Aveiro, onde o pai do diplomata que salvou judeus foi Delegado do Procurador R\u00e9gio. Aristides de Sousa Mendes e o seu irm\u00e3o estudaram no Liceu Nacional de Aveiro \u2013 atual Escola Secund\u00e1ria Homem Cristo.<\/h5>\n<p style=\"text-align: justify;\">\n<p style=\"text-align: justify;\">No ano de 1894, o casal Jos\u00e9 de Sousa Mendes e Maria Angelina Ribeiro de Abranches, acompanhados pelos filhos g\u00e9meos Aristides e C\u00e9sar, chega \u00e0 cidade de Aveiro, terra onde Jos\u00e9 de Sousa Mendes veio a exercer a fun\u00e7\u00e3o de Delegado do Procurador R\u00e9gio, entre 26 de maio de 1894 e 11 de janeiro de 1899.<\/p>\n<p style=\"text-align: justify;\">Jos\u00e9 de Sousa Mendes, filho de Manuel Alves de Sousa e de Raquel Augusta Mendes da Gama, nasceu no dia 2 de janeiro de 1857, no lugar de Beij\u00f3s, freguesia de Cabanas de Viriato (concelho de Carregal do Sal). Maria Angelina Ribeiro de Abranches, natural de Mid\u00f5es, era filha de Silv\u00e9rio Coelho Pais do Amaral e de Maria dos Prazeres Ribeiro Abranches.<\/p>\n<p style=\"text-align: justify;\">De acordo com informa\u00e7\u00f5es prestadas pelo Conselho Superior de Magistratura, Jos\u00e9 de Sousa Mendes esteve na Comarca de Aveiro, como Delegado do Procurador R\u00e9gio entre 26 de maio de 1894 e 11 de janeiro de 1899. No dia 12 de janeiro de 1899, tomou posse, na qualidade de Juiz de Direito de 3.\u00aa Classe, da Comarca de Povoa\u00e7\u00e3o, nos A\u00e7ores, localidade onde s\u00f3 permaneceu alguns meses, uma vez que no dia 23 de junho de 1899 foi transferido para a Comarca do Redondo.<\/p>\n<p style=\"text-align: justify;\">No \u201cAlmanak Aveirense\u201d pode ler-se que no ano de 1895, na Comarca de Aveiro, e para al\u00e9m do\u00a0 delegado do procurador r\u00e9gio, Jos\u00e9 de Sousa Mendes, exerciam fun\u00e7\u00f5es o juiz de direito Alexandre de Sousa e Melo, o contador Joaquim Manuel Ruela, os escriv\u00e3es de direito Arnaldo Augusto \u00c1lvares Fortuna, Ant\u00f3nio Augusto Duarte e Silva, Silv\u00e9rio Augusto Barbosa de Magalh\u00e3es, Evaristo Correia da Rocha e Leandro Augusto Pinto do Souto, os oficias de dilig\u00eancias Joaquim Teixeira da Costa, Silvestre Jos\u00e9 de Oliveira, Jo\u00e3o da Rocha Carola e Ant\u00f3nio Augusto de Almeida, e o carcereiro Augusto Jos\u00e9 de Carvalho.<\/p>\n<p style=\"text-align: justify;\">Ainda nesse mesmo ano de 1895, e como era noticiado na edi\u00e7\u00e3o de 28 de setembro do jornal \u201cCampe\u00e3o das Prov\u00edncias\u201d, por iniciativa da C\u00e2mara Municipal de Aveiro, estavam a decorrer obras de repara\u00e7\u00e3o \u201cna sala e anexos do tribunal judicial desta comarca\u201d, pelo que o mesmo estava \u201cem funcionamento na sala de sess\u00f5es da c\u00e2mara municipal deste concelho\u201d.<\/p>\n<p style=\"text-align: justify;\">Jos\u00e9 de Sousa Mendes faleceu no dia 25 de agosto de 1921, na cidade de Coimbra, onde exerceu a fun\u00e7\u00e3o de Juiz Desembargador no Tribunal da Rela\u00e7\u00e3o de Coimbra. A esposa, Maria Angelina Ribeiro de Abranches faleceu em Cabanas de Viriato, no dia 7 de outubro de 1931.<\/p>\n<p style=\"text-align: justify;\">Para al\u00e9m de bacharel em Direito, pela Universidade de Coimbra (1880), Jos\u00e9 de Sousa Mendes tamb\u00e9m tinha estudado Teologia nessa mesma cidade. Iniciou a sua carreira judicial no ano de 1885. Foi Delegado do Procurador R\u00e9gio nas comarcas de Vila Nova de Foz C\u00f4a, de Mafra e de Aveiro. Como Juiz de Direito, esteve nas comarcas de Povoa\u00e7\u00e3o, Redondo, Anci\u00e3o, Arouca, Montemor-o-Velho, Mangualde, Ovar, Viseu e Coimbra. Nesta \u00faltima cidade terminou a sua carreira judicial, nas fun\u00e7\u00f5es de Juiz Desembargador da Rela\u00e7\u00e3o de Coimbra.<\/p>\n<p style=\"text-align: justify;\"><strong>\u00a0<\/strong><\/p>\n<p style=\"text-align: justify;\"><strong>Jos\u00e9 Paulo de Sousa Mendes<\/strong><\/p>\n<p style=\"text-align: justify;\">De nome completo, Jos\u00e9 Paulo de Sousa Mendes do Amaral e Abranches, nasceu em Aveiro, no dia 13 de outubro de 1895, poucos meses ap\u00f3s a chegada dos pais a esta cidade. N\u00e3o foi poss\u00edvel apurar o local e data do seu falecimento.<\/p>\n<p style=\"text-align: justify;\">S\u00e3o poucos os dados biogr\u00e1ficos sobre o irm\u00e3o mais novo de Aristides de Sousa Mendes. No que se refere \u00e0 sua atividade profissional, h\u00e1 informa\u00e7\u00f5es que o referenciam como oficial (primeiro-tenente) da Armada e, posteriormente, como oficial da Marinha Mercante.<\/p>\n<p style=\"text-align: justify;\">O seu filho, Jos\u00e9 Agostinho de Sousa Mendes, tamb\u00e9m seguiu a carreira militar na Marinha Portuguesa, atingindo o posto de capit\u00e3o-de-ar-e-guerra, carreira que conciliou com a investiga\u00e7\u00e3o hist\u00f3rica, principalmente na \u00e1rea da Marinha e da Arqueologia Naval, sendo autor da obra \u201c75 anos no mar. 1910 \u2013 1985\u201d, publicada em 11 volumes, o \u00faltimo dos quais j\u00e1 a t\u00edtulo p\u00f3stumo.<\/p>\n<p style=\"text-align: justify;\">\n<p style=\"text-align: justify;\"><strong>G\u00e9meos C\u00e9sar e Aristides em Aveiro <\/strong><\/p>\n<p style=\"text-align: justify;\">Naturais de Cabanas de Viriato, C\u00e9sar de Sousa Mendes nasceu ao final do dia 18 de julho de 1885, enquanto o seu irm\u00e3o Aristides nasceu cerca de cinco horas mais tarde, j\u00e1 na madrugada do dia 19 de julho de 1885. Faleceram, respetivamente, nos dias 10 de agosto de 1955 (em Mangualde) e 3 de abril de 1954 (em Lisboa).<\/p>\n<p style=\"text-align: justify;\">At\u00e9 chegarem \u00e0 cidade de Aveiro, os g\u00e9meos frequentaram escolas nas localidades onde o pai exerceu fun\u00e7\u00f5es. No entanto, os cinco anos do ensino liceal foram realizados no ent\u00e3o Liceu Nacional de Aveiro (edif\u00edcio onde atualmente est\u00e1 instalada a Escola Homem Cristo), deixando este estabelecimento de ensino no final do ano letivo 1899\/1900.<\/p>\n<p style=\"text-align: justify;\">H\u00e1 bi\u00f3grafos de Aristides de Sousa Mendes que referem que nos anos letivos 1900\/1901 e 1901\/1902, e at\u00e9 ingressarem na Universidade de Coimbra, no ano de 1902, os g\u00e9meos continuaram em Aveiro.<\/p>\n<p style=\"text-align: justify;\">A par dos estudos, e tamb\u00e9m devido \u00e0s possibilidades econ\u00f3micas dos pais, os dois irm\u00e3os interessam-se por literatura e m\u00fasica. Por esse motivo, Aristides aprendeu a tocar violoncelo e piano.<\/p>\n<p style=\"text-align: justify;\">De acordo com as informa\u00e7\u00f5es publicadas no \u201cAnu\u00e1rio do Liceu Nacional de Aveiro\u201d, referentes aos cinco anos letivos em que C\u00e9sar e Aristides frequentaram essa escola, que tinha por reitor Francisco Augusto da Fonseca Regala, os g\u00e9meos tiveram, no ano letivo de 1895\/96, os seguintes professores: Jo\u00e3o da Maia Rom\u00e3o (Desenho), \u00c1lvaro de Moura Coutinho de Almeida E\u00e7a (Literatura Portuguesa), Jos\u00e9 Rodrigues Soares (Franc\u00eas), Albino Dias Ladeira de Castro (Ingl\u00eas), Manuel Rodrigues Vieira (Hist\u00f3ria e Latim), Ildefonso Marques Mano (Geografia e Filosofia) e Jos\u00e9 Marques de Castilho (Latim). No ano letivo 1896\/1897, os professores foram: \u00c1lvaro de Moura Coutinho de Almeida E\u00e7a (Portugu\u00eas), Jos\u00e9 Rodrigues Soares (Franc\u00eas), Manuel Rodrigues Vieira (Geografia e Hist\u00f3ria), Jo\u00e3o da Maia Rom\u00e3o (Desenho), Ildefonso Marques Mano (Ci\u00eancias Naturais e Latim) e Ant\u00f3nio Carlos Cardoso de Lemos (Latim).<\/p>\n<p style=\"text-align: justify;\">Os professores no ano letivo 1897\/1898 foram: Jos\u00e9 Rodrigues Soares (Franc\u00eas), Albino Dias Ladeira de Castro (Ingl\u00eas e Alem\u00e3o), Manuel Rodrigues Vieira (Portugu\u00eas), \u00c1lvaro de Moura Coutinho de Almeida E\u00e7a (Hist\u00f3ria), Jo\u00e3o da Maia Rom\u00e3o (Desenho), Jos\u00e9 Marques de Castilho (Latim), Elias Fernandes Pereira (Matem\u00e1tica) e Ildefonso Marques Mano (Geografia).<\/p>\n<p style=\"text-align: justify;\">No ano letivo 1898\/1899, os professores foram: Manuel Rodrigues Vieira (Portugu\u00eas, Geografia e Hist\u00f3ria), Jos\u00e9 Rodrigues Soares (Franc\u00eas), Jos\u00e9 Marques de Castilho (Latim), Albino Dias Ladeira de Castro (Ingl\u00eas e Alem\u00e3o), Manuel Gon\u00e7alves de Figueiredo (Matem\u00e1tica), Elias Fernandes Pereira (Ci\u00eancias Naturais) e Jo\u00e3o da Maia Rom\u00e3o (Desenho). Finalmente, no ano letivo 1899\/1900, os professores foram:\u00a0 Ildefonso Marques Mano (Portugu\u00eas e Hist\u00f3ria), Jos\u00e9 Marques de Castilho (Latim), Jos\u00e9 Rodrigues Soares (Franc\u00eas), Albino Dias Ladeira de Castro (Alem\u00e3o), Manuel Rodrigues Vieira (Geografia), Elias Fernandes Pereira (Ci\u00eancias Naturais) e Francisco Augusto da Silva Rocha (Desenho).<\/p>\n<p style=\"text-align: justify;\">No ano letivo 1899\/1900, o quinto ano era frequentado por 12 alunos: C\u00e9sar e Aristides de Sousa Mendes, Alfredo Rodrigues Coelho de Magalh\u00e3es (de Frossos), \u00c1lvaro dos Santos Pato (de Troviscal), Caetano Tavares Afonso e Cunha (de Pardilh\u00f3), Dinis Severo Correia de Carvalho (do Porto), Fern\u00e3o Corte Real da Fonseca (de \u00c1gueda), Jaime Dagoberto de Melo Freitas (de Aveiro), Jaime Pinto Os\u00f3rio (de Nova Goa), Joaquim Augusto Tavares da Silva (de Aveiro), Manuel Ferreira Canha (de Aveiro) e Manuel de Vasconcelos C. Meneses (de Marco de Canaveses).<\/p>\n<p style=\"text-align: justify;\">No \u00faltimo ano em que frequentaram o Liceu Nacional de Aveiro, os irm\u00e3os Sousa Mendes aparecem como internos do Col\u00e9gio Aveirense. Esse internamento poder\u00e1 dever-se ao facto de em meados desse ano letivo (janeiro de 1899), o pai ter sido colocado nos A\u00e7ores, e no m\u00eas de junho no Alentejo (Redondo), podendo este ter sido acompanhado pela esposa e pelo filho mais velhos, ficando os g\u00e9meos em Aveiro.<\/p>\n<p style=\"text-align: justify;\">\n<p style=\"text-align: justify;\"><strong>Carreira diplom\u00e1tica de Aristides e C\u00e9sar <\/strong><strong>\u00a0<\/strong><\/p>\n<p style=\"text-align: justify;\">Apesar de formados em Direito pela Universidade de Coimbra (1907), os irm\u00e3os C\u00e9sar e Aristides seguiram a carreira diplom\u00e1tica, \u00e1rea em que se especializaram nessa mesma universidade, no ano de 1910.<\/p>\n<p style=\"text-align: justify;\">Aristides de Sousa Mendes \u00e9 mundialmente conhecido por ter passado milhares de vistos a judeus e outros perseguidos pelo regime nazi em Fran\u00e7a, conseguindo assim salvar milhares de vidas, facto que, no entanto, lhe ditou o fim da carreira diplom\u00e1tica e o condenou a um final de vida na pobreza.<\/p>\n<p style=\"text-align: justify;\">Um dado menos conhecido da carreira diplom\u00e1tica de Aristides de Sousa Mendes \u00e9 o facto de, em 1928, ent\u00e3o C\u00f4nsul de Portugal na cidade espanhola de Vigo, ter sido escolhido pelo governo portugu\u00eas para transportar a Irm\u00e3 L\u00facia (a \u00fanica vidente de F\u00e1tima ent\u00e3o ainda viva) de Coimbra para o convento de Tuy (Espanha).<\/p>\n<p style=\"text-align: justify;\">C\u00e9sar de Sousa Mendes foi nomeado Ministro dos Neg\u00f3cios Estrangeiros quando Salazar tomou posse como Presidente do Conselho de Ministros (primeiro-ministro).<\/p>\n<p style=\"text-align: justify;\">Muito menos medi\u00e1tico do que o irm\u00e3o Aristides, C\u00e9sar de Sousa Mendes tamb\u00e9m ajudou a salvar algumas pessoas perseguidas pelo regime nazi. No ano de 1939, quando C\u00e9sar Sousa Mendes era Embaixador de Portugal em Vars\u00f3via, a capital polaca foi invadida pelas for\u00e7as alem\u00e3s, tendo o diplomata portugu\u00eas abrigado na cave da sua casa v\u00e1rios polacos durante cerca de tr\u00eas semanas que, desse modo, se salvaram dos intensos bombardeamentos de que a cidade foi alvo.<\/p>\n<p style=\"text-align: justify;\">Na primavera do ano seguinte, C\u00e9sar de Sousa Mendes chefiou temporariamente a miss\u00e3o diplom\u00e1tica portuguesa na Let\u00f3nia, para onde levou Cecylia Dolata, tornando-a membro fict\u00edcio da sua equipa diplom\u00e1tica. A seguir, autorizou o c\u00f4nsul em Riga a emitir um passaporte portugu\u00eas para essa polaca, que corria risco de vida no seu pa\u00eds, poder fugir para Portugal, pa\u00eds onde tinha trabalhado durante dez anos como professora de l\u00ednguas.<\/p>\n<p style=\"text-align: justify;\">\n","protected":false},"excerpt":{"rendered":"<p>Fam\u00edlia de Aristides<\/p>\n","protected":false},"author":1,"featured_media":13491,"comment_status":"closed","ping_status":"closed","sticky":false,"template":"","format":"standard","meta":{"footnotes":""},"categories":[65],"tags":[],"class_list":["post-13490","post","type-post","status-publish","format-standard","has-post-thumbnail","hentry","category-cardoso-ferreira"],"_links":{"self":[{"href":"https:\/\/diocese-aveiro.pt\/cultura\/wp-json\/wp\/v2\/posts\/13490","targetHints":{"allow":["GET"]}}],"collection":[{"href":"https:\/\/diocese-aveiro.pt\/cultura\/wp-json\/wp\/v2\/posts"}],"about":[{"href":"https:\/\/diocese-aveiro.pt\/cultura\/wp-json\/wp\/v2\/types\/post"}],"author":[{"embeddable":true,"href":"https:\/\/diocese-aveiro.pt\/cultura\/wp-json\/wp\/v2\/users\/1"}],"replies":[{"embeddable":true,"href":"https:\/\/diocese-aveiro.pt\/cultura\/wp-json\/wp\/v2\/comments?post=13490"}],"version-history":[{"count":1,"href":"https:\/\/diocese-aveiro.pt\/cultura\/wp-json\/wp\/v2\/posts\/13490\/revisions"}],"predecessor-version":[{"id":13492,"href":"https:\/\/diocese-aveiro.pt\/cultura\/wp-json\/wp\/v2\/posts\/13490\/revisions\/13492"}],"wp:featuredmedia":[{"embeddable":true,"href":"https:\/\/diocese-aveiro.pt\/cultura\/wp-json\/wp\/v2\/media\/13491"}],"wp:attachment":[{"href":"https:\/\/diocese-aveiro.pt\/cultura\/wp-json\/wp\/v2\/media?parent=13490"}],"wp:term":[{"taxonomy":"category","embeddable":true,"href":"https:\/\/diocese-aveiro.pt\/cultura\/wp-json\/wp\/v2\/categories?post=13490"},{"taxonomy":"post_tag","embeddable":true,"href":"https:\/\/diocese-aveiro.pt\/cultura\/wp-json\/wp\/v2\/tags?post=13490"}],"curies":[{"name":"wp","href":"https:\/\/api.w.org\/{rel}","templated":true}]}}