{"id":12933,"date":"2021-07-14T12:06:54","date_gmt":"2021-07-14T11:06:54","guid":{"rendered":"https:\/\/diocese-aveiro.pt\/cultura\/?p=12933"},"modified":"2021-07-14T12:06:54","modified_gmt":"2021-07-14T11:06:54","slug":"aniversario-bodas-de-prata-sacerdotais-do-p-e-joao-carvalho","status":"publish","type":"post","link":"https:\/\/diocese-aveiro.pt\/cultura\/aniversario-bodas-de-prata-sacerdotais-do-p-e-joao-carvalho\/","title":{"rendered":"Anivers\u00e1rio | Bodas de prata sacerdotais do P.e Jo\u00e3o Carvalho"},"content":{"rendered":"<p style=\"text-align: justify;\">Jo\u00e3o Carvalho foi ordenado padre no dia 14 de julho de 1996. Na pr\u00f3xima quarta celebra 25 anos de ordena\u00e7\u00e3o. D. Ant\u00f3nio Moiteiro preside \u00e0 Eucaristia de a\u00e7\u00e3o de gra\u00e7as, que ser\u00e1 celebrada em frente \u00e0 igreja matriz do Troviscal, \u00e0s 19h30. O Correio do Vouga pediu ao P.e Jo\u00e3o Carlos que nos contasse as principais etapas do percurso vocacional.<\/p>\n<p style=\"text-align: justify;\">Jo\u00e3o Carlos de Almeida Carvalho nasceu a 17 de abril de 1971, na freguesia de Santa Maria de Viseu. A sua voca\u00e7\u00e3o surgiu por influ\u00eancia de um amigo, com a ajuda do p\u00e1roco. \u201cAos domingos \u00e0 tarde brincava com os meus colegas na minha aldeia em Travass\u00f3s de Cima e havia um colega meu que andava no Semin\u00e1rio Menor de Fornos de Algodres. Era mais novo que eu dois anos. No final da brincadeira, \u00edamos lanchar ou a casa dos pais dele ou \u00e0 minha. Ia-me falando sobre o Semin\u00e1rio; perguntava-lhe como era, o que se fazia, se tamb\u00e9m se jogava futebol, etc. At\u00e9 que a dado momento fiquei entusiasmado e perguntei aos meus pais se podia ir tamb\u00e9m para o Semin\u00e1rio. Disseram que sim. Falei tamb\u00e9m com o meu p\u00e1roco, o saudoso Sr. Vig\u00e1rio, padre Artur Jorge da Silva, que me apoiou e ajudou muito, e em outubro de 1983 dava entrada no Semin\u00e1rio para o 7\u00ba ano de escolaridade. Tinha eu 12 anos\u201d.<\/p>\n<figure class=\"wp-block-image size-large\" style=\"text-align: justify;\"><img loading=\"lazy\" decoding=\"async\" class=\"alignleft size-full wp-image-12936\" src=\"https:\/\/diocese-aveiro.pt\/cultura\/wp-content\/uploads\/2021\/07\/com-o-bispo-D-Antonio-Monteiro-1.jpg\" alt=\"\" width=\"860\" height=\"792\" srcset=\"https:\/\/diocese-aveiro.pt\/cultura\/wp-content\/uploads\/2021\/07\/com-o-bispo-D-Antonio-Monteiro-1.jpg 860w, https:\/\/diocese-aveiro.pt\/cultura\/wp-content\/uploads\/2021\/07\/com-o-bispo-D-Antonio-Monteiro-1-300x276.jpg 300w, https:\/\/diocese-aveiro.pt\/cultura\/wp-content\/uploads\/2021\/07\/com-o-bispo-D-Antonio-Monteiro-1-768x707.jpg 768w, https:\/\/diocese-aveiro.pt\/cultura\/wp-content\/uploads\/2021\/07\/com-o-bispo-D-Antonio-Monteiro-1-600x553.jpg 600w\" sizes=\"auto, (max-width: 860px) 100vw, 860px\" \/><figcaption>Padre Jo\u00e3o Carlos com o bispo D. Ant\u00f3nio Monteiro<\/figcaption><\/figure>\n<p style=\"text-align: justify;\">\u201cEm outubro de 1986 passei para o Semin\u00e1rio Maior de Viseu e por l\u00e1 estive at\u00e9 concluir o meu percurso acad\u00e9mico. Antes da Ordena\u00e7\u00e3o, fiz o meu est\u00e1gio pastoral no ano de 1995\/1996 nas par\u00f3quias do concelho de Santa Comba D\u00e3o, j\u00e1 como di\u00e1cono: S\u00e3o Jo\u00e3o de Areias, Pinheiro de \u00c1zere e \u00d3voa\u201d. \u201cFui Ordenado Di\u00e1cono na S\u00e9 Catedral de Viseu, a 23-07-1995 e a Ordena\u00e7\u00e3o Presbiteral na minha par\u00f3quia natal (Rio de Loba), a 14 de julho de 1996. Ambas as ordena\u00e7\u00f5es foram ministradas pelo ent\u00e3o Bispo diocesano de Viseu, D. Ant\u00f3nio Monteiro, que era frade capuchinho.\u201d<\/p>\n<p style=\"text-align: justify;\">Na Diocese de Viseu, P.e Jo\u00e3o Carlos foi p\u00e1roco de Ar\u00f5es (1996-2001), professor de EMRC (Educa\u00e7\u00e3o Moral e Religiosa Cat\u00f3lica) em Oliveira de Frades e Santa Cruz da Trapa, p\u00e1roco de S\u00e3o Jo\u00e3o da Serra (2000-2001), p\u00e1roco de Bodiosa (2001-2010), Capel\u00e3o Militar do RI 14 Viseu (2001 a 2005), p\u00e1roco de Ribafeita (2004-2005), p\u00e1roco de Lordosa (2004 at\u00e9 2005) e p\u00e1roco de Calde (2009-2011) e de Pindelo dos Milagres (2010-2011).<\/p>\n<figure class=\"wp-block-image size-large\" style=\"text-align: justify;\"><figcaption><img loading=\"lazy\" decoding=\"async\" class=\"alignleft size-full wp-image-12935\" src=\"https:\/\/diocese-aveiro.pt\/cultura\/wp-content\/uploads\/2021\/07\/27_editada-1024x769-1.jpg\" alt=\"\" width=\"1024\" height=\"769\" srcset=\"https:\/\/diocese-aveiro.pt\/cultura\/wp-content\/uploads\/2021\/07\/27_editada-1024x769-1.jpg 1024w, https:\/\/diocese-aveiro.pt\/cultura\/wp-content\/uploads\/2021\/07\/27_editada-1024x769-1-300x225.jpg 300w, https:\/\/diocese-aveiro.pt\/cultura\/wp-content\/uploads\/2021\/07\/27_editada-1024x769-1-768x577.jpg 768w, https:\/\/diocese-aveiro.pt\/cultura\/wp-content\/uploads\/2021\/07\/27_editada-1024x769-1-600x451.jpg 600w\" sizes=\"auto, (max-width: 1024px) 100vw, 1024px\" \/>D. Ant\u00f3nio Francisco dos Santos<\/figcaption><\/figure>\n<p style=\"text-align: justify;\">Em 2011, integrou-se na Diocese de Aveiro. \u201cPrecisava de encontrar um Bispo que me acolhesse como um pai acolhe um filho. Estava a atravessar uma fase dif\u00edcil na minha vida de padre, n\u00e3o por uma crise de voca\u00e7\u00e3o, mas por uma \u201csatura\u00e7\u00e3o\u201d na rela\u00e7\u00e3o com o meu Bispo, o falecido D. Il\u00eddio Leandro. Sempre que tent\u00e1vamos dialogar sobre este ou aquele aspeto da vida pastoral, tornava se imposs\u00edvel, pois n\u00e3o aceitava opini\u00f5es que fossem contr\u00e1rias \u00e0 dele, da\u00ed que faisc\u00e1vamos! Na altura, era Bispo de Aveiro o D. Ant\u00f3nio Francisco com quem eu tinha uma grande proximidade e amizade que j\u00e1 vinha detr\u00e1s. Chegou, por v\u00e1rias vezes, a deslocar se a Viseu para falar comigo. At\u00e9 que surgiu o convite: \u00abSe quiseres vem para Aveiro. Eu dou-te trabalho\u00bb. E c\u00e1 estou eu com muita alegria nesta miss\u00e3o\u201d.<\/p>\n<p style=\"text-align: justify;\">Em Aveiro, foi vig\u00e1rio paroquial de S. Tiago de Bedu\u00eddo (2011) e colaborador na Unidade Pastoral de \u00c1gueda (2012). Atualmente \u00e9 p\u00e1roco de Amoreira da G\u00e2ndara (desde 2012), Troviscal (desde 2012) e Ancas (desde 2014). A incardina\u00e7\u00e3o na Diocese de Aveiro deu-se no dia 10 de mar\u00e7o de 2020. P.e Jo\u00e3o Carlos \u00e9 tamb\u00e9m vig\u00e1rio judicial adjunto do Tribunal Diocesano. Estudou Direito Can\u00f3nico na Universidade Pontif\u00edcia de Salamanca, desde o ano 2017-18 e concluiu recentemente a forma\u00e7\u00e3o ao apresentar a tese \u201cA prepara\u00e7\u00e3o jur\u00eddico-pastoral do matrim\u00f3nio na Diocese de Aveiro\u201d.<\/p>\n<p style=\"text-align: justify;\">In Seman\u00e1rio\u00a0<em>Correio do Vouga<\/em>, edi\u00e7\u00e3o de 07 de julho de 2021<\/p>\n","protected":false},"excerpt":{"rendered":"<p>Jo\u00e3o Carvalho foi<\/p>\n","protected":false},"author":1,"featured_media":12937,"comment_status":"closed","ping_status":"closed","sticky":false,"template":"","format":"standard","meta":{"footnotes":""},"categories":[11,156],"tags":[],"class_list":["post-12933","post","type-post","status-publish","format-standard","has-post-thumbnail","hentry","category-acontece","category-efemerides"],"_links":{"self":[{"href":"https:\/\/diocese-aveiro.pt\/cultura\/wp-json\/wp\/v2\/posts\/12933","targetHints":{"allow":["GET"]}}],"collection":[{"href":"https:\/\/diocese-aveiro.pt\/cultura\/wp-json\/wp\/v2\/posts"}],"about":[{"href":"https:\/\/diocese-aveiro.pt\/cultura\/wp-json\/wp\/v2\/types\/post"}],"author":[{"embeddable":true,"href":"https:\/\/diocese-aveiro.pt\/cultura\/wp-json\/wp\/v2\/users\/1"}],"replies":[{"embeddable":true,"href":"https:\/\/diocese-aveiro.pt\/cultura\/wp-json\/wp\/v2\/comments?post=12933"}],"version-history":[{"count":2,"href":"https:\/\/diocese-aveiro.pt\/cultura\/wp-json\/wp\/v2\/posts\/12933\/revisions"}],"predecessor-version":[{"id":12938,"href":"https:\/\/diocese-aveiro.pt\/cultura\/wp-json\/wp\/v2\/posts\/12933\/revisions\/12938"}],"wp:featuredmedia":[{"embeddable":true,"href":"https:\/\/diocese-aveiro.pt\/cultura\/wp-json\/wp\/v2\/media\/12937"}],"wp:attachment":[{"href":"https:\/\/diocese-aveiro.pt\/cultura\/wp-json\/wp\/v2\/media?parent=12933"}],"wp:term":[{"taxonomy":"category","embeddable":true,"href":"https:\/\/diocese-aveiro.pt\/cultura\/wp-json\/wp\/v2\/categories?post=12933"},{"taxonomy":"post_tag","embeddable":true,"href":"https:\/\/diocese-aveiro.pt\/cultura\/wp-json\/wp\/v2\/tags?post=12933"}],"curies":[{"name":"wp","href":"https:\/\/api.w.org\/{rel}","templated":true}]}}