{"id":12581,"date":"2021-09-08T07:00:19","date_gmt":"2021-09-08T06:00:19","guid":{"rendered":"https:\/\/diocese-aveiro.pt\/cultura\/?p=12581"},"modified":"2021-05-24T17:06:30","modified_gmt":"2021-05-24T16:06:30","slug":"oratorio-peregrino-76-serie-beato-pe-eugenio-maria-xv-maria-fiel-ao-amor-que-a-conquistou","status":"publish","type":"post","link":"https:\/\/diocese-aveiro.pt\/cultura\/oratorio-peregrino-76-serie-beato-pe-eugenio-maria-xv-maria-fiel-ao-amor-que-a-conquistou\/","title":{"rendered":"Orat\u00f3rio Peregrino | 76 | [S\u00e9rie Beato Pe. Eug\u00e9nio Maria] XV &#8211; Maria, fiel ao amor que a conquistou"},"content":{"rendered":"<p style=\"text-align: right;\"><em><strong>Orat\u00f3rio Peregrino<\/strong><\/em><\/p>\n<h6 style=\"text-align: right; padding-left: 360px;\">Um orat\u00f3rio \u00e0 maneira de um vi\u00e1tico para tempos de carestia<br \/>\nUma proposta desenvolvida em parceria com<\/h6>\n<p style=\"text-align: right; padding-left: 440px;\"><strong>Irm\u00e3s do Carmelo de Cristo Redentor &#8211; Aveiro<\/strong><\/p>\n<hr \/>\n<h3 style=\"text-align: center;\">XV &#8211; Maria, fiel ao amor que a conquistou<\/h3>\n<p style=\"text-align: justify;\"><em>A Virgem guardou a Palavra de Deus e esta Palavra foi por vezes misteriosa.<\/em><\/p>\n<p style=\"text-align: justify;\"><em>Vivendo uma fidelidade simples como a de uma crian\u00e7a, recebe o tremendo impacto da Anuncia\u00e7\u00e3o. Deus pede-lhe a sua colabora\u00e7\u00e3o e aceita a Palavra de Deus anunciada. O primeiro que Isabel dir\u00e1 ser\u00e1: \u00abFeliz de Ti que acreditaste na Palavra de Deus. Ao crer, acolheste-a\u00bb.<\/em><\/p>\n<p style=\"text-align: justify;\"><em>A sua vida foi sempre fiel. Foi fiel ao pensamento de Deus e realizou-o. A vontade de Deus manifestou-se-lhe, e foi realizando a vontade de Deus segundo se ia manifestando.<\/em><\/p>\n<p style=\"text-align: justify;\"><em>Tinha necessidade de ser muito d\u00f3cil para seguir os movimentos do Amor, das almas, do seu Filho, o movimento da Sant\u00edssima Trindade, at\u00e9 ao Calv\u00e1rio\u2026<\/em><\/p>\n<p style=\"text-align: justify;\"><em>Foi fiel ao Amor que a tinha conquistado (I 11-8-45).<\/em><\/p>\n<p style=\"text-align: justify;\">Maria, j\u00e1 Vos encontramos no nosso caminho. O Amor de Deus conquistou-Vos, pertenceis-Lhe. Quem melhor do que V\u00f3s foi testemunha do mist\u00e9rio do Pai, do Filho e do Esp\u00edrito Santo? Quem melhor do que V\u00f3s seguiu o movimento do amor de Deus pelos homens? Escondida como estais no des\u00edgnio de Deus como m\u00e3e, nunca poderemos penetrar totalmente no vosso mist\u00e9rio. Mas podemos ter convosco uma intimidade cada vez maior se Vos seguirmos, se orarmos na vossa companhia, se olharmos como orais.<\/p>\n<p style=\"text-align: justify;\">Maria orava com todo o seu povo. Como? Simplesmente, sob a luz de Deus. \u00c9 filha de Deus Pai e est\u00e1 orientada unicamente para Ele. <em>Maria n\u00e3o se conhece\u2026 n\u00e3o conhece a superioridade da sua gra\u00e7a, n\u00e3o se preocupa<\/em> <em>sen\u00e3o com unir-se a Deus; e \u00e9 esse esquecimento de si, essa pureza o que permite a Deus derramar-se nela<\/em> (MM 58): Ele escolheu-a para ser m\u00e3e de Deus e dos homens. E isso n\u00e3o a impede de viver com desembara\u00e7o a vida social de uma filha de Israel como as outras.<\/p>\n<p style=\"text-align: justify;\">Maria, deixai-me olhar para V\u00f3s. Vendo-Vos orar descubro o que \u00e9 a ora\u00e7\u00e3o: um movimento sem reservas de todo o meu ser para Deus. Sois t\u00e3o simples, t\u00e3o discreta, t\u00e3o humilde. A vossa vida est\u00e1 escondida em Deus e, por isso, quase n\u00e3o podemos dizer nada. Por vezes, estamos agitados, preocupados, cheios do nosso orgulho e das nossas fragilidades\u2026 Maria, ponde-me sob o vosso manto de paz. Com a pureza da vossa confian\u00e7a, purificai a minha. Talvez seja esta a melhor maneira de entrar no vosso mist\u00e9rio: permanecer em sil\u00eancio a teu lado, escutando contigo a palavra sobre a qual se apoia toda a vossa vida.<\/p>\n<p style=\"text-align: justify;\">E Deus surpreende-a com a Anuncia\u00e7\u00e3o. Maria d\u00e1-se conta de proveni\u00eancia da mensagem e, sem hesitar, d\u00e1 o seu consentimento <em>num imenso acto de f\u00e9 que cria nela as capacidades necess\u00e1rias para acolher o Verbo <\/em>(MM 59). <em>Crendo, acolhe-O e se entrega; \u00e9 o movimento que o Esp\u00edrito Santo lhe inspira. A partir desse momento, leva no seu seio o Verbo e o seu ser \u00e9 atra\u00eddo por Ele. Mergulha n\u2019Ele com mais for\u00e7a porque fora se torna presente a ang\u00fastia, a ang\u00fastia das suspeitas que surgem \u00e0 sua volta e que ela adivinha. Envolve-se ent\u00e3o completamente em Deus, esperando com f\u00e9<\/em> (MM 61).<\/p>\n<p style=\"text-align: justify;\">\u00c9 m\u00e3e de Deus e tamb\u00e9m \u00e9, desde esse momento, m\u00e3e dos homens. Leva na sua ora\u00e7\u00e3o o imenso des\u00edgnio de Amor.<\/p>\n<p style=\"text-align: justify;\">Jesus exclamar\u00e1 um dia: \u00abAquele que fizer a vontade de Deus, esse \u00e9 que \u00e9 meu irm\u00e3o, minha irm\u00e3 e minha m\u00e3e\u00bb (Mc 3, 35). N\u00e3o est\u00e1 a honrar Maria, o que ela \u00e9, a sua alegre e dolorosa fidelidade, respondendo plenamente \u00e0 chamada de Deus? Sim, Ela escuta a Palavra, acolhe-a com a sua f\u00e9 e guarda-a no seu corpo, no seu cora\u00e7\u00e3o, em liberdade, para n\u00f3s, que somos irm\u00e3os de Jesus, para mim. Se <em>pergunt\u00e1ssemos<\/em> aos que O rodeavam <em>quem era o colaborador mais importante de Jesus, ter\u00edamos escutado: Pedro\u2026 Jo\u00e3o\u2026 Em realidade, era Maria, e ningu\u00e9m se dava conta<\/em> (I 16-5-59).<\/p>\n<p style=\"text-align: justify;\">\n<p style=\"text-align: justify;\">Maria n\u00e3o compreendeu tudo no momento. Mas durante toda a sua vida une-se ao movimento do Esp\u00edrito. Olha para Jesus. Sabe que Ele \u00e9 o Filho de Deus e o Salvador, e segue-O. Eis a chave. Quando chega a hora da Paix\u00e3o, Jesus sobe a Jerusal\u00e9m, e ela tem que segui-Lo. O seu olhar materno tinha penetrado nos olhos de Cristo menino, adolescente, homem\u2026 Agora, pela f\u00e9 e o amor, penetra nas profundidades do homem de dores. <em>Oferece o seu filho, entrega-o completamente\u2026 e se entrega a si mesma<\/em> (MM 64).<\/p>\n<p style=\"text-align: justify;\">Quando a obra parece ter-se destru\u00eddo, porqu\u00ea permanece ali? Porque conserva a esperan\u00e7a. <em>Est\u00e1s s\u00f3, Maria\u2026 mas de repente, esta solid\u00e3o se enche\u2026 De qu\u00ea? De uma esperan\u00e7a viva e forte que brota do vosso cora\u00e7\u00e3o: o Esp\u00edrito Santo est\u00e1 contigo. D\u2019Ele e por Ele recebeste o Verbo. D\u2019Ele e por Ele recebes agora o Cristo total. E assim, Maria, a vossa maternidade realiza-se plenamente \u00e0 medida do mundo, \u00e0 medida do sacrif\u00edcio de Jesus<\/em> (MM 182-183).<\/p>\n<p style=\"text-align: justify;\">No Pentecostes, na origem da Igreja, Maria est\u00e1 no meio dos ap\u00f3stolos, em ora\u00e7\u00e3o. A sua f\u00e9, a sua esperan\u00e7a e o seu amor her\u00f3icos precedem e d\u00e3o testemunho. Escondida no cora\u00e7\u00e3o da Igreja, Maria colabora no cumprimento da promessa.<\/p>\n<p style=\"text-align: justify;\">Olhar-Vos, Maria, n\u00e3o basta. No meio da pobreza da minha ora\u00e7\u00e3o e da minha vida, n\u00e3o basta, posso desesperar. M\u00e3e de miseric\u00f3rdia, tenho necessidade de encontrar em V\u00f3s o meu ref\u00fagio.<\/p>\n<p style=\"text-align: justify;\">O padre Eug\u00e9nio Maria fala-nos por experi\u00eancia e diz-nos: em certos momentos de tristeza, de des\u00e2nimo, Maria vem a n\u00f3s delicadamente, como uma coincid\u00eancia aparentemente insignificante, mas reconhecemos a sua presen\u00e7a: Maria \u00e9 m\u00e3e na noite, m\u00e3e em plenitude, unicamente m\u00e3e, uma m\u00e3e que est\u00e1 feita para a fragilidade do filho.<\/p>\n<p style=\"text-align: justify;\"><em>Saber que Maria est\u00e1 a\u00ed<\/em><\/p>\n<p style=\"text-align: justify;\"><em>e cuida d\u2019Ele na noite<\/em><\/p>\n<p style=\"text-align: justify;\"><em>enche de alegria o cora\u00e7\u00e3o do filho,<\/em><\/p>\n<p style=\"text-align: justify;\"><em>renova as suas for\u00e7as, consolida a sua esperan\u00e7a,<\/em><\/p>\n<p style=\"text-align: justify;\"><em>d\u00e1 luz e paz<\/em> (QV 1003).<\/p>\n<p style=\"text-align: justify;\">Temos que descobrir a Maria de maneira contemplativa, como descobrimos a Deus. Esta descoberta realiza-se numa luz que n\u00e3o se pode explicitar claramente. \u00c9 uma experi\u00eancia obscura, mas segura, da maternidade de Maria; cria em n\u00f3s um movimento filial, um movimento que surge das profundidades e nos leva a viver como Maria. Jesus, Filho de Deus e filho de Maria, n\u00e3o quer para n\u00f3s outro lugar sen\u00e3o o seu, e d\u00e1-nos sua m\u00e3e: \u00abEis a tua m\u00e3e\u00bb (Jo 19, 27). A miseric\u00f3rdia de Deus completa-se com a ternura de Maria.<\/p>\n<p style=\"text-align: justify;\">Na tarde da sua ordena\u00e7\u00e3o sacerdotal, o Padre Eug\u00e9nio Maria escreveu:<\/p>\n<p style=\"text-align: justify;\"><em>Maria, devo-Vos tudo<\/em><\/p>\n<p style=\"text-align: justify;\"><em>pois me guiaste e fizeste quanto sou (B 17).<\/em><\/p>\n<p style=\"text-align: justify;\">Porque desde sempre e para sempre tinha-a acolhido \u00abem sua casa\u00bb. Quando a Provid\u00eancia o conduz a Notre-Dame de Vie, aprofunda ainda mais o mist\u00e9rio da vida de Deus que passa atrav\u00e9s de Maria. Ela \u00e9 m\u00e3e em toda a parte onde Jesus \u00e9 salvador, m\u00e3e de todos aqueles sobre os quais o Esp\u00edrito difunde a gra\u00e7a.<\/p>\n<p style=\"text-align: justify;\">Participando com Cristo na constru\u00e7\u00e3o da Igreja, participamos tamb\u00e9m no mist\u00e9rio de Maria, porque o amor recebido de Deus est\u00e1 feito para dar a vida e prolongar assim a maternidade de Maria. A fecundidade espiritual nasce do desenvolvimento da gra\u00e7a baptismal pelo poder do Alt\u00edssimo, que nos cobre com a sua sombra. <em>A Virgem vos escolheu. Vos chamou para que a prolongueis, para que derrameis como ela a luz e a vida, para que vos pare\u00e7ais o mais poss\u00edvel a Ela\u2026 derramando a sua gra\u00e7a por toda a parte<\/em> (I 7-10-61).<\/p>\n<p style=\"text-align: justify;\"><em>Descobrimo-La um dia com assombro, e acreditamos n\u2019Ela\u2026<\/em><\/p>\n<p style=\"text-align: justify;\">Junto de V\u00f3s, Maria, \u00abpersevero em ora\u00e7\u00e3o\u00bb (Act 1, 14), guiado pelo Padre Eug\u00e9nio Maria:<\/p>\n<p style=\"text-align: justify;\">\n<p style=\"text-align: justify;\"><em>Maria, sede M\u00e3e, M\u00e3e at\u00e9 ao extremo,<\/em><\/p>\n<p style=\"text-align: justify;\"><em>M\u00e3e da vida, M\u00e3e da Miseric\u00f3rdia,<\/em><\/p>\n<p style=\"text-align: justify;\"><em>dessa vida que se derrama<\/em><\/p>\n<p style=\"text-align: justify;\"><em>inclusive sobre a mis\u00e9ria das almas<\/em><\/p>\n<p style=\"text-align: justify;\"><em>para as levantar, para as ressuscitar.<\/em><\/p>\n<hr \/>\n<p style=\"text-align: right;\">Imagem de\u00a0<a href=\"https:\/\/pixabay.com\/pt\/users\/teribock-6774166\/?utm_source=link-attribution&amp;utm_medium=referral&amp;utm_campaign=image&amp;utm_content=2871447\">Teribock<\/a>\u00a0por\u00a0<a href=\"https:\/\/pixabay.com\/pt\/?utm_source=link-attribution&amp;utm_medium=referral&amp;utm_campaign=image&amp;utm_content=2871447\">Pixabay<\/a><\/p>\n","protected":false},"excerpt":{"rendered":"<p>Orat\u00f3rio Peregrino Um<\/p>\n","protected":false},"author":1,"featured_media":12583,"comment_status":"closed","ping_status":"closed","sticky":false,"template":"","format":"standard","meta":{"footnotes":""},"categories":[152],"tags":[],"class_list":["post-12581","post","type-post","status-publish","format-standard","has-post-thumbnail","hentry","category-oratorio-peregrino"],"_links":{"self":[{"href":"https:\/\/diocese-aveiro.pt\/cultura\/wp-json\/wp\/v2\/posts\/12581","targetHints":{"allow":["GET"]}}],"collection":[{"href":"https:\/\/diocese-aveiro.pt\/cultura\/wp-json\/wp\/v2\/posts"}],"about":[{"href":"https:\/\/diocese-aveiro.pt\/cultura\/wp-json\/wp\/v2\/types\/post"}],"author":[{"embeddable":true,"href":"https:\/\/diocese-aveiro.pt\/cultura\/wp-json\/wp\/v2\/users\/1"}],"replies":[{"embeddable":true,"href":"https:\/\/diocese-aveiro.pt\/cultura\/wp-json\/wp\/v2\/comments?post=12581"}],"version-history":[{"count":1,"href":"https:\/\/diocese-aveiro.pt\/cultura\/wp-json\/wp\/v2\/posts\/12581\/revisions"}],"predecessor-version":[{"id":12584,"href":"https:\/\/diocese-aveiro.pt\/cultura\/wp-json\/wp\/v2\/posts\/12581\/revisions\/12584"}],"wp:featuredmedia":[{"embeddable":true,"href":"https:\/\/diocese-aveiro.pt\/cultura\/wp-json\/wp\/v2\/media\/12583"}],"wp:attachment":[{"href":"https:\/\/diocese-aveiro.pt\/cultura\/wp-json\/wp\/v2\/media?parent=12581"}],"wp:term":[{"taxonomy":"category","embeddable":true,"href":"https:\/\/diocese-aveiro.pt\/cultura\/wp-json\/wp\/v2\/categories?post=12581"},{"taxonomy":"post_tag","embeddable":true,"href":"https:\/\/diocese-aveiro.pt\/cultura\/wp-json\/wp\/v2\/tags?post=12581"}],"curies":[{"name":"wp","href":"https:\/\/api.w.org\/{rel}","templated":true}]}}