{"id":12578,"date":"2021-09-01T07:00:03","date_gmt":"2021-09-01T06:00:03","guid":{"rendered":"https:\/\/diocese-aveiro.pt\/cultura\/?p=12578"},"modified":"2021-05-24T17:02:16","modified_gmt":"2021-05-24T16:02:16","slug":"oratorio-peregrino-75-serie-beato-pe-eugenio-maria-xiv-servidor-do-reino-enviado-pelo-espirito","status":"publish","type":"post","link":"https:\/\/diocese-aveiro.pt\/cultura\/oratorio-peregrino-75-serie-beato-pe-eugenio-maria-xiv-servidor-do-reino-enviado-pelo-espirito\/","title":{"rendered":"Orat\u00f3rio Peregrino | 75 | [S\u00e9rie Beato Pe. Eug\u00e9nio Maria] XIV &#8211; Servidor do Reino, enviado pelo Esp\u00edrito"},"content":{"rendered":"<p style=\"text-align: right;\"><em><strong>Orat\u00f3rio Peregrino<\/strong><\/em><\/p>\n<h6 style=\"text-align: right; padding-left: 360px;\">Um orat\u00f3rio \u00e0 maneira de um vi\u00e1tico para tempos de carestia<br \/>\nUma proposta desenvolvida em parceria com<\/h6>\n<p style=\"text-align: right; padding-left: 440px;\"><strong>Irm\u00e3s do Carmelo de Cristo Redentor &#8211; Aveiro<\/strong><\/p>\n<hr \/>\n<h3 style=\"text-align: center;\">XIV &#8211; Servidor do Reino, enviado pelo Esp\u00edrito<\/h3>\n<p style=\"text-align: justify;\"><em>Se quisermos ser ap\u00f3stolos, o primeiro que temos a fazer \u00e9 dar-nos conta da presen\u00e7a do Esp\u00edrito Santo na nossa alma para que Ele seja o dono da nossa actividade<\/em> (I 23-8-53).<\/p>\n<p style=\"text-align: justify;\"><em>O ap\u00f3stolo \u00e9 um homem de ora\u00e7\u00e3o que reza com o Esp\u00edrito Santo. Constru\u00edmos a Igreja orando. Se n\u00e3o sabemos orar, faremos um edif\u00edcio com pedras mas sem cimento.<\/em><\/p>\n<p style=\"text-align: justify;\"><em>Nas obras do apostolado, somos colaboradores do Esp\u00edrito Santo. Quer seja dar de comer aos pobres, dar um ensinamento espiritual ou administrar os sacramentos, o Esp\u00edrito Santo interessa-se por todos os nossos trabalhos. Somos seus colaboradores: temos que p\u00f4r-nos \u00e0 sua disposi\u00e7\u00e3o. O ap\u00f3stolo n\u00e3o pode realizar<\/em> <em>um trabalho puramente humano. Tudo deve girar \u00e0 volta da constru\u00e7\u00e3o da Igreja.<\/em><\/p>\n<p style=\"text-align: justify;\"><em>Que o Esp\u00edrito Santo nos ensine a ser ao mesmo tempo audazes e simples nos nossos contactos, nos nossos ensinamentos. Nos mostre nas feridas que teremos que vendar e curar a bondade de Deus e nos fa\u00e7a aceitar a verdade. Saibamos levar o sofrimento com paci\u00eancia e amor: sofrimentos exteriores, talvez sofrimento pelo \u00f3dio, sofrimento pelo pecado que vemos nas almas com que nos relacionamos. O ap\u00f3stolo leva o peso do pecado interior e \u00e0s vezes exterior.<\/em><\/p>\n<p style=\"text-align: justify;\"><em>Aproveitemos tudo isto para realizar a miss\u00e3o que Deus nos deu, para a realizar t\u00e3o amplamente como Deus quer. N\u00e3o a diminuamos por falta de caridade ou por estreiteza de olhar; ofere\u00e7amo-nos ao Esp\u00edrito Santo para que Ele seja o Mestre e para que por meio de n\u00f3s realize na Igreja o que previu desde toda a eternidade, o que o Pai espera de n\u00f3s <\/em>(I 21-8-52).<\/p>\n<p style=\"text-align: justify;\">Tudo o que Deus Pai faz, f\u00e1-lo \u00abpor Jesus Cristo, no Esp\u00edrito Santo\u00bb. \u00c9 Ele quem realiza a sua obra de amor no mundo.<\/p>\n<p style=\"text-align: justify;\">A nossa colabora\u00e7\u00e3o \u00e9 necess\u00e1ria, mas a ac\u00e7\u00e3o de Deus \u00e9 o primeiro. No come\u00e7o da vida espiritual o homem dirige a sua vida. Mas num dado momento, Deus toma a iniciativa: \u00e9 ent\u00e3o o momento de descobrir profundamente a Cristo e a Igreja, seu Corpo. O homem escolhe caminhar a partir desse momento ao passo de Deus. \u00c9 uma mudan\u00e7a na vida pessoal e uma boa not\u00edcia para o mundo. O Esp\u00edrito quer trabalhar por meio de n\u00f3s, em n\u00f3s. E temos que nos deixar conduzir.<\/p>\n<p style=\"text-align: justify;\">O Pai envia-me por meio de Jesus; mas n\u00e3o conto s\u00f3 com a minha for\u00e7a, mas com a sua gra\u00e7a. Esta elei\u00e7\u00e3o \u00e9 um privil\u00e9gio da gra\u00e7a baptismal, que nos associa ao gesto salvador de Cristo: \u00abPorque Tu o dizes, lan\u00e7arei as redes\u00bb. Quando come\u00e7ar? Hoje mesmo; tal como sou, ir onde me envie. <em>A grande riqueza \u00e9 que o Esp\u00edrito Santo me tenha tomado, me<\/em> <em>tenha transformado<\/em> (I 8-66). N\u00e3o s\u00f3 quer ser nosso guia, nossa luz, nosso inspirador, mas quer s\u00ea-lo Tudo e realizar o querer e o agir. <em>Que vem fazer em n\u00f3s sen\u00e3o iluminar-nos e trabalhar em n\u00f3s?<\/em> (I 7-66).<\/p>\n<p style=\"text-align: justify;\">Como disc\u00edpulo e servidor, aprendo a trabalhar no campo do Senhor. N\u00e3o \u00e9 o meu; n\u00e3o posso dizer: \u00abTomo este pequeno terreno e cultivo-o para Deus\u00bb. O construtor da Igreja \u00e9 o Esp\u00edrito Santo! O ap\u00f3stolo p\u00f5e-se \u00e0 sua disposi\u00e7\u00e3o, pois seremos ap\u00f3stolos na medida em que Deus tome posse de n\u00f3s, na medida em que Deus esteja vivo em n\u00f3s: os nossos gestos ser\u00e3o ent\u00e3o os gestos do Esp\u00edrito Santo.<\/p>\n<p style=\"text-align: justify;\">\n<p style=\"text-align: justify;\">\u00c9 este o segredo de todos o apostolado. E Deus alegrar-se-\u00e1 vendo que estamos verdadeiramente ao servi\u00e7o do amor\u2026<\/p>\n<p style=\"text-align: justify;\">Devemos certamente ser competentes e fazer bem o trabalho. Tamb\u00e9m somos respons\u00e1veis do que fazemos. O Esp\u00edrito Santo tem necessidade disso. Mas o Padre Eug\u00e9nio Maria v\u00ea os limites das nossas obras demasiado humanas, e diz-nos com humor: <em>Vemos com os nossos \u00f3culos, isto parece-nos muito importante, e julgamos que disto depende o futuro. Oh, os sonhos da nossa intelig\u00eancia!<\/em> (I 16-5-66).<\/p>\n<p style=\"text-align: justify;\">Os acontecimentos podem tamb\u00e9m ser indicadores de direc\u00e7\u00e3o. O pensamento de Deus est\u00e1 vivo, desenvolve-se, temos que estar preparados em todo o momento. Porque uma f\u00e9 viva tem o poder de nos fazer perceber em tudo a ac\u00e7\u00e3o do Esp\u00edrito Santo. <em>Na minha vida, \u00e0s vezes, punha-me a caminho, pensava que ia na boa direc\u00e7\u00e3o, e de repente, alto, tinha que parar em seco e dar a volta\u2026 Sentimos que \u00e9 o Esp\u00edrito Santo quem o quer. H\u00e1 que ter uma confian\u00e7a total n\u2019Ele. Quando nos desconcerta, ent\u00e3o podemos esperar no grande poder do amor de Deus<\/em> (I 24, 12-66).<\/p>\n<p style=\"text-align: justify;\">Quando sou servidor, descubro que atrav\u00e9s do <em>caos das germina\u00e7\u00f5es divinas<\/em>, a m\u00e3o de Deus est\u00e1 sempre presente. Nunca estamos mais seguros da vontade de Deus do que quando um acontecimento providencial nos obriga a fazer isto ou aquilo. As dificuldades n\u00e3o nos devem fazer crer que nos equivocamos\u2026 N\u00e3o compreendemos o que acontece, mas enfim, Deus n\u00e3o tem porque nos explicar tudo. O que por fora pode aparecer um empobrecimento, pode tornar-se na origem de um grande bem.<\/p>\n<p style=\"text-align: justify;\">Nuns apontamentos de um retiro espiritual, o Padre Eug\u00e9nio Maria escreve:<\/p>\n<p style=\"text-align: justify;\"><em>O Esp\u00edrito Santo est\u00e1 vivo e tudo ordena. Tenho que me abandonar completamente e estar dispon\u00edvel com os olhos fechados, sem pretender conhecer o que ser\u00e1 o futuro. Esfor\u00e7ando-me por cumprir com as minhas obriga\u00e7\u00f5es actuais \u00e0 sua luz e segundo a sua vontade<\/em> (1954).<\/p>\n<p style=\"text-align: justify;\">\n<p style=\"text-align: justify;\">Esp\u00edrito Santo, criai em mim<\/p>\n<p style=\"text-align: justify;\">os la\u00e7os de amizade que necessito e desejo<\/p>\n<p style=\"text-align: justify;\">e que necessitas<\/p>\n<p style=\"text-align: justify;\">para realizar a tua obra em mim.<\/p>\n<p style=\"text-align: justify;\">Que o sopro do Esp\u00edrito de amor<\/p>\n<p style=\"text-align: justify;\">penetre em mim,<\/p>\n<p style=\"text-align: justify;\">me invada e vivifique<\/p>\n<p style=\"text-align: justify;\">como vivifica a Igreja.<\/p>\n<p style=\"text-align: justify;\">Que este alento, que \u00e9 o Esp\u00edrito Santo,<\/p>\n<p style=\"text-align: justify;\">me fa\u00e7a realizar a minha miss\u00e3o.<\/p>\n<p style=\"text-align: justify;\">\n<p style=\"text-align: justify;\">Esta \u00e9 a verdadeira ora\u00e7\u00e3o cujo alcance desconhecemos. Chegar\u00e1 a regi\u00f5es profundas, long\u00ednquas e misteriosas, que desconhecemos, mas que veremos um dia no c\u00e9u.<\/p>\n<p style=\"text-align: justify;\">Ofere\u00e7amo-nos a este Pentecostes!<\/p>\n<hr \/>\n<p style=\"text-align: right;\">Imagem de\u00a0<a href=\"https:\/\/pixabay.com\/pt\/users\/blickpixel-52945\/?utm_source=link-attribution&amp;utm_medium=referral&amp;utm_campaign=image&amp;utm_content=463928\">Michael Schwarzenberger<\/a>\u00a0por\u00a0<a href=\"https:\/\/pixabay.com\/pt\/?utm_source=link-attribution&amp;utm_medium=referral&amp;utm_campaign=image&amp;utm_content=463928\">Pixabay<\/a><\/p>\n","protected":false},"excerpt":{"rendered":"<p>Orat\u00f3rio Peregrino Um<\/p>\n","protected":false},"author":1,"featured_media":12579,"comment_status":"closed","ping_status":"closed","sticky":false,"template":"","format":"standard","meta":{"footnotes":""},"categories":[152],"tags":[],"class_list":["post-12578","post","type-post","status-publish","format-standard","has-post-thumbnail","hentry","category-oratorio-peregrino"],"_links":{"self":[{"href":"https:\/\/diocese-aveiro.pt\/cultura\/wp-json\/wp\/v2\/posts\/12578","targetHints":{"allow":["GET"]}}],"collection":[{"href":"https:\/\/diocese-aveiro.pt\/cultura\/wp-json\/wp\/v2\/posts"}],"about":[{"href":"https:\/\/diocese-aveiro.pt\/cultura\/wp-json\/wp\/v2\/types\/post"}],"author":[{"embeddable":true,"href":"https:\/\/diocese-aveiro.pt\/cultura\/wp-json\/wp\/v2\/users\/1"}],"replies":[{"embeddable":true,"href":"https:\/\/diocese-aveiro.pt\/cultura\/wp-json\/wp\/v2\/comments?post=12578"}],"version-history":[{"count":2,"href":"https:\/\/diocese-aveiro.pt\/cultura\/wp-json\/wp\/v2\/posts\/12578\/revisions"}],"predecessor-version":[{"id":12582,"href":"https:\/\/diocese-aveiro.pt\/cultura\/wp-json\/wp\/v2\/posts\/12578\/revisions\/12582"}],"wp:featuredmedia":[{"embeddable":true,"href":"https:\/\/diocese-aveiro.pt\/cultura\/wp-json\/wp\/v2\/media\/12579"}],"wp:attachment":[{"href":"https:\/\/diocese-aveiro.pt\/cultura\/wp-json\/wp\/v2\/media?parent=12578"}],"wp:term":[{"taxonomy":"category","embeddable":true,"href":"https:\/\/diocese-aveiro.pt\/cultura\/wp-json\/wp\/v2\/categories?post=12578"},{"taxonomy":"post_tag","embeddable":true,"href":"https:\/\/diocese-aveiro.pt\/cultura\/wp-json\/wp\/v2\/tags?post=12578"}],"curies":[{"name":"wp","href":"https:\/\/api.w.org\/{rel}","templated":true}]}}