{"id":12367,"date":"2021-04-14T16:06:21","date_gmt":"2021-04-14T15:06:21","guid":{"rendered":"https:\/\/diocese-aveiro.pt\/cultura\/?p=12367"},"modified":"2021-04-14T16:06:34","modified_gmt":"2021-04-14T15:06:34","slug":"aveirenses-notaveis","status":"publish","type":"post","link":"https:\/\/diocese-aveiro.pt\/cultura\/aveirenses-notaveis\/","title":{"rendered":"AVEIRENSES NOT\u00c1VEIS | Armando Teixeira Carneiro \u2013 o \u201crosto\u201d do ISCIA"},"content":{"rendered":"<p><em>Aveirenses not\u00e1veis<\/em><\/p>\n<h2 style=\"text-align: center;\">Armando Teixeira Carneiro \u2013 o \u201crosto\u201d do ISCIA<\/h2>\n<p style=\"text-align: center;\">Cardoso Ferreira (textos)<\/p>\n<h6 style=\"text-align: right;\">Parceria com o <a href=\"http:\/\/sites.ecclesia.pt\/cv\/\" target=\"_blank\" rel=\"noopener noreferrer\">Correio do Vouga<\/a><\/h6>\n<hr \/>\n<h6>Durante tr\u00eas d\u00e9cadas, Armando Teixeira Carneiro foi o \u201crosto\u201d do Instituto Superior\u00a0 de Administra\u00e7\u00e3o e Informa\u00e7\u00e3o de Aveiro (ISCIA).<\/h6>\n<p style=\"text-align: justify;\">Armando Teixeira Carneiro nasceu em Coimbra, no dia 14 de novembro de 1938, e faleceu em Aveiro, no dia 13 de mar\u00e7o de 2021.<\/p>\n<p style=\"text-align: justify;\">Depois dos estudos prim\u00e1rios e secund\u00e1rios, Armando Teixeira Carneiro ingressou na Universidade de Coimbra, prosseguindo os estudos universit\u00e1rios na Universidade de Santiago de Compostela, na Universidade de Sevilha e na Universidade do Porto.<\/p>\n<p style=\"text-align: justify;\">Ap\u00f3s tirar as licenciaturas em Engenharia Eletr\u00f3nica e em Educa\u00e7\u00e3o, doutorou-se em Ci\u00eancias da Educa\u00e7\u00e3o, na Universidade Pontif\u00edcia de Salamanca.<\/p>\n<p style=\"text-align: justify;\">Os tempos da juventude foram passados entre Coimbra e a Figueira da Foz, cidade praia que admirava e \u00e0 qual ficou ligado, tendo participado em eventos locais e colaborado com a imprensa local, designadamente o jornal \u201cO Figueirense\u201d.<\/p>\n<p style=\"text-align: justify;\">No entanto, Armando Teixeira Carneiro acabou por fixar resid\u00eancia na zona de Aveiro, onde deu in\u00edcio \u00e0 sua atividade profissional ligada \u00e0 ind\u00fastria e ao mundo empresarial, tendo desempenhado cargos de relevo em empresas como a \u201cFrapil\u201d, sedeada em Aveiro e que foi uma refer\u00eancia tecnol\u00f3gica a n\u00edvel nacional, e a \u201cCrovan\u201d, com instala\u00e7\u00f5es na Zona Industrial da Mota (Gafanha da Encarna\u00e7\u00e3o).<\/p>\n<p style=\"text-align: justify;\">Armando Teixeira Carneiro conseguiu conciliar a atividade empresarial com a carreira acad\u00e9mica, tendo integrado a Comiss\u00e3o Instaladora da Universidade de Aveiro.<\/p>\n<p style=\"text-align: justify;\"><strong>Cofundador do ISCIA e da FEDRAVE<\/strong><\/p>\n<p style=\"text-align: justify;\">Nas \u00faltimas tr\u00eas d\u00e9cadas, o nome de Armando Teixeira Carneiro esteve associado ao Instituto Superior de Administra\u00e7\u00e3o e Informa\u00e7\u00e3o de Aveiro (ISCIA), institui\u00e7\u00e3o de ensino superior propriedade da Funda\u00e7\u00e3o para o Estudo e Desenvolvimento da Regi\u00e3o de Aveiro (FEDRAVE), entidades das quais foi cofundador. No ISCIA exerceu o cargo de diretor, de 2001 a 2013, e de presidente, entre 2001 e 2021. De 1989 a 2021, foi presidente do conselho de administra\u00e7\u00e3o da FEDRAVE.<\/p>\n<p style=\"text-align: justify;\">Para al\u00e9m de professor catedr\u00e1tico, Armando Teixeira Carneiro distinguiu-se pelo seu pioneirismo em levar os temas relacionados com o mar ao ensino superior, criando \u00e1reas de estudo espec\u00edficas de tem\u00e1tica mar\u00edtima, como ficou bem patente no ISCIA, institui\u00e7\u00e3o onde tamb\u00e9m promoveu o ensino \u00e0 dist\u00e2ncia e a forma\u00e7\u00e3o em temas relacionados com a seguran\u00e7a, \u00e1reas em que tamb\u00e9m foi pioneiro em Portugal.<\/p>\n<p style=\"text-align: justify;\">Armando Teixeira Carneiro foi um \u201cHomem inteligente, inovador, batalhador\u201d, real\u00e7ou a dire\u00e7\u00e3o do ISCIA numa nota de pesar emitida quando do seu falecimento, sublinhando que \u201ccom a determina\u00e7\u00e3o e o sonho de poder contribuir para o crescimento e desenvolvimento das pessoas e das institui\u00e7\u00f5es da regi\u00e3o\u201d, esteve na funda\u00e7\u00e3o da FEDRAVE e na cria\u00e7\u00e3o do ISCIA.<\/p>\n<p style=\"text-align: justify;\">Estas duas institui\u00e7\u00f5es referem que Armando Teixeira Carneiro era um \u201chomem justo e bom\u201d, bem como \u201cum homem empreendedor, inovador e criativo, que acreditava no valor de Portugal e dos portugueses, sem esquecer as comunidades de l\u00edngua portuguesa, que sempre fez quest\u00e3o de incluir nas suas op\u00e7\u00f5es estrat\u00e9gicas\u201d. \u201cUm homem inteligente, batalhador e um passo \u00e0 frente em termos de conhecimento e a\u00e7\u00e3o\u201d, real\u00e7am as institui\u00e7\u00f5es.<\/p>\n<p style=\"text-align: justify;\"><strong>Interesse pelas quest\u00f5es de defesa<\/strong><\/p>\n<p style=\"text-align: justify;\">As quest\u00f5es relacionadas com a Defesa Nacional sempre mereceram as aten\u00e7\u00f5es de Armando Teixeira Carneiro, temas que se refletiram em muitas das iniciativas que promoveu e incrementou no ISCIA, nomeadamente em cursos e em a\u00e7\u00f5es de forma\u00e7\u00e3o, e na realiza\u00e7\u00e3o de eventos, como confer\u00eancias, palestras, lan\u00e7amento de livros, entre outros.<\/p>\n<p style=\"text-align: justify;\">Esse seu interesse pelas quest\u00f5es de Defesa levou-o a ser membro da Comiss\u00e3o Industrial Portuguesa da NATO e do N\u00facleo de Ind\u00fastrias de Defesa da Associa\u00e7\u00e3o Industrial Portuguesa (AIP), bem como Auditor de Defesa Nacional pelo Instituto da Defesa Nacional.<\/p>\n<p style=\"text-align: justify;\">Entre os livros de que Armando Teixeira Carneiro foi coautor, destacamos \u201cO despertar do Atl\u00e2ntico\u201d, editado pela \u201cMare Liberum\u201d, editora ligada ao ISCIA, em que os outros coautores s\u00e3o Ant\u00f3nio Silva Ribeiro e Henrique Gouveia e Melo.<\/p>\n<p style=\"text-align: justify;\">Um rot\u00e1rio ativo<\/p>\n<p style=\"text-align: justify;\">Armando Teixeira Carneiro foi um ativo membro do Rotary Club de Aveiro.<\/p>\n<p style=\"text-align: justify;\">Este clube aveirense recorda que Armando Teixeira Carneiro \u201centrou para o movimento em 3 de maio de 1971, tendo sido seu padrinho o companheiro Paulo Ramalheira, ocupando a classifica\u00e7\u00e3o rot\u00e1ria inicial de \u2018Produ\u00e7\u00e3o de Material El\u00e9ctrico\u2019 que anos mais tarde alterou para \u2018Ensino Superior\u2019, tendo sido um \u201cprofundo conhecedor e estudioso do movimento\u201d.<\/p>\n<p style=\"text-align: justify;\">Armando Teixeira Carneiro foi presidente do Rotary Club de Aveiro no ano de 1975\/76 e Governador do ent\u00e3o Distrito 1970 em 1986\/87. No desempenho deste \u00faltimo cargo, ficou ligado \u00e0 cria\u00e7\u00e3o dos clubes rot\u00e1rios de \u00c1gueda, Sever do Vouga, Espinho, Seia e Castanheira de P\u00eara.<\/p>\n<p style=\"text-align: justify;\">Entre relevantes servi\u00e7os que Armando Teixeira Carneiro prestou ao movimento rot\u00e1rio, o Rotary Club de Aveiro destaca: presidente da CIP Portugal \u2013 Fran\u00e7a em 1991\/93; representante do presidente de RI na Confer\u00eancia do Distrito 4500 \u2013 Natal, 1993; representante do presidente de RI na Confer\u00eancia do Distrito 4630 \u2013 Paranava\u00ed, 1993; Group Leader do Instituto Internacional de Anaheim, CA, EUA; participa\u00e7\u00e3o em diversos Institutos Rot\u00e1rios Internacionais, nomeadamente Barcelona, Estrasburgo e Madrid; assessor do presidente Mat Caparas e do presidente Clifford L. Dochterman nas suas v\u00e1rias visitas a Portugal, tendo ainda publicado, em 1992, o Manual de Protocolo Rot\u00e1rio.<\/p>\n","protected":false},"excerpt":{"rendered":"<p>Aveirenses not\u00e1veis Armando<\/p>\n","protected":false},"author":1,"featured_media":12368,"comment_status":"closed","ping_status":"closed","sticky":false,"template":"","format":"standard","meta":{"footnotes":""},"categories":[114,65],"tags":[],"class_list":["post-12367","post","type-post","status-publish","format-standard","has-post-thumbnail","hentry","category-aveirenses-notaveis","category-cardoso-ferreira"],"_links":{"self":[{"href":"https:\/\/diocese-aveiro.pt\/cultura\/wp-json\/wp\/v2\/posts\/12367","targetHints":{"allow":["GET"]}}],"collection":[{"href":"https:\/\/diocese-aveiro.pt\/cultura\/wp-json\/wp\/v2\/posts"}],"about":[{"href":"https:\/\/diocese-aveiro.pt\/cultura\/wp-json\/wp\/v2\/types\/post"}],"author":[{"embeddable":true,"href":"https:\/\/diocese-aveiro.pt\/cultura\/wp-json\/wp\/v2\/users\/1"}],"replies":[{"embeddable":true,"href":"https:\/\/diocese-aveiro.pt\/cultura\/wp-json\/wp\/v2\/comments?post=12367"}],"version-history":[{"count":2,"href":"https:\/\/diocese-aveiro.pt\/cultura\/wp-json\/wp\/v2\/posts\/12367\/revisions"}],"predecessor-version":[{"id":12370,"href":"https:\/\/diocese-aveiro.pt\/cultura\/wp-json\/wp\/v2\/posts\/12367\/revisions\/12370"}],"wp:featuredmedia":[{"embeddable":true,"href":"https:\/\/diocese-aveiro.pt\/cultura\/wp-json\/wp\/v2\/media\/12368"}],"wp:attachment":[{"href":"https:\/\/diocese-aveiro.pt\/cultura\/wp-json\/wp\/v2\/media?parent=12367"}],"wp:term":[{"taxonomy":"category","embeddable":true,"href":"https:\/\/diocese-aveiro.pt\/cultura\/wp-json\/wp\/v2\/categories?post=12367"},{"taxonomy":"post_tag","embeddable":true,"href":"https:\/\/diocese-aveiro.pt\/cultura\/wp-json\/wp\/v2\/tags?post=12367"}],"curies":[{"name":"wp","href":"https:\/\/api.w.org\/{rel}","templated":true}]}}