{"id":12339,"date":"2021-04-10T07:05:20","date_gmt":"2021-04-10T06:05:20","guid":{"rendered":"https:\/\/diocese-aveiro.pt\/cultura\/?p=12339"},"modified":"2021-04-12T11:07:45","modified_gmt":"2021-04-12T10:07:45","slug":"aniversario-padre-jose-nunes-ferreira-dos-santos","status":"publish","type":"post","link":"https:\/\/diocese-aveiro.pt\/cultura\/aniversario-padre-jose-nunes-ferreira-dos-santos\/","title":{"rendered":"Anivers\u00e1rio | Padre Jos\u00e9 Nunes Ferreira dos Santos"},"content":{"rendered":"<p style=\"text-align: justify;\">O Padre Jos\u00e9 Nunes Ferreira dos Santos, nascido a 29 de janeiro de 1942 na freguesia da Mamarrosa, frequentou o Semin\u00e1rio de Aveiro entre os anos 1954 e 1962 e o Semin\u00e1rio dos Olivais de 1963 a 1967.<br \/>\nFoi ordenado presb\u00edtero, por D. Manuel de Almeida Trindade, a 10 de abril de 1968 na S\u00e9 e Aveiro.<br \/>\nIniciou o seu m\u00fanus pastoral nas par\u00f3quias de Agad\u00e3o e Belazaima.<\/p>\n<div id=\"attachment_20554\" class=\"wp-caption alignnone\"><img loading=\"lazy\" decoding=\"async\" class=\"alignleft size-full wp-image-12340\" src=\"https:\/\/diocese-aveiro.pt\/cultura\/wp-content\/uploads\/2021\/04\/PJoseNunes-724x1024-1.jpg\" alt=\"\" width=\"724\" height=\"1024\" srcset=\"https:\/\/diocese-aveiro.pt\/cultura\/wp-content\/uploads\/2021\/04\/PJoseNunes-724x1024-1.jpg 724w, https:\/\/diocese-aveiro.pt\/cultura\/wp-content\/uploads\/2021\/04\/PJoseNunes-724x1024-1-212x300.jpg 212w, https:\/\/diocese-aveiro.pt\/cultura\/wp-content\/uploads\/2021\/04\/PJoseNunes-724x1024-1-600x849.jpg 600w\" sizes=\"auto, (max-width: 724px) 100vw, 724px\" \/><\/div>\n<div><\/div>\n<div><\/div>\n<div><\/div>\n<div><\/div>\n<div><\/div>\n<div><\/div>\n<div><\/div>\n<div><\/div>\n<div><\/div>\n<div><\/div>\n<div><\/div>\n<div><\/div>\n<div><\/div>\n<div><\/div>\n<div><\/div>\n<div><\/div>\n<div><\/div>\n<div><\/div>\n<div><\/div>\n<div><\/div>\n<div><\/div>\n<div><\/div>\n<div><\/div>\n<div><\/div>\n<div><\/div>\n<div><\/div>\n<div><\/div>\n<div><\/div>\n<div><\/div>\n<div><\/div>\n<div><\/div>\n<div><\/div>\n<div><\/div>\n<div><\/div>\n<div><\/div>\n<div><\/div>\n<div><\/div>\n<div><\/div>\n<div><\/div>\n<div><\/div>\n<div><\/div>\n<div><\/div>\n<div class=\"wp-caption aligncenter\">\n<hr \/>\n<p class=\"wp-caption-text\">Seman\u00e1rio Diocesano \u201cCorreio do Vouga\u201d, de 1968.04.05 e 1968.04.12<\/p>\n<\/div>\n","protected":false},"excerpt":{"rendered":"<p>O Padre Jos\u00e9<\/p>\n","protected":false},"author":1,"featured_media":12341,"comment_status":"closed","ping_status":"closed","sticky":false,"template":"","format":"standard","meta":{"footnotes":""},"categories":[156],"tags":[],"class_list":["post-12339","post","type-post","status-publish","format-standard","has-post-thumbnail","hentry","category-efemerides"],"_links":{"self":[{"href":"https:\/\/diocese-aveiro.pt\/cultura\/wp-json\/wp\/v2\/posts\/12339","targetHints":{"allow":["GET"]}}],"collection":[{"href":"https:\/\/diocese-aveiro.pt\/cultura\/wp-json\/wp\/v2\/posts"}],"about":[{"href":"https:\/\/diocese-aveiro.pt\/cultura\/wp-json\/wp\/v2\/types\/post"}],"author":[{"embeddable":true,"href":"https:\/\/diocese-aveiro.pt\/cultura\/wp-json\/wp\/v2\/users\/1"}],"replies":[{"embeddable":true,"href":"https:\/\/diocese-aveiro.pt\/cultura\/wp-json\/wp\/v2\/comments?post=12339"}],"version-history":[{"count":1,"href":"https:\/\/diocese-aveiro.pt\/cultura\/wp-json\/wp\/v2\/posts\/12339\/revisions"}],"predecessor-version":[{"id":12342,"href":"https:\/\/diocese-aveiro.pt\/cultura\/wp-json\/wp\/v2\/posts\/12339\/revisions\/12342"}],"wp:featuredmedia":[{"embeddable":true,"href":"https:\/\/diocese-aveiro.pt\/cultura\/wp-json\/wp\/v2\/media\/12341"}],"wp:attachment":[{"href":"https:\/\/diocese-aveiro.pt\/cultura\/wp-json\/wp\/v2\/media?parent=12339"}],"wp:term":[{"taxonomy":"category","embeddable":true,"href":"https:\/\/diocese-aveiro.pt\/cultura\/wp-json\/wp\/v2\/categories?post=12339"},{"taxonomy":"post_tag","embeddable":true,"href":"https:\/\/diocese-aveiro.pt\/cultura\/wp-json\/wp\/v2\/tags?post=12339"}],"curies":[{"name":"wp","href":"https:\/\/api.w.org\/{rel}","templated":true}]}}