{"id":11762,"date":"2021-04-08T07:00:56","date_gmt":"2021-04-08T06:00:56","guid":{"rendered":"http:\/\/diocese-aveiro.pt\/cultura\/?p=11762"},"modified":"2021-02-13T15:58:33","modified_gmt":"2021-02-13T15:58:33","slug":"oratorio-peregrino-55-a-dignidade-a-santidade-e-as-virtudes-de-sao-jose","status":"publish","type":"post","link":"https:\/\/diocese-aveiro.pt\/cultura\/oratorio-peregrino-55-a-dignidade-a-santidade-e-as-virtudes-de-sao-jose\/","title":{"rendered":"Orat\u00f3rio Peregrino | 55 | A DIGNIDADE, A SANTIDADE E AS VIRTUDES DE S\u00c3O JOS\u00c9"},"content":{"rendered":"<p style=\"text-align: right;\"><em><strong>Orat\u00f3rio Peregrino<\/strong><\/em><\/p>\n<h6 style=\"text-align: right; padding-left: 360px;\">Um orat\u00f3rio \u00e0 maneira de um vi\u00e1tico para tempos de carestia<br \/>\nUma proposta desenvolvida em parceria com<\/h6>\n<p style=\"text-align: right; padding-left: 440px;\"><strong>Irm\u00e3s do Carmelo de Cristo Redentor &#8211; Aveiro<\/strong><\/p>\n<hr \/>\n<h3 style=\"padding-left: 40px; text-align: center;\">LV Passo | <strong>A DIGNIDADE, A SANTIDADE E AS VIRTUDES DE S\u00c3O JOS\u00c9<\/strong><\/h3>\n<p>&nbsp;<\/p>\n<p style=\"text-align: justify;\">A Igreja nunca encontrou dificuldade\u00a0em propor S\u00e3o Jos\u00e9\u00a0como exemplo e modelo para todos os crist\u00e3os. De fato, o Papa Le\u00e3o XIII, afirma que \u201c<em>\u00a0Em S\u00e3o Jos\u00e9\u00a0os pais de fam\u00edlia t\u00eam o mais sublime modelo de paterna vigil\u00e2ncia e prud\u00eancia, os esposos um perfeito exemplo de amor, de conc\u00f3rdia e de f\u00e9 conjugal, os virgens um tipo de defensor, juntamente com uma virgindade integral\u201d&#8230; Os oper\u00e1rios devem, por um direito que lhes \u00e9 pr\u00f3prio, tomar dele o que devem imitar&#8230;\u201d\u00a0<\/em>(Le\u00e3o XIII, Quanquam Pluries 15, agosto 1889).<\/p>\n<p style=\"text-align: justify;\">S\u00e3o Jos\u00e9 pertence \u00e0 classe oper\u00e1ria, experimentou o peso da pobreza, para si e para a sua fam\u00edlia. Com uma vida de fidel\u00edssimo cumprimento do seu dever, deixou o exemplo para todos os que devem ganhar o p\u00e3o com o trabalho das pr\u00f3prias m\u00e3os.<\/p>\n<p style=\"text-align: justify;\">A santidade de S\u00e3o Jos\u00e9 tem a sua origem e a sua express\u00e3o na singular uni\u00e3o e intimidade que viveu com Maria e Jesus. Desta realidade deriva o extraordin\u00e1rio da sua vida. A sua ades\u00e3o \u00e0 vontade de Deus, como disse Paulo VI, \u201c<em>\u00e9 o segredo da grande vida para cada pessoa. Fundamentalmente a espiritualidade de S\u00e3o Jos\u00e9, como uma proposta da Igreja, \u00e9 algo acess\u00edvel a todos os\u00a0 crist\u00e3os porque sup\u00f5e a grandeza da vida di\u00e1ria enquanto tal\u201d.<\/em><\/p>\n<p style=\"text-align: justify;\">A dignidade e santidade de Jos\u00e9 \u00e9 determinada pelo seu estreito relacionamento com Jesus e Maria e pelo seu grau de coopera\u00e7\u00e3o com os mist\u00e9rios da Reden\u00e7\u00e3o. Tamb\u00e9m se a paternidade de Jos\u00e9 n\u00e3o foi f\u00edsica, contudo esta n\u00e3o \u00e9 menor\u00a0em dignidade. Por\u00a0isso, Jos\u00e9 teve para com Jesus um relacionamento de pai para filho seja ao n\u00edvel da conviv\u00eancia, como do afeto, do comportamento, da autoridade, da educa\u00e7\u00e3o&#8230; Consequentemente\u00a0 podemos dizer que a sua paternidade \u00e9 densa de conte\u00fado e rica e que lhe valeu uma dignidade superior \u00e0quela dos anjos, pois enquanto os anjos apenas serviram Jesus, Jos\u00e9 teve autoridade sobre ele. A sua dignidade \u00e9 superior \u00e0 de Jo\u00e3o Batista, pois enquanto Jo\u00e3o Batista d\u00e1 testemunho de Cristo, inclusive com o seu sangue,\u00a0 Jos\u00e9 teve poder sobre ele. A grandeza de\u00a0 Jos\u00e9 \u00e9 inclusive superior em rela\u00e7\u00e3o aos ap\u00f3stolos, posi\u00e7\u00e3o esta confirmada por Suar\u00e9z quando diz: \u201c<em>Admito que a miss\u00e3o do ap\u00f3stolo constitui a maior fun\u00e7\u00e3o entre aquelas que existem na Igreja&#8230; n\u00e3o \u00e9 improv\u00e1vel a opini\u00e3o segundo a qual, a miss\u00e3o de Jos\u00e9 \u00e9 ainda mais perfeita, enquanto esta \u00e9 de ordem superior&#8230; Existem fun\u00e7\u00f5es ou minist\u00e9rios que s\u00e3o certamente pr\u00f3prios da gra\u00e7a santificante, e neste plano considero os ap\u00f3stolos superiores\u00a0em dignidade&#8230; Por\u00e9m, existem tamb\u00e9m minist\u00e9rios que est\u00e3o ligados \u00e0 ordem hipost\u00e1tica, os quais s\u00e3o por si mesmos mais perfeitos&#8230; justamente neste sentido, na minha opini\u00e3o, est\u00e1 o minist\u00e9rio de S\u00e3o Jos\u00e9, mesmo que esteja no \u00faltimo degrau&#8230;\u201d<\/em>\u00a0(Mist\u00e9rios de la vida de Cristo, vol\u00a0 I pg 271)<em>.\u00a0<\/em>Desta mesma opini\u00e3o \u00e9 S\u00e3o Jos\u00e9 Marello, fundador da Congrega\u00e7\u00e3o dos Oblatos de S\u00e3o Jos\u00e9, o qual afirma que\u00a0 \u201c<em>Se, \u00e0 semelhan\u00e7a do grande Patriarca S\u00e3o Jos\u00e9, algu\u00e9m tivesse que servir Jesus nos trabalhos modestos e inferiores aos de S\u00e3o Pedro, pensaria que o humilde\u00a0 Guarda de Jesus esta mais alto no c\u00e9u que o grande ap\u00f3stolo\u201d.\u00a0<\/em>O pr\u00f3prio Jo\u00e3o Paulo II afirmou que em confronto aos ap\u00f3stolos e a Jo\u00e3o Batista, que Jos\u00e9 \u00e9 um personagem singular e \u00fanico, porque confrontando com estes os supera \u00a0num grau muito not\u00e1vel.<\/p>\n<p style=\"text-align: justify;\">Ainda ao afirmar a dignidade de Jos\u00e9 n\u00e3o podemos esquecer que ele \u00e9 o esposo de Maria, e que com ela teve um relacionamento profundo, e justamente porque Maria devia ter ao seu lado um esposo digno, Deus o elevou \u00e0 altura da sua dignidade, tamb\u00e9m se ela, por ser a M\u00e3e de Deus \u00e9 superior em grandeza e dignidade a qualquer outra pessoa.<\/p>\n<p style=\"text-align: justify;\">Portanto, Jos\u00e9 ao servir Jesus, serviu tamb\u00e9m a obra da reden\u00e7\u00e3o. Na verdade o Verbo de Deus ao assumir um corpo quis precisar da colabora\u00e7\u00e3o de Maria para encarnar no seu seio virginal, assim tamb\u00e9m quis precisar de Jos\u00e9, pelo per\u00edodo de alguns anos, para ajud\u00e1-lo nas suas necessidades materiais e morais como homem. Nesta tarefa Jos\u00e9 empenhou-se com todo o seu ser e a sua liberdade, oferecendo-se a Deus com a humilde obla\u00e7\u00e3o da sua vida.<\/p>\n<p style=\"text-align: justify;\">Devido \u00e0 dignidade e grandeza da sua miss\u00e3o conferida por Deus, n\u00e3o resta d\u00favida que a sua santidade \u00e9 menor somente em rela\u00e7\u00e3o a Maria. Ele identificou a sua vontade humana com a vontade divina de Deus e viveu uma uni\u00e3o profunda com Ele na comunh\u00e3o com Jesus.<\/p>\n<p style=\"text-align: justify;\">A santidade expressa-se tamb\u00e9m no amor a Deus, e neste sentido Jos\u00e9 amou Jesus como ningu\u00e9m no mundo com exce\u00e7\u00e3o de Maria. Ele amou Deus na pessoa de Jesus como ao seu pr\u00f3prio filho e assim atingiu o m\u00e1ximo amor depois do amor materno de Maria. Devemos lembrar-nos que o evangelho define Jos\u00e9 como homem justo, o que significa que foi um homem que cumpriu de modo perfeito a vontade de Deus. Foi em raz\u00e3o desta justi\u00e7a que Abra\u00e3o, Isac, Jac\u00f3, Mois\u00e9s, os profetas foram grandes santos, e que portanto tiveram uma grande dignidade porque participaram da hist\u00f3ria da salva\u00e7\u00e3o como colaboradores de Deus. Por isso podemos concluir que tamb\u00e9m Jos\u00e9 com a sua participa\u00e7\u00e3o na hist\u00f3ria da salva\u00e7\u00e3o de uma maneira especial, como pai de Jesus, e pela conviv\u00eancia com ele, \u00e9 o mais santo de todos os outros personagens do Antigo Testamento.<\/p>\n<p style=\"text-align: justify;\">\u00c9 preciso considerar que a f\u00e9 \u00e9 um elemento fundamental para a santidade, a qual sup\u00f5e submiss\u00e3o absoluta \u00e0 Palavra de Deus. Assim foi Abr\u00e3o que acreditou nas palavras de Jav\u00e9 para sair de seu pa\u00eds e ir para uma terra desconhecida (Gn 12,1-3). Ele acreditou em Jav\u00e9 quando lhe foi dito que embora fosse velho e sua mulher fosse est\u00e9ril, ele seria o pai de uma multid\u00e3o (Gn 15,5). Acreditou igualmente quando lhe foi pedido para sacrificar o seu \u00fanico filho, por isso S\u00e3o Paulo diz: \u201d<em>Acreditou contra toda esperan\u00e7a\u201d (Rm 4,18).<\/em>Tamb\u00e9m a Jos\u00e9 foi pedido para ser pai de um filho que nasceria de uma virgem e ele acreditou, embora n\u00e3o pudesse comprovar com certeza a concep\u00e7\u00e3o virginal da sua esposa.<\/p>\n<p style=\"text-align: justify;\">Da mesma forma a esperan\u00e7a, uma virtude que consiste em colocar-se nas m\u00e3os de Deus. Jos\u00e9 exercitou-a quando se deparou com as dificuldades da emin\u00eancia da sua esposa dar \u00e0 luz em Bel\u00e9m sem um lugar apropriado; quando teve que partir fugindo para o Egito, ou quando o menino Jesus permaneceu no Templo sem que ele e sua m\u00e3e o soubessem, e limitaram-se a procur\u00e1-lo pacientemente.<\/p>\n<p style=\"text-align: justify;\">Enfim, foram muitas as ocasi\u00f5es fortes\u00a0em que Jos\u00e9\u00a0manifestou e vivenciou a santidade, pois al\u00e9m do exerc\u00edcio destas tr\u00eas virtudes teologais, ele viveu tamb\u00e9m com intensidade as virtudes morais, tais como a prud\u00eancia\u00a0 no exerc\u00edcio do seu minist\u00e9rio, seja no guardar para si o mist\u00e9rio da encarna\u00e7\u00e3o, onde Jesus fora concebido virginalmente, seja diante dos pastores, de Isabel, de Zacarias, do velho Sime\u00e3o, dos Magos, todos os que proclamavam a presen\u00e7a do Messias na terra. A verdade \u00e9 que tanto Jos\u00e9 como Maria se maravilhavam do que diziam sobre Jesus (Lc 2,19.33.51). Ainda sempre com discri\u00e7\u00e3o e prud\u00eancia se comportar\u00e1 quando fugiram para o Egito e depois de l\u00e1 voltaram para Nazar\u00e9.<\/p>\n<p style=\"text-align: justify;\">\n<p style=\"text-align: justify; padding-left: 120px;\">Ora\u00e7\u00e3o<\/p>\n<p style=\"text-align: justify; padding-left: 120px;\">\n<p style=\"text-align: justify; padding-left: 120px;\">Meu glorioso S\u00e3o Jos\u00e9,<\/p>\n<p style=\"text-align: justify; padding-left: 120px;\">Como teu filho, venho pedir-te<\/p>\n<p style=\"text-align: justify; padding-left: 120px;\">Que me ajudes a compreender o caminho da santidade.<\/p>\n<p style=\"text-align: justify; padding-left: 120px;\">Intercede por mim junto de Jesus<\/p>\n<p style=\"text-align: justify; padding-left: 120px;\">Para que eu alcance a gra\u00e7a da convers\u00e3o<\/p>\n<p style=\"text-align: justify; padding-left: 120px;\">E experimente a salva\u00e7\u00e3o.<\/p>\n<p style=\"text-align: justify; padding-left: 120px;\">Que eu seja capaz de escutar os apelos de Deus<\/p>\n<p style=\"text-align: justify; padding-left: 120px;\">E testemunhar a bondade e a miseric\u00f3rdia do Senhor,<\/p>\n<p style=\"text-align: justify; padding-left: 120px;\">Para que o seu Reino seja uma realidade entre n\u00f3s.<\/p>\n<p style=\"text-align: justify; padding-left: 120px;\">Amen.<\/p>\n<hr \/>\n<h6 style=\"padding-left: 120px; text-align: right;\">Imagem: <em>A morte\u00a0de S\u00e3o Jos\u00e9<\/em> representada num\u00a0vitral\u00a0inferior na\u00a0Igreja de Santo Austrem\u00f3nio de Clermont\u00a0em\u00a0Issoire<\/h6>\n","protected":false},"excerpt":{"rendered":"<p>Orat\u00f3rio Peregrino Um<\/p>\n","protected":false},"author":1,"featured_media":11763,"comment_status":"closed","ping_status":"closed","sticky":false,"template":"","format":"standard","meta":{"footnotes":""},"categories":[152],"tags":[],"class_list":["post-11762","post","type-post","status-publish","format-standard","has-post-thumbnail","hentry","category-oratorio-peregrino"],"_links":{"self":[{"href":"https:\/\/diocese-aveiro.pt\/cultura\/wp-json\/wp\/v2\/posts\/11762","targetHints":{"allow":["GET"]}}],"collection":[{"href":"https:\/\/diocese-aveiro.pt\/cultura\/wp-json\/wp\/v2\/posts"}],"about":[{"href":"https:\/\/diocese-aveiro.pt\/cultura\/wp-json\/wp\/v2\/types\/post"}],"author":[{"embeddable":true,"href":"https:\/\/diocese-aveiro.pt\/cultura\/wp-json\/wp\/v2\/users\/1"}],"replies":[{"embeddable":true,"href":"https:\/\/diocese-aveiro.pt\/cultura\/wp-json\/wp\/v2\/comments?post=11762"}],"version-history":[{"count":2,"href":"https:\/\/diocese-aveiro.pt\/cultura\/wp-json\/wp\/v2\/posts\/11762\/revisions"}],"predecessor-version":[{"id":11765,"href":"https:\/\/diocese-aveiro.pt\/cultura\/wp-json\/wp\/v2\/posts\/11762\/revisions\/11765"}],"wp:featuredmedia":[{"embeddable":true,"href":"https:\/\/diocese-aveiro.pt\/cultura\/wp-json\/wp\/v2\/media\/11763"}],"wp:attachment":[{"href":"https:\/\/diocese-aveiro.pt\/cultura\/wp-json\/wp\/v2\/media?parent=11762"}],"wp:term":[{"taxonomy":"category","embeddable":true,"href":"https:\/\/diocese-aveiro.pt\/cultura\/wp-json\/wp\/v2\/categories?post=11762"},{"taxonomy":"post_tag","embeddable":true,"href":"https:\/\/diocese-aveiro.pt\/cultura\/wp-json\/wp\/v2\/tags?post=11762"}],"curies":[{"name":"wp","href":"https:\/\/api.w.org\/{rel}","templated":true}]}}