{"id":11657,"date":"2021-04-30T07:00:23","date_gmt":"2021-04-30T06:00:23","guid":{"rendered":"http:\/\/diocese-aveiro.pt\/cultura\/?p=11657"},"modified":"2021-02-10T15:22:06","modified_gmt":"2021-02-10T15:22:06","slug":"mitos-mesopotamicos-varios-acoes-e-facanhas-do-deus-ninurta","status":"publish","type":"post","link":"https:\/\/diocese-aveiro.pt\/cultura\/mitos-mesopotamicos-varios-acoes-e-facanhas-do-deus-ninurta\/","title":{"rendered":"Mitos Mesopot\u00e2micos V\u00e1rios | A\u00e7\u00f5es e fa\u00e7anhas do deus Ninurta"},"content":{"rendered":"<p style=\"text-align: right;\">MITOS MESOPOT\u00c2MICOS V\u00c1RIOS<\/p>\n<p style=\"text-align: center;\">Investiga\u00e7\u00e3o e tradu\u00e7\u00e3o:<strong> Pe. Doutor J\u00falio Franclim do Couto e Pacheco<\/strong><\/p>\n<p>Leia, aqui, as <a href=\"https:\/\/pt.calameo.com\/read\/005505615f19ec21c5f71\" target=\"_blank\" rel=\"noopener\">A\u00e7\u00f5es e fa\u00e7anhas do deus Ninurta<\/a><\/p>\n<hr \/>\n<p style=\"text-align: center;\">Os combates contra drag\u00f5es abundam na mitologia grega. Ambos os ramos<br \/>\npoder\u00e3o ter uma raiz sum\u00e9ria. Uma segunda vers\u00e3o sum\u00e9ria sobre a morte do<br \/>\ndrag\u00e3o existe no poema A\u00e7\u00f5es e Fa\u00e7anhas do deus Ninurta. Ninurta \u00e9 o deus do<br \/>\nvento sul. O \u00abmau da fita\u00bb aqui n\u00e3o \u00e9 Kur mas sim Asag, um dem\u00f3nio da doen\u00e7a,<br \/>\nque mora por\u00e9m em Kur. Vencido Asag, nova calamidade: as \u00e1guas primordiais do<br \/>\nKur irrompem \u00e0 superf\u00edcie e travam a \u00e1gua doce. Ninurta empilha pedras, constr\u00f3i<br \/>\ndiques, para proteger a Sum\u00e9ria das \u00abpoderosas \u00e1guas\u00bb do Tigre. <a href=\"https:\/\/pt.calameo.com\/read\/005505615f19ec21c5f71\" target=\"_blank\" rel=\"noopener\">(Continua)<\/a><\/p>\n<hr \/>\n<h6 style=\"text-align: right;\"><a href=\"https:\/\/pt.wikipedia.org\/wiki\/Ninurta\" target=\"_blank\" rel=\"noopener\">Imagem:<\/a> Relevo de pedra ass\u00edrio no templo de Ninurta em\u00a0Cal\u00fa, mostrando Ninurta perseguindo o dem\u00f3nio Anzu<\/h6>\n","protected":false},"excerpt":{"rendered":"<p>MITOS MESOPOT\u00c2MICOS V\u00c1RIOS<\/p>\n","protected":false},"author":1,"featured_media":11658,"comment_status":"closed","ping_status":"closed","sticky":false,"template":"","format":"standard","meta":{"footnotes":""},"categories":[167,54],"tags":[],"class_list":["post-11657","post","type-post","status-publish","format-standard","has-post-thumbnail","hentry","category-mitos-mesopotamicos-varios","category-pe-julio-franclim-do-couto-e-pacheco"],"_links":{"self":[{"href":"https:\/\/diocese-aveiro.pt\/cultura\/wp-json\/wp\/v2\/posts\/11657","targetHints":{"allow":["GET"]}}],"collection":[{"href":"https:\/\/diocese-aveiro.pt\/cultura\/wp-json\/wp\/v2\/posts"}],"about":[{"href":"https:\/\/diocese-aveiro.pt\/cultura\/wp-json\/wp\/v2\/types\/post"}],"author":[{"embeddable":true,"href":"https:\/\/diocese-aveiro.pt\/cultura\/wp-json\/wp\/v2\/users\/1"}],"replies":[{"embeddable":true,"href":"https:\/\/diocese-aveiro.pt\/cultura\/wp-json\/wp\/v2\/comments?post=11657"}],"version-history":[{"count":2,"href":"https:\/\/diocese-aveiro.pt\/cultura\/wp-json\/wp\/v2\/posts\/11657\/revisions"}],"predecessor-version":[{"id":11663,"href":"https:\/\/diocese-aveiro.pt\/cultura\/wp-json\/wp\/v2\/posts\/11657\/revisions\/11663"}],"wp:featuredmedia":[{"embeddable":true,"href":"https:\/\/diocese-aveiro.pt\/cultura\/wp-json\/wp\/v2\/media\/11658"}],"wp:attachment":[{"href":"https:\/\/diocese-aveiro.pt\/cultura\/wp-json\/wp\/v2\/media?parent=11657"}],"wp:term":[{"taxonomy":"category","embeddable":true,"href":"https:\/\/diocese-aveiro.pt\/cultura\/wp-json\/wp\/v2\/categories?post=11657"},{"taxonomy":"post_tag","embeddable":true,"href":"https:\/\/diocese-aveiro.pt\/cultura\/wp-json\/wp\/v2\/tags?post=11657"}],"curies":[{"name":"wp","href":"https:\/\/api.w.org\/{rel}","templated":true}]}}