{"id":11408,"date":"2021-01-10T07:00:04","date_gmt":"2021-01-10T07:00:04","guid":{"rendered":"http:\/\/diocese-aveiro.pt\/cultura\/?p=11408"},"modified":"2021-01-10T12:32:11","modified_gmt":"2021-01-10T12:32:11","slug":"aniversario-p-e-francisco-jose-rodrigues-de-melo","status":"publish","type":"post","link":"https:\/\/diocese-aveiro.pt\/cultura\/aniversario-p-e-francisco-jose-rodrigues-de-melo\/","title":{"rendered":"Anivers\u00e1rio | P.e Francisco Jos\u00e9 Rodrigues de Melo"},"content":{"rendered":"<p style=\"text-align: justify;\">O P.e Francisco Jos\u00e9 Rodrigues de Melo, nascido a 3 de maio de 1968 em Louren\u00e7o Marques [Mo\u00e7ambique], foi ordenado presb\u00edtero a 10 de janeiro de 1993 por D. Ant\u00f3nio Baltasar Marcelino na S\u00e9 de Aveiro.<\/p>\n<p style=\"text-align: justify;\">Iniciou o seu m\u00fanus pastoral na par\u00f3quia de S\u00e3o Salvador de \u00cdlhavo e, de momento, est\u00e1 em miss\u00e3o na Par\u00f3quia de N. S. da Concei\u00e7\u00e3o, no Pr\u00edncipe [S. Tom\u00e9 e Pr\u00edncipe].<\/p>\n<div id=\"attachment_20160\" class=\"wp-caption aligncenter\"><img loading=\"lazy\" decoding=\"async\" class=\" wp-image-20160\" src=\"http:\/\/www.diocese-aveiro.pt\/v2\/wp-content\/uploads\/2021\/01\/1993.01.18-878x1024.jpg\" sizes=\"auto, (max-width: 600px) 100vw, 600px\" srcset=\"http:\/\/www.diocese-aveiro.pt\/v2\/wp-content\/uploads\/2021\/01\/1993.01.18-878x1024.jpg 878w, http:\/\/www.diocese-aveiro.pt\/v2\/wp-content\/uploads\/2021\/01\/1993.01.18-257x300.jpg 257w, http:\/\/www.diocese-aveiro.pt\/v2\/wp-content\/uploads\/2021\/01\/1993.01.18-768x896.jpg 768w, http:\/\/www.diocese-aveiro.pt\/v2\/wp-content\/uploads\/2021\/01\/1993.01.18-127x148.jpg 127w, http:\/\/www.diocese-aveiro.pt\/v2\/wp-content\/uploads\/2021\/01\/1993.01.18-27x31.jpg 27w, http:\/\/www.diocese-aveiro.pt\/v2\/wp-content\/uploads\/2021\/01\/1993.01.18-33x38.jpg 33w, http:\/\/www.diocese-aveiro.pt\/v2\/wp-content\/uploads\/2021\/01\/1993.01.18-184x215.jpg 184w\" alt=\"\" width=\"600\" height=\"700\" \/><\/p>\n<p class=\"wp-caption-text\">Seman\u00e1rio Diocesano \u201cCorreio do Vouga, edi\u00e7\u00e3o de 8 de janeiro de 1993<\/p>\n<\/div>\n<div id=\"attachment_20159\" class=\"wp-caption aligncenter\"><img loading=\"lazy\" decoding=\"async\" class=\" wp-image-20159\" src=\"http:\/\/www.diocese-aveiro.pt\/v2\/wp-content\/uploads\/2021\/01\/1993.01.16-1024x604.jpg\" sizes=\"auto, (max-width: 600px) 100vw, 600px\" srcset=\"http:\/\/www.diocese-aveiro.pt\/v2\/wp-content\/uploads\/2021\/01\/1993.01.16-1024x604.jpg 1024w, http:\/\/www.diocese-aveiro.pt\/v2\/wp-content\/uploads\/2021\/01\/1993.01.16-300x177.jpg 300w, http:\/\/www.diocese-aveiro.pt\/v2\/wp-content\/uploads\/2021\/01\/1993.01.16-768x453.jpg 768w, http:\/\/www.diocese-aveiro.pt\/v2\/wp-content\/uploads\/2021\/01\/1993.01.16-148x87.jpg 148w, http:\/\/www.diocese-aveiro.pt\/v2\/wp-content\/uploads\/2021\/01\/1993.01.16-31x18.jpg 31w, http:\/\/www.diocese-aveiro.pt\/v2\/wp-content\/uploads\/2021\/01\/1993.01.16-38x22.jpg 38w, http:\/\/www.diocese-aveiro.pt\/v2\/wp-content\/uploads\/2021\/01\/1993.01.16-365x215.jpg 365w\" alt=\"\" width=\"600\" height=\"354\" \/><\/p>\n<p class=\"wp-caption-text\">Seman\u00e1rio Diocesano \u201cCorreio do Vouga, edi\u00e7\u00e3o de 16 de janeiro de 1993<\/p>\n<\/div>\n<hr \/>\n<p>&nbsp;<\/p>\n","protected":false},"excerpt":{"rendered":"<p>O P.e Francisco<\/p>\n","protected":false},"author":1,"featured_media":11409,"comment_status":"closed","ping_status":"closed","sticky":false,"template":"","format":"standard","meta":{"footnotes":""},"categories":[156],"tags":[],"class_list":["post-11408","post","type-post","status-publish","format-standard","has-post-thumbnail","hentry","category-efemerides"],"_links":{"self":[{"href":"https:\/\/diocese-aveiro.pt\/cultura\/wp-json\/wp\/v2\/posts\/11408","targetHints":{"allow":["GET"]}}],"collection":[{"href":"https:\/\/diocese-aveiro.pt\/cultura\/wp-json\/wp\/v2\/posts"}],"about":[{"href":"https:\/\/diocese-aveiro.pt\/cultura\/wp-json\/wp\/v2\/types\/post"}],"author":[{"embeddable":true,"href":"https:\/\/diocese-aveiro.pt\/cultura\/wp-json\/wp\/v2\/users\/1"}],"replies":[{"embeddable":true,"href":"https:\/\/diocese-aveiro.pt\/cultura\/wp-json\/wp\/v2\/comments?post=11408"}],"version-history":[{"count":1,"href":"https:\/\/diocese-aveiro.pt\/cultura\/wp-json\/wp\/v2\/posts\/11408\/revisions"}],"predecessor-version":[{"id":11410,"href":"https:\/\/diocese-aveiro.pt\/cultura\/wp-json\/wp\/v2\/posts\/11408\/revisions\/11410"}],"wp:featuredmedia":[{"embeddable":true,"href":"https:\/\/diocese-aveiro.pt\/cultura\/wp-json\/wp\/v2\/media\/11409"}],"wp:attachment":[{"href":"https:\/\/diocese-aveiro.pt\/cultura\/wp-json\/wp\/v2\/media?parent=11408"}],"wp:term":[{"taxonomy":"category","embeddable":true,"href":"https:\/\/diocese-aveiro.pt\/cultura\/wp-json\/wp\/v2\/categories?post=11408"},{"taxonomy":"post_tag","embeddable":true,"href":"https:\/\/diocese-aveiro.pt\/cultura\/wp-json\/wp\/v2\/tags?post=11408"}],"curies":[{"name":"wp","href":"https:\/\/api.w.org\/{rel}","templated":true}]}}