{"id":11052,"date":"2020-12-08T07:00:16","date_gmt":"2020-12-08T07:00:16","guid":{"rendered":"http:\/\/diocese-aveiro.pt\/cultura\/?p=11052"},"modified":"2020-12-07T21:09:23","modified_gmt":"2020-12-07T21:09:23","slug":"aniversario-p-e-manuel-dinis-marques-tavares","status":"publish","type":"post","link":"https:\/\/diocese-aveiro.pt\/cultura\/aniversario-p-e-manuel-dinis-marques-tavares\/","title":{"rendered":"Anivers\u00e1rio | P.e Manuel Dinis Marques Tavares"},"content":{"rendered":"<p style=\"text-align: justify;\">O P.e Manuel Dinis Marques Tavares, nascido a 13 de mar\u00e7o de 1971 na freguesia da Ribeira de Fr\u00e1guas, frequentou os semin\u00e1rios de Nossa Senhora da Apresenta\u00e7\u00e3o de Calvao, Santa Joana Princesa de Aveiro, e da Sagrada Fam\u00edlia em Coimbra.<\/p>\n<p style=\"text-align: justify;\">Ordenado presb\u00edtero a 8 de dezembro de 1977 na S\u00e9 de Aveiro, por D. Ant\u00f3nio Baltasar Marcelino, iniciou o seu m\u00fanus pastoral como p\u00e1roco \u201cin solidum\u201d das freguesias da Moita, Vila Nova de Monsarros, Aguim e Avel\u00e3s de Cima.<br \/>\nDesde 2007, \u00e9 p\u00e1roco de Albergaria-a-Velha.<\/p>\n<div id=\"attachment_20034\" class=\"wp-caption aligncenter\"><a href=\"http:\/\/www.diocese-aveiro.pt\/v2\/wp-content\/uploads\/2020\/12\/1997.12.08-_capa.jpg\"><img loading=\"lazy\" decoding=\"async\" class=\" wp-image-20034\" src=\"http:\/\/www.diocese-aveiro.pt\/v2\/wp-content\/uploads\/2020\/12\/1997.12.08-_capa-1024x532.jpg\" sizes=\"auto, (max-width: 645px) 100vw, 645px\" srcset=\"http:\/\/www.diocese-aveiro.pt\/v2\/wp-content\/uploads\/2020\/12\/1997.12.08-_capa-1024x532.jpg 1024w, http:\/\/www.diocese-aveiro.pt\/v2\/wp-content\/uploads\/2020\/12\/1997.12.08-_capa-300x156.jpg 300w, http:\/\/www.diocese-aveiro.pt\/v2\/wp-content\/uploads\/2020\/12\/1997.12.08-_capa-768x399.jpg 768w, http:\/\/www.diocese-aveiro.pt\/v2\/wp-content\/uploads\/2020\/12\/1997.12.08-_capa-148x77.jpg 148w, http:\/\/www.diocese-aveiro.pt\/v2\/wp-content\/uploads\/2020\/12\/1997.12.08-_capa-31x16.jpg 31w, http:\/\/www.diocese-aveiro.pt\/v2\/wp-content\/uploads\/2020\/12\/1997.12.08-_capa-38x20.jpg 38w, http:\/\/www.diocese-aveiro.pt\/v2\/wp-content\/uploads\/2020\/12\/1997.12.08-_capa-414x215.jpg 414w\" alt=\"\" width=\"645\" height=\"335\" \/><\/a><\/p>\n<p class=\"wp-caption-text\">Edi\u00e7\u00e3o do seman\u00e1rio Correio do Vouga, de 8 de dezembro de1997 _capa<\/p>\n<\/div>\n<div id=\"attachment_20033\" class=\"wp-caption aligncenter\"><a href=\"http:\/\/www.diocese-aveiro.pt\/v2\/wp-content\/uploads\/2020\/12\/1997.12.10-_capa.jpg\"><img loading=\"lazy\" decoding=\"async\" class=\" wp-image-20033\" src=\"http:\/\/www.diocese-aveiro.pt\/v2\/wp-content\/uploads\/2020\/12\/1997.12.10-_capa-1019x1024.jpg\" sizes=\"auto, (max-width: 649px) 100vw, 649px\" srcset=\"http:\/\/www.diocese-aveiro.pt\/v2\/wp-content\/uploads\/2020\/12\/1997.12.10-_capa-1019x1024.jpg 1019w, http:\/\/www.diocese-aveiro.pt\/v2\/wp-content\/uploads\/2020\/12\/1997.12.10-_capa-150x150.jpg 150w, http:\/\/www.diocese-aveiro.pt\/v2\/wp-content\/uploads\/2020\/12\/1997.12.10-_capa-300x300.jpg 300w, http:\/\/www.diocese-aveiro.pt\/v2\/wp-content\/uploads\/2020\/12\/1997.12.10-_capa-768x772.jpg 768w, http:\/\/www.diocese-aveiro.pt\/v2\/wp-content\/uploads\/2020\/12\/1997.12.10-_capa-148x148.jpg 148w, http:\/\/www.diocese-aveiro.pt\/v2\/wp-content\/uploads\/2020\/12\/1997.12.10-_capa-31x31.jpg 31w, http:\/\/www.diocese-aveiro.pt\/v2\/wp-content\/uploads\/2020\/12\/1997.12.10-_capa-38x38.jpg 38w, http:\/\/www.diocese-aveiro.pt\/v2\/wp-content\/uploads\/2020\/12\/1997.12.10-_capa-214x215.jpg 214w\" alt=\"\" width=\"649\" height=\"652\" \/><\/a><\/p>\n<p class=\"wp-caption-text\">Edi\u00e7\u00e3o do seman\u00e1rio Correio do Vouga, de 10 de dezembro de1997 _capa<\/p>\n<\/div>\n<div id=\"attachment_20032\" class=\"wp-caption aligncenter\"><a href=\"http:\/\/www.diocese-aveiro.pt\/v2\/wp-content\/uploads\/2020\/12\/1997.12.10-_pag07.jpg\"><img loading=\"lazy\" decoding=\"async\" class=\" wp-image-20032\" src=\"http:\/\/www.diocese-aveiro.pt\/v2\/wp-content\/uploads\/2020\/12\/1997.12.10-_pag07-624x1024.jpg\" sizes=\"auto, (max-width: 618px) 100vw, 618px\" srcset=\"http:\/\/www.diocese-aveiro.pt\/v2\/wp-content\/uploads\/2020\/12\/1997.12.10-_pag07-624x1024.jpg 624w, http:\/\/www.diocese-aveiro.pt\/v2\/wp-content\/uploads\/2020\/12\/1997.12.10-_pag07-183x300.jpg 183w, http:\/\/www.diocese-aveiro.pt\/v2\/wp-content\/uploads\/2020\/12\/1997.12.10-_pag07-768x1260.jpg 768w, http:\/\/www.diocese-aveiro.pt\/v2\/wp-content\/uploads\/2020\/12\/1997.12.10-_pag07-90x148.jpg 90w, http:\/\/www.diocese-aveiro.pt\/v2\/wp-content\/uploads\/2020\/12\/1997.12.10-_pag07-19x31.jpg 19w, http:\/\/www.diocese-aveiro.pt\/v2\/wp-content\/uploads\/2020\/12\/1997.12.10-_pag07-23x38.jpg 23w, http:\/\/www.diocese-aveiro.pt\/v2\/wp-content\/uploads\/2020\/12\/1997.12.10-_pag07-131x215.jpg 131w\" alt=\"\" width=\"618\" height=\"1014\" \/><\/a><\/p>\n<p class=\"wp-caption-text\">Edi\u00e7\u00e3o do seman\u00e1rio Correio do Vouga, de 10 de dezembro de1997 _pag07<\/p>\n<\/div>\n<hr \/>\n<p>&nbsp;<\/p>\n","protected":false},"excerpt":{"rendered":"<p>O P.e Manuel<\/p>\n","protected":false},"author":1,"featured_media":11053,"comment_status":"closed","ping_status":"closed","sticky":false,"template":"","format":"standard","meta":{"footnotes":""},"categories":[156],"tags":[],"class_list":["post-11052","post","type-post","status-publish","format-standard","has-post-thumbnail","hentry","category-efemerides"],"_links":{"self":[{"href":"https:\/\/diocese-aveiro.pt\/cultura\/wp-json\/wp\/v2\/posts\/11052","targetHints":{"allow":["GET"]}}],"collection":[{"href":"https:\/\/diocese-aveiro.pt\/cultura\/wp-json\/wp\/v2\/posts"}],"about":[{"href":"https:\/\/diocese-aveiro.pt\/cultura\/wp-json\/wp\/v2\/types\/post"}],"author":[{"embeddable":true,"href":"https:\/\/diocese-aveiro.pt\/cultura\/wp-json\/wp\/v2\/users\/1"}],"replies":[{"embeddable":true,"href":"https:\/\/diocese-aveiro.pt\/cultura\/wp-json\/wp\/v2\/comments?post=11052"}],"version-history":[{"count":1,"href":"https:\/\/diocese-aveiro.pt\/cultura\/wp-json\/wp\/v2\/posts\/11052\/revisions"}],"predecessor-version":[{"id":11054,"href":"https:\/\/diocese-aveiro.pt\/cultura\/wp-json\/wp\/v2\/posts\/11052\/revisions\/11054"}],"wp:featuredmedia":[{"embeddable":true,"href":"https:\/\/diocese-aveiro.pt\/cultura\/wp-json\/wp\/v2\/media\/11053"}],"wp:attachment":[{"href":"https:\/\/diocese-aveiro.pt\/cultura\/wp-json\/wp\/v2\/media?parent=11052"}],"wp:term":[{"taxonomy":"category","embeddable":true,"href":"https:\/\/diocese-aveiro.pt\/cultura\/wp-json\/wp\/v2\/categories?post=11052"},{"taxonomy":"post_tag","embeddable":true,"href":"https:\/\/diocese-aveiro.pt\/cultura\/wp-json\/wp\/v2\/tags?post=11052"}],"curies":[{"name":"wp","href":"https:\/\/api.w.org\/{rel}","templated":true}]}}