{"id":11049,"date":"2020-12-08T07:00:03","date_gmt":"2020-12-08T07:00:03","guid":{"rendered":"http:\/\/diocese-aveiro.pt\/cultura\/?p=11049"},"modified":"2020-12-07T21:08:08","modified_gmt":"2020-12-07T21:08:08","slug":"aniversario-p-e-alberto-nestor-camoes-rodrigues-sobral","status":"publish","type":"post","link":"https:\/\/diocese-aveiro.pt\/cultura\/aniversario-p-e-alberto-nestor-camoes-rodrigues-sobral\/","title":{"rendered":"Anivers\u00e1rio | P.e Alberto Nestor Cam\u00f5es Rodrigues Sobral"},"content":{"rendered":"<p>O P.e Alberto Nestor Cam\u00f5es Rodrigues Sobral, nascido a 27 de junho de 1948 na Branca, frequentou os semin\u00e1rios de Calv\u00e3o, Santa Joana e dos Olivais, em Lisboa. Estudou ainda no ISET, Sintra.<\/p>\n<p>Ordenado a 08 de dezembro de 1972 na Igreja Matriz da Branca por D. Manuel de Almeida Trindade iniciou o seu m\u00fanus pastoral como codjutor de \u00c1gueda.<br \/>\n\u00c9, desde 2009, Chanceler da C\u00faria Diocesana.<\/p>\n<p><a href=\"http:\/\/www.diocese-aveiro.pt\/v2\/wp-content\/uploads\/2020\/12\/1972.12.15-_pag07.jpg\"><img loading=\"lazy\" decoding=\"async\" class=\"size-large wp-image-20028 alignleft\" src=\"http:\/\/www.diocese-aveiro.pt\/v2\/wp-content\/uploads\/2020\/12\/1972.12.15-_pag07-861x1024.jpg\" sizes=\"auto, (max-width: 861px) 100vw, 861px\" srcset=\"http:\/\/www.diocese-aveiro.pt\/v2\/wp-content\/uploads\/2020\/12\/1972.12.15-_pag07-861x1024.jpg 861w, http:\/\/www.diocese-aveiro.pt\/v2\/wp-content\/uploads\/2020\/12\/1972.12.15-_pag07-252x300.jpg 252w, http:\/\/www.diocese-aveiro.pt\/v2\/wp-content\/uploads\/2020\/12\/1972.12.15-_pag07-768x913.jpg 768w, http:\/\/www.diocese-aveiro.pt\/v2\/wp-content\/uploads\/2020\/12\/1972.12.15-_pag07-124x148.jpg 124w, http:\/\/www.diocese-aveiro.pt\/v2\/wp-content\/uploads\/2020\/12\/1972.12.15-_pag07-26x31.jpg 26w, http:\/\/www.diocese-aveiro.pt\/v2\/wp-content\/uploads\/2020\/12\/1972.12.15-_pag07-32x38.jpg 32w, http:\/\/www.diocese-aveiro.pt\/v2\/wp-content\/uploads\/2020\/12\/1972.12.15-_pag07-181x215.jpg 181w\" alt=\"\" width=\"861\" height=\"1024\" \/><\/a><\/p>\n<hr \/>\n<p>&nbsp;<\/p>\n","protected":false},"excerpt":{"rendered":"<p>O P.e Alberto<\/p>\n","protected":false},"author":1,"featured_media":11050,"comment_status":"closed","ping_status":"closed","sticky":false,"template":"","format":"standard","meta":{"footnotes":""},"categories":[156],"tags":[],"class_list":["post-11049","post","type-post","status-publish","format-standard","has-post-thumbnail","hentry","category-efemerides"],"_links":{"self":[{"href":"https:\/\/diocese-aveiro.pt\/cultura\/wp-json\/wp\/v2\/posts\/11049","targetHints":{"allow":["GET"]}}],"collection":[{"href":"https:\/\/diocese-aveiro.pt\/cultura\/wp-json\/wp\/v2\/posts"}],"about":[{"href":"https:\/\/diocese-aveiro.pt\/cultura\/wp-json\/wp\/v2\/types\/post"}],"author":[{"embeddable":true,"href":"https:\/\/diocese-aveiro.pt\/cultura\/wp-json\/wp\/v2\/users\/1"}],"replies":[{"embeddable":true,"href":"https:\/\/diocese-aveiro.pt\/cultura\/wp-json\/wp\/v2\/comments?post=11049"}],"version-history":[{"count":1,"href":"https:\/\/diocese-aveiro.pt\/cultura\/wp-json\/wp\/v2\/posts\/11049\/revisions"}],"predecessor-version":[{"id":11051,"href":"https:\/\/diocese-aveiro.pt\/cultura\/wp-json\/wp\/v2\/posts\/11049\/revisions\/11051"}],"wp:featuredmedia":[{"embeddable":true,"href":"https:\/\/diocese-aveiro.pt\/cultura\/wp-json\/wp\/v2\/media\/11050"}],"wp:attachment":[{"href":"https:\/\/diocese-aveiro.pt\/cultura\/wp-json\/wp\/v2\/media?parent=11049"}],"wp:term":[{"taxonomy":"category","embeddable":true,"href":"https:\/\/diocese-aveiro.pt\/cultura\/wp-json\/wp\/v2\/categories?post=11049"},{"taxonomy":"post_tag","embeddable":true,"href":"https:\/\/diocese-aveiro.pt\/cultura\/wp-json\/wp\/v2\/tags?post=11049"}],"curies":[{"name":"wp","href":"https:\/\/api.w.org\/{rel}","templated":true}]}}