{"id":10992,"date":"2020-12-01T23:42:32","date_gmt":"2020-12-01T23:42:32","guid":{"rendered":"http:\/\/diocese-aveiro.pt\/cultura\/?p=10992"},"modified":"2020-12-03T10:45:24","modified_gmt":"2020-12-03T10:45:24","slug":"jose-carlos-seabra-pereira-na-morte-de-eduardo-lourenco","status":"publish","type":"post","link":"https:\/\/diocese-aveiro.pt\/cultura\/jose-carlos-seabra-pereira-na-morte-de-eduardo-lourenco\/","title":{"rendered":"Jos\u00e9 Carlos Seabra Pereira | Na morte de Eduardo Louren\u00e7o"},"content":{"rendered":"<div class=\"col-xs-12 col-sm-12 col-md-8 col-lg-8\">\n<h6 style=\"text-align: right;\">Texto e foto recolhidos do <a href=\"https:\/\/www.snpcultura.org\/na_morte_de_eduardo_lourenco.html\" target=\"_blank\" rel=\"noopener noreferrer\">SNPC<\/a><\/h6>\n<h3 style=\"text-align: center;\">Jos\u00e9 Carlos Seabra Pereira*<\/h3>\n<\/div>\n<div class=\"col-xs-12 col-sm-12 col-md-8 col-lg-8\">\n<p style=\"text-align: justify;\">\u00abH\u00e1 dias em que madrugamos e julgamos que vamos apanhar Deus. Em v\u00e3o: Deus levanta-se sempre mais cedo!&#8230;\u00bb, escreveu um dia Eduardo Louren\u00e7o, com aquele inconfund\u00edvel matiz de humor que por vezes punha nos mais fundos confrontos com a gravidade da vida. Hoje, bem cedo, partiu, p\u00f4s-se a caminho da reintegra\u00e7\u00e3o na plenitude ontol\u00f3gica, para ser acolhido anterianamente \u00abNa m\u00e3o de Deus, na Sua m\u00e3o direita\u00bb\u2026<\/p>\n<p style=\"text-align: justify;\">A\u00ed, no resplendor da Transcend\u00eancia eterna, a gra\u00e7a do resgate pacificar\u00e1 agora a radicalidade interrogativa do pensamento de Eduardo Louren\u00e7o e o seu confronto inquieto com o sentido do tr\u00e1gico, ponderado em autores que particularmente o atra\u00edram e vivido na perspetiva\u00e7\u00e3o do seu pr\u00f3prio destino.<\/p>\n<p style=\"text-align: justify;\">A\u00ed encontrar\u00e1 feliz desenlace o processo existencial e fenomenol\u00f3gico em que terrenamente se cumpriu Eduardo Louren\u00e7o, t\u00e3o tocado pelo abalo metaf\u00edsico do encontro com Kierkegaard e com F. Pessoa, em ordem \u00e0 edifica\u00e7\u00e3o de uma sabedoria tr\u00e1gica da vida \u2013 que ultimamente mais lhe pareceria concili\u00e1vel com a ades\u00e3o a Cristo, Mediador amoroso que podia ver, entre Gomes Leal e Ren\u00e9 Girard, como o grande Reparador.<\/p>\n<p style=\"text-align: justify;\">A\u00ed, junto ao Senhor do Tempo e da Vida, alcan\u00e7ar\u00e1 sentido \u00faltimo o fecundo labor cultural e c\u00edvico em que durante d\u00e9cadas Eduardo Louren\u00e7o ajudou \u00e0 constru\u00e7\u00e3o do Mundo atrav\u00e9s de um raro movimento entre aos mais amplos horizontes da filosofia da Hist\u00f3ria humana ou da renovadora mitografia do ser lus\u00edada e a aten\u00e7\u00e3o l\u00facida \u00e0 circunst\u00e2ncia nacional e internacional, o discurso compreensivo e cr\u00edtico sobre os problemas culturais e sociais emergentes no mundo contempor\u00e2neo, a palavra interventiva no contexto pol\u00edtico.<\/p>\n<p style=\"text-align: justify;\">A\u00ed, junto \u00e0 fonte da Beleza conhecer\u00e1 toda a harmonia todo o fulgor a po\u00e9tica da digress\u00e3o ensa\u00edstica e a alta qualidade liter\u00e1ria, algo wagneriana, da escrita de Eduardo Louren\u00e7o, tal como conhecer\u00e1 toda a harmonia o tom cativante do magist\u00e9rio oral em que irradiava a sua qualificada condi\u00e7\u00e3o de fil\u00f3sofo e a sua insuspensa questiona\u00e7\u00e3o dos acontecimentos coet\u00e2neos.<\/p>\n<p style=\"text-align: justify;\">A\u00ed, no seio divino da Verdade e do Bem, alcan\u00e7ar\u00e1 justa compensa\u00e7\u00e3o o denodo com que Eduardo Louren\u00e7o sempre se comprometeu com a \u00abobriga\u00e7\u00e3o de suportar a liberdade humana\u00bb em todos os dom\u00ednios e sempre sustentou, com desassombro e brilho, que a sua demanda de Conhecimento se queria coerente com o horizonte da \u00abviv\u00eancia mesma da Verdade\u00bb e que nela obedecia, \u00abpor temperamento e por forma\u00e7\u00e3o espiritual\u00bb, \u00e0 \u00ab\u00fanica motiva\u00e7\u00e3o radical\u00bb que \u00abfinalmente \u00e9 como decis\u00e3o de ordem \u201creligiosa&#8221; e mesmo &#8220;m\u00edstica&#8221; [&#8230;] que melhor se compreender\u00e1\u00bb (\u00abSegundo Pr\u00f3logo sobre o Esp\u00edrito de Heterodoxia\u00bb).<\/p>\n<p style=\"text-align: justify;\">Custa menos, assim, despedirmo-nos de Eduardo Louren\u00e7o, em nome do Secretariado Nacional da Pastoral da Cultura \u2013 que se orgulha de lhe haver atribu\u00eddo, ap\u00f3s voto un\u00e2nime do respetivo J\u00fari, o Pr\u00e9mio \u00c1rvore da Vida 2020. \u00c9-nos grato recordar, ali\u00e1s, a admira\u00e7\u00e3o com que Eduardo Louren\u00e7o ent\u00e3o evocou a figura do patrono desse Pr\u00e9mio, o em\u00e9rito Padre Manuel Antunes, e assinalou algumas afinidades de esp\u00edrito entre ambos.<\/p>\n<\/div>\n<p style=\"text-align: justify;\">\n<div class=\"col-xs-12 col-sm-12 col-md-8 col-lg-8\" style=\"text-align: right;\"><span class=\"autor\"><br \/>\n*Diretor do Secretariado Nacional da Pastoral da Cultura<br \/>\nImagem: Eduardo Louren\u00e7o | D.R.<br \/>\nPublicado em\u00a001.12.2020<\/span><\/div>\n","protected":false},"excerpt":{"rendered":"<p>Texto e foto<\/p>\n","protected":false},"author":1,"featured_media":10993,"comment_status":"closed","ping_status":"closed","sticky":false,"template":"","format":"standard","meta":{"footnotes":""},"categories":[156],"tags":[],"class_list":["post-10992","post","type-post","status-publish","format-standard","has-post-thumbnail","hentry","category-efemerides"],"_links":{"self":[{"href":"https:\/\/diocese-aveiro.pt\/cultura\/wp-json\/wp\/v2\/posts\/10992","targetHints":{"allow":["GET"]}}],"collection":[{"href":"https:\/\/diocese-aveiro.pt\/cultura\/wp-json\/wp\/v2\/posts"}],"about":[{"href":"https:\/\/diocese-aveiro.pt\/cultura\/wp-json\/wp\/v2\/types\/post"}],"author":[{"embeddable":true,"href":"https:\/\/diocese-aveiro.pt\/cultura\/wp-json\/wp\/v2\/users\/1"}],"replies":[{"embeddable":true,"href":"https:\/\/diocese-aveiro.pt\/cultura\/wp-json\/wp\/v2\/comments?post=10992"}],"version-history":[{"count":2,"href":"https:\/\/diocese-aveiro.pt\/cultura\/wp-json\/wp\/v2\/posts\/10992\/revisions"}],"predecessor-version":[{"id":10995,"href":"https:\/\/diocese-aveiro.pt\/cultura\/wp-json\/wp\/v2\/posts\/10992\/revisions\/10995"}],"wp:featuredmedia":[{"embeddable":true,"href":"https:\/\/diocese-aveiro.pt\/cultura\/wp-json\/wp\/v2\/media\/10993"}],"wp:attachment":[{"href":"https:\/\/diocese-aveiro.pt\/cultura\/wp-json\/wp\/v2\/media?parent=10992"}],"wp:term":[{"taxonomy":"category","embeddable":true,"href":"https:\/\/diocese-aveiro.pt\/cultura\/wp-json\/wp\/v2\/categories?post=10992"},{"taxonomy":"post_tag","embeddable":true,"href":"https:\/\/diocese-aveiro.pt\/cultura\/wp-json\/wp\/v2\/tags?post=10992"}],"curies":[{"name":"wp","href":"https:\/\/api.w.org\/{rel}","templated":true}]}}