{"id":10598,"date":"2020-10-15T06:44:30","date_gmt":"2020-10-15T05:44:30","guid":{"rendered":"http:\/\/diocese-aveiro.pt\/cultura\/?p=10598"},"modified":"2020-10-16T09:46:32","modified_gmt":"2020-10-16T08:46:32","slug":"acontece-costuro-e-reinvento-o-meu-futuro","status":"publish","type":"post","link":"https:\/\/diocese-aveiro.pt\/cultura\/acontece-costuro-e-reinvento-o-meu-futuro\/","title":{"rendered":"Acontece | Costuro, e reinvento o meu futuro!"},"content":{"rendered":"<p style=\"text-align: justify;\"><strong>Costuro, e reinvento o meu futuro!<br \/>\nApoio a mam\u00e3s mo\u00e7ambicanas atrav\u00e9s de um curso de costura<\/strong><\/p>\n<p style=\"text-align: justify;\">As not\u00edcias que nos chegam dos parceiros nos v\u00e1rios pa\u00edses onde a ORBIS tem os seus projetos s\u00e3o similares: a pobreza e a fome s\u00e3o uma realidade constante e que \u00e9 agravada pelas consequ\u00eancias e restri\u00e7\u00f5es impostas pela COVID-19.<\/p>\n<p style=\"text-align: justify;\">A Irm\u00e3 Elisabete, da Congrega\u00e7\u00e3o das Irm\u00e3s Palotinas e que est\u00e1 atualmente na miss\u00e3o de Marracuene, em Maputo, j\u00e1 acolheu, ao longo dos anos, v\u00e1rios volunt\u00e1rios mission\u00e1rios enviados pelo Servi\u00e7o Diocesano de Anima\u00e7\u00e3o Misson\u00e1ria de Aveiro e intervem em v\u00e1rios projetos da ORBIS. Juntamente com outras Irm\u00e3s, tem ajudado algumas fam\u00edlias extremamente carenciadas \u00a0com uma cesta b\u00e1sica de alimentos e alguma roupa.<\/p>\n<p style=\"text-align: justify;\">De forma a fazer uma diferen\u00e7a significativa na vida destas fam\u00edlias sinalizadas pelas Irm\u00e3s, decidimos financiar o curso de costura de algumas mam\u00e3s que, assim, t\u00eam no curso oportunidade de aprender uma nova atividade e na costura uma forma de trabalho e sustento. J\u00e1 envi\u00e1mos algum dinheiro para financiar os cursos de costura de algumas mam\u00e3s, assegurar a alimenta\u00e7\u00e3o b\u00e1sica e potenciar o in\u00edcio de alguns neg\u00f3cios destas fam\u00edlias. A Irm\u00e3 Elisabete fez-nos chegar a hist\u00f3ria e fotografias de algumas das fam\u00edlias que ajud\u00e1mos:<\/p>\n<p style=\"text-align: justify;\">A Dona Vit\u00f3ria e o marido, o Senhor Nosencio, t\u00eam cinco filhos. S\u00e3o uma fam\u00edlia muito carenciada e para a qual a alimenta\u00e7\u00e3o \u00e9 escassa. Decidimos financiar o curso de costura \u00e0 Dona Vit\u00f3ria e comprar alguns produtos para que a fam\u00edlia possa revender numa banca \u00e0 frente de casa.\u00a0 Ao marido, que ficou recentemente desempregado, ajud\u00e1mos no aluguer de uma banca no Mercado de Zimpeto e na compra de um fardo de roupa e cal\u00e7ado para vender. Tamb\u00e9m comparticipamos bens alimentares para a fam\u00edlia, assegurando que a m\u00e3e n\u00e3o ter\u00e1 mais de se lamentar de deitar as crian\u00e7as com fome.<\/p>\n<p style=\"text-align: justify;\"><img loading=\"lazy\" decoding=\"async\" class=\"alignleft wp-image-19781\" src=\"http:\/\/www.diocese-aveiro.pt\/v2\/wp-content\/uploads\/2020\/10\/WhatsApp-Image-2020-07-23-at-11.00.23-1024x768.jpeg\" sizes=\"auto, (max-width: 959px) 100vw, 959px\" srcset=\"http:\/\/www.diocese-aveiro.pt\/v2\/wp-content\/uploads\/2020\/10\/WhatsApp-Image-2020-07-23-at-11.00.23-1024x768.jpeg 1024w, http:\/\/www.diocese-aveiro.pt\/v2\/wp-content\/uploads\/2020\/10\/WhatsApp-Image-2020-07-23-at-11.00.23-300x225.jpeg 300w, http:\/\/www.diocese-aveiro.pt\/v2\/wp-content\/uploads\/2020\/10\/WhatsApp-Image-2020-07-23-at-11.00.23-768x576.jpeg 768w, http:\/\/www.diocese-aveiro.pt\/v2\/wp-content\/uploads\/2020\/10\/WhatsApp-Image-2020-07-23-at-11.00.23-148x111.jpeg 148w, http:\/\/www.diocese-aveiro.pt\/v2\/wp-content\/uploads\/2020\/10\/WhatsApp-Image-2020-07-23-at-11.00.23-31x23.jpeg 31w, http:\/\/www.diocese-aveiro.pt\/v2\/wp-content\/uploads\/2020\/10\/WhatsApp-Image-2020-07-23-at-11.00.23-38x29.jpeg 38w, http:\/\/www.diocese-aveiro.pt\/v2\/wp-content\/uploads\/2020\/10\/WhatsApp-Image-2020-07-23-at-11.00.23-287x215.jpeg 287w, http:\/\/www.diocese-aveiro.pt\/v2\/wp-content\/uploads\/2020\/10\/WhatsApp-Image-2020-07-23-at-11.00.23.jpeg 1032w\" alt=\"\" width=\"959\" height=\"719\" \/><\/p>\n<p style=\"text-align: justify;\">A Dona Elina tem tr\u00eas filhos e foi recentemente dispensada do trabalho. A fam\u00edlia passa fome e a prioridade foi ajudar com alimenta\u00e7\u00e3o. Para melhorar a situa\u00e7\u00e3o da fam\u00edlia, financi\u00e1mos o curso de costura \u00e0 Dona Elina, compr\u00e1mos um fardo de roupa e cal\u00e7ado para que possa vender e apoi\u00e1mos na compra de materiais para repara\u00e7\u00e3o da cobertura da casa.<\/p>\n<p style=\"text-align: justify;\"><img loading=\"lazy\" decoding=\"async\" class=\"alignleft size-large wp-image-19783\" src=\"http:\/\/www.diocese-aveiro.pt\/v2\/wp-content\/uploads\/2020\/10\/WhatsApp-Image-2020-07-13-at-20.30.17-768x1024.jpeg\" sizes=\"auto, (max-width: 768px) 100vw, 768px\" srcset=\"http:\/\/www.diocese-aveiro.pt\/v2\/wp-content\/uploads\/2020\/10\/WhatsApp-Image-2020-07-13-at-20.30.17-768x1024.jpeg 768w, http:\/\/www.diocese-aveiro.pt\/v2\/wp-content\/uploads\/2020\/10\/WhatsApp-Image-2020-07-13-at-20.30.17-225x300.jpeg 225w, http:\/\/www.diocese-aveiro.pt\/v2\/wp-content\/uploads\/2020\/10\/WhatsApp-Image-2020-07-13-at-20.30.17-111x148.jpeg 111w, http:\/\/www.diocese-aveiro.pt\/v2\/wp-content\/uploads\/2020\/10\/WhatsApp-Image-2020-07-13-at-20.30.17-23x31.jpeg 23w, http:\/\/www.diocese-aveiro.pt\/v2\/wp-content\/uploads\/2020\/10\/WhatsApp-Image-2020-07-13-at-20.30.17-29x38.jpeg 29w, http:\/\/www.diocese-aveiro.pt\/v2\/wp-content\/uploads\/2020\/10\/WhatsApp-Image-2020-07-13-at-20.30.17-161x215.jpeg 161w, http:\/\/www.diocese-aveiro.pt\/v2\/wp-content\/uploads\/2020\/10\/WhatsApp-Image-2020-07-13-at-20.30.17.jpeg 774w\" alt=\"\" width=\"768\" height=\"1024\" \/><\/p>\n<p style=\"text-align: justify;\">Estamos a angariar donativos para apoiar casos como estes que apresentamos e podermos potenciar o trabalho e apoio que \u00e9 feito\u00a0<em>in loco<\/em>\u00a0pelas Irm\u00e3s e alargar a ajudar a mais fam\u00edlias que se encontram em situa\u00e7\u00f5es de fome e desespero. Os donativos podem ser efectuados para a conta da ORBIS, com o\u00a0<strong>IBAN PT50 0033 0000 45394224319 05<\/strong>. Para refer\u00eancia, o curso de costura, os materiais necess\u00e1rios e a desloca\u00e7\u00e3o das mam\u00e3s s\u00e3o cerca de 8500 meticais (99\u20ac); um fardo de roupa e cal\u00e7ado para vender custa 3500 meticais (40\u20ac); um cabaz de produtos alimentares essenciais custa 1000 meticais (11\u20ac).<\/p>\n<p style=\"text-align: justify;\">Qualquer esclarecimento, informa\u00e7\u00e3o ou recibo podem ser solicitados atrav\u00e9s das redes sociais da organiza\u00e7\u00e3o ou para o email\u00a0<a href=\"mailto:info@orbis.org.pt\">info@orbis.org.pt<\/a>.<\/p>\n<p style=\"text-align: justify;\">Apelamos \u00e0 solidariedade de todos. O pouco que podemos partilhar faz uma grande diferen\u00e7a na sobreviv\u00eancia e esperan\u00e7a destas fam\u00edlias. Todos juntos,\u00a0 conseguimos mudar a vida destas mam\u00e3s e o futuro dos seus pequenitos.<\/p>\n<p style=\"text-align: justify;\"><img loading=\"lazy\" decoding=\"async\" class=\"alignleft size-large wp-image-19782\" src=\"http:\/\/www.diocese-aveiro.pt\/v2\/wp-content\/uploads\/2020\/10\/ORBIS_cartaz_costureirasMZ-725x1024.jpg\" sizes=\"auto, (max-width: 725px) 100vw, 725px\" srcset=\"http:\/\/www.diocese-aveiro.pt\/v2\/wp-content\/uploads\/2020\/10\/ORBIS_cartaz_costureirasMZ-725x1024.jpg 725w, http:\/\/www.diocese-aveiro.pt\/v2\/wp-content\/uploads\/2020\/10\/ORBIS_cartaz_costureirasMZ-212x300.jpg 212w, http:\/\/www.diocese-aveiro.pt\/v2\/wp-content\/uploads\/2020\/10\/ORBIS_cartaz_costureirasMZ-768x1085.jpg 768w, http:\/\/www.diocese-aveiro.pt\/v2\/wp-content\/uploads\/2020\/10\/ORBIS_cartaz_costureirasMZ-105x148.jpg 105w, http:\/\/www.diocese-aveiro.pt\/v2\/wp-content\/uploads\/2020\/10\/ORBIS_cartaz_costureirasMZ-22x31.jpg 22w, http:\/\/www.diocese-aveiro.pt\/v2\/wp-content\/uploads\/2020\/10\/ORBIS_cartaz_costureirasMZ-27x38.jpg 27w, http:\/\/www.diocese-aveiro.pt\/v2\/wp-content\/uploads\/2020\/10\/ORBIS_cartaz_costureirasMZ-152x215.jpg 152w, http:\/\/www.diocese-aveiro.pt\/v2\/wp-content\/uploads\/2020\/10\/ORBIS_cartaz_costureirasMZ.jpg 1241w\" alt=\"\" width=\"725\" height=\"1024\" \/><\/p>\n<hr \/>\n<p style=\"text-align: justify;\">\n","protected":false},"excerpt":{"rendered":"<p>Costuro, e reinvento<\/p>\n","protected":false},"author":1,"featured_media":10599,"comment_status":"closed","ping_status":"closed","sticky":false,"template":"","format":"standard","meta":{"footnotes":""},"categories":[11,8],"tags":[],"class_list":["post-10598","post","type-post","status-publish","format-standard","has-post-thumbnail","hentry","category-acontece","category-em-cartaz"],"_links":{"self":[{"href":"https:\/\/diocese-aveiro.pt\/cultura\/wp-json\/wp\/v2\/posts\/10598","targetHints":{"allow":["GET"]}}],"collection":[{"href":"https:\/\/diocese-aveiro.pt\/cultura\/wp-json\/wp\/v2\/posts"}],"about":[{"href":"https:\/\/diocese-aveiro.pt\/cultura\/wp-json\/wp\/v2\/types\/post"}],"author":[{"embeddable":true,"href":"https:\/\/diocese-aveiro.pt\/cultura\/wp-json\/wp\/v2\/users\/1"}],"replies":[{"embeddable":true,"href":"https:\/\/diocese-aveiro.pt\/cultura\/wp-json\/wp\/v2\/comments?post=10598"}],"version-history":[{"count":1,"href":"https:\/\/diocese-aveiro.pt\/cultura\/wp-json\/wp\/v2\/posts\/10598\/revisions"}],"predecessor-version":[{"id":10600,"href":"https:\/\/diocese-aveiro.pt\/cultura\/wp-json\/wp\/v2\/posts\/10598\/revisions\/10600"}],"wp:featuredmedia":[{"embeddable":true,"href":"https:\/\/diocese-aveiro.pt\/cultura\/wp-json\/wp\/v2\/media\/10599"}],"wp:attachment":[{"href":"https:\/\/diocese-aveiro.pt\/cultura\/wp-json\/wp\/v2\/media?parent=10598"}],"wp:term":[{"taxonomy":"category","embeddable":true,"href":"https:\/\/diocese-aveiro.pt\/cultura\/wp-json\/wp\/v2\/categories?post=10598"},{"taxonomy":"post_tag","embeddable":true,"href":"https:\/\/diocese-aveiro.pt\/cultura\/wp-json\/wp\/v2\/tags?post=10598"}],"curies":[{"name":"wp","href":"https:\/\/api.w.org\/{rel}","templated":true}]}}