{"id":10594,"date":"2020-10-14T11:48:14","date_gmt":"2020-10-14T10:48:14","guid":{"rendered":"http:\/\/diocese-aveiro.pt\/cultura\/?p=10594"},"modified":"2020-10-15T11:49:12","modified_gmt":"2020-10-15T10:49:12","slug":"acontece-jesus-chamou-os-que-queria-e-foram-ter-com-ele-semana-de-oracao-pelos-seminarios","status":"publish","type":"post","link":"https:\/\/diocese-aveiro.pt\/cultura\/acontece-jesus-chamou-os-que-queria-e-foram-ter-com-ele-semana-de-oracao-pelos-seminarios\/","title":{"rendered":"Acontece | &#8220;JESUS CHAMOU OS QUE QUERIA E FORAM TER COM ELE&#8221; &#8211; SEMANA DE ORA\u00c7\u00c3O PELOS SEMIN\u00c1RIOS"},"content":{"rendered":"<p style=\"font-weight: 400; text-align: center;\">01 A 08 NOVEMBRO<\/p>\n<p style=\"font-weight: 400; text-align: center;\"><strong>&#8220;JESUS CHAMOU OS QUE QUERIA E FORAM TER COM ELE&#8221; &#8211; SEMANA DE ORA\u00c7\u00c3O PELOS SEMIN\u00c1RIOS<\/strong><\/p>\n<p style=\"font-weight: 400; text-align: center;\">materiais de divulga\u00e7\u00e3o:\u00a0&#8211;\u00a0<a href=\"http:\/\/ecclesia.pt\/cevm\/\">link<\/a><\/p>\n<p style=\"font-weight: 400; text-align: center;\">\n<p style=\"font-weight: 400; text-align: center;\">06 NOVEMBRO | 21H00<\/p>\n<p style=\"font-weight: 400; text-align: center;\"><strong>VIG\u00cdLIA DE ORA\u00c7\u00c3O<\/strong><\/p>\n<p style=\"font-weight: 400; text-align: center;\">onde:\u00a0\u00a0\u00a0\u00a0Igreja Matriz de Santiago de Bedu\u00eddo, Estarreja<\/p>\n<p style=\"font-weight: 400; text-align: center;\">\n<p style=\"font-weight: 400; text-align: center;\">\n<p style=\"font-weight: 400; text-align: center;\">08 NOVEMBRO | 16H00<\/p>\n<p style=\"font-weight: 400; text-align: center;\"><strong>EUCARISTIA<\/strong><\/p>\n<p style=\"font-weight: 400; text-align: center;\">onde:\u00a0\u00a0\u00a0\u00a0Igreja do Semin\u00e1rio<\/p>\n<p style=\"font-weight: 400; text-align: center;\">\n","protected":false},"excerpt":{"rendered":"<p>01 A 08<\/p>\n","protected":false},"author":1,"featured_media":10595,"comment_status":"closed","ping_status":"closed","sticky":false,"template":"","format":"standard","meta":{"footnotes":""},"categories":[11,8],"tags":[],"class_list":["post-10594","post","type-post","status-publish","format-standard","has-post-thumbnail","hentry","category-acontece","category-em-cartaz"],"_links":{"self":[{"href":"https:\/\/diocese-aveiro.pt\/cultura\/wp-json\/wp\/v2\/posts\/10594","targetHints":{"allow":["GET"]}}],"collection":[{"href":"https:\/\/diocese-aveiro.pt\/cultura\/wp-json\/wp\/v2\/posts"}],"about":[{"href":"https:\/\/diocese-aveiro.pt\/cultura\/wp-json\/wp\/v2\/types\/post"}],"author":[{"embeddable":true,"href":"https:\/\/diocese-aveiro.pt\/cultura\/wp-json\/wp\/v2\/users\/1"}],"replies":[{"embeddable":true,"href":"https:\/\/diocese-aveiro.pt\/cultura\/wp-json\/wp\/v2\/comments?post=10594"}],"version-history":[{"count":1,"href":"https:\/\/diocese-aveiro.pt\/cultura\/wp-json\/wp\/v2\/posts\/10594\/revisions"}],"predecessor-version":[{"id":10596,"href":"https:\/\/diocese-aveiro.pt\/cultura\/wp-json\/wp\/v2\/posts\/10594\/revisions\/10596"}],"wp:featuredmedia":[{"embeddable":true,"href":"https:\/\/diocese-aveiro.pt\/cultura\/wp-json\/wp\/v2\/media\/10595"}],"wp:attachment":[{"href":"https:\/\/diocese-aveiro.pt\/cultura\/wp-json\/wp\/v2\/media?parent=10594"}],"wp:term":[{"taxonomy":"category","embeddable":true,"href":"https:\/\/diocese-aveiro.pt\/cultura\/wp-json\/wp\/v2\/categories?post=10594"},{"taxonomy":"post_tag","embeddable":true,"href":"https:\/\/diocese-aveiro.pt\/cultura\/wp-json\/wp\/v2\/tags?post=10594"}],"curies":[{"name":"wp","href":"https:\/\/api.w.org\/{rel}","templated":true}]}}