{"id":10590,"date":"2020-10-14T11:47:25","date_gmt":"2020-10-14T10:47:25","guid":{"rendered":"http:\/\/diocese-aveiro.pt\/cultura\/?p=10590"},"modified":"2020-10-15T11:48:10","modified_gmt":"2020-10-15T10:48:10","slug":"acontece-catequese-e-familia-jornadas-nacionais-de-catequistas","status":"publish","type":"post","link":"https:\/\/diocese-aveiro.pt\/cultura\/acontece-catequese-e-familia-jornadas-nacionais-de-catequistas\/","title":{"rendered":"Acontece | \u201cCATEQUESE E FAM\u00cdLIA\u201d &#8211; JORNADAS NACIONAIS DE CATEQUISTAS"},"content":{"rendered":"<p style=\"font-weight: 400; text-align: center;\">23 a 25 OUTUBRO<\/p>\n<p style=\"font-weight: 400; text-align: center;\"><strong>\u201cCATEQUESE E FAM\u00cdLIA\u201d &#8211; JORNADAS NACIONAIS DE CATEQUISTAS<\/strong><\/p>\n<p style=\"font-weight: 400; text-align: center;\">onde:\u00a0\u00a0\u00a0\u00a0Videoconfer\u00eancias on-line<\/p>\n<p style=\"font-weight: 400; text-align: center;\">org:\u00a0\u00a0\u00a0\u00a0\u00a0\u00a0\u00a0\u00a0Secretariado Nacional de Educa\u00e7\u00e3o Crist\u00e3<\/p>\n<p style=\"font-weight: 400; text-align: center;\">+ info:\u00a0\u00a0\u00a0Cartaz e programa em anexo<\/p>\n<p style=\"font-weight: 400; text-align: center;\">\u00a0\u00a0\u00a0\u00a0\u00a0\u00a0\u00a0\u00a0\u00a0\u00a0\u00a0\u00a0\u00a0\u00a0\u00a0 Inscri\u00e7\u00f5es &#8211;\u00a0<a href=\"https:\/\/forms.gle\/ySr1nSkymDijpovZ8\">link<\/a><\/p>\n","protected":false},"excerpt":{"rendered":"<p>23 a 25<\/p>\n","protected":false},"author":1,"featured_media":10591,"comment_status":"closed","ping_status":"closed","sticky":false,"template":"","format":"standard","meta":{"footnotes":""},"categories":[11,8],"tags":[],"class_list":["post-10590","post","type-post","status-publish","format-standard","has-post-thumbnail","hentry","category-acontece","category-em-cartaz"],"_links":{"self":[{"href":"https:\/\/diocese-aveiro.pt\/cultura\/wp-json\/wp\/v2\/posts\/10590","targetHints":{"allow":["GET"]}}],"collection":[{"href":"https:\/\/diocese-aveiro.pt\/cultura\/wp-json\/wp\/v2\/posts"}],"about":[{"href":"https:\/\/diocese-aveiro.pt\/cultura\/wp-json\/wp\/v2\/types\/post"}],"author":[{"embeddable":true,"href":"https:\/\/diocese-aveiro.pt\/cultura\/wp-json\/wp\/v2\/users\/1"}],"replies":[{"embeddable":true,"href":"https:\/\/diocese-aveiro.pt\/cultura\/wp-json\/wp\/v2\/comments?post=10590"}],"version-history":[{"count":2,"href":"https:\/\/diocese-aveiro.pt\/cultura\/wp-json\/wp\/v2\/posts\/10590\/revisions"}],"predecessor-version":[{"id":10593,"href":"https:\/\/diocese-aveiro.pt\/cultura\/wp-json\/wp\/v2\/posts\/10590\/revisions\/10593"}],"wp:featuredmedia":[{"embeddable":true,"href":"https:\/\/diocese-aveiro.pt\/cultura\/wp-json\/wp\/v2\/media\/10591"}],"wp:attachment":[{"href":"https:\/\/diocese-aveiro.pt\/cultura\/wp-json\/wp\/v2\/media?parent=10590"}],"wp:term":[{"taxonomy":"category","embeddable":true,"href":"https:\/\/diocese-aveiro.pt\/cultura\/wp-json\/wp\/v2\/categories?post=10590"},{"taxonomy":"post_tag","embeddable":true,"href":"https:\/\/diocese-aveiro.pt\/cultura\/wp-json\/wp\/v2\/tags?post=10590"}],"curies":[{"name":"wp","href":"https:\/\/api.w.org\/{rel}","templated":true}]}}