{"id":10578,"date":"2020-10-13T12:14:28","date_gmt":"2020-10-13T11:14:28","guid":{"rendered":"http:\/\/diocese-aveiro.pt\/cultura\/?p=10578"},"modified":"2020-10-13T12:16:33","modified_gmt":"2020-10-13T11:16:33","slug":"documentos-nota-do-conselho-permanente-da-cep-avivar-a-chama-da-esperanca","status":"publish","type":"post","link":"https:\/\/diocese-aveiro.pt\/cultura\/documentos-nota-do-conselho-permanente-da-cep-avivar-a-chama-da-esperanca\/","title":{"rendered":"Documentos | Nota do Conselho Permanente da CEP: \u00abAvivar a chama da Esperan\u00e7a\u00bb"},"content":{"rendered":"<p style=\"text-align: justify;\"><em>Nota do Conselho Permanente da Confer\u00eancia Episcopal Portuguesa<\/em><\/p>\n<p style=\"text-align: justify;\">1. Aproxima-se a data da solenidade de Todos os Santos (1 de novembro) e da Comemora\u00e7\u00e3o de Todos os Fi\u00e9is Defuntos (2 de novembro). S\u00e3o dias intensamente sentidos pela piedade dos fi\u00e9is cat\u00f3licos do nosso pa\u00eds, que neles fazem uma romagem de f\u00e9 e esperan\u00e7a aos cemit\u00e9rios onde repousam os restos mortais dos seus entes queridos, que consumaram o seu batismo participando at\u00e9 ao fim no mist\u00e9rio pascal, morrendo com Cristo para com Cristo ressuscitarem.<\/p>\n<p style=\"text-align: justify;\">2. Porque o dia de Fi\u00e9is Defuntos \u00e9 laboral, o nosso povo costuma aproveitar os dias anteriores, nomeadamente a solenidade de Todos os Santos \u2013 feriado nacional \u2013 para fazer mem\u00f3ria dos que nos precederam, marcados com o sinal da f\u00e9, ornando os cemit\u00e9rios com flores e acendendo luzes expressivas dos seus sufr\u00e1gios e preces.<\/p>\n<p style=\"text-align: justify;\">3. \u00c9 certo que n\u00e3o depende da Igreja a gest\u00e3o da grande maioria dos cemit\u00e9rios nacionais. Confiamos, por\u00e9m, que as autarquias e entidades que os tutelam saber\u00e3o interpretar as exig\u00eancias do bem comum encontrando um justo, mas dif\u00edcil equil\u00edbrio entre os imperativos de proteger a sa\u00fade p\u00fablica e o respeito pelos direitos dos cidad\u00e3os. Porque n\u00e3o se adoece apenas de COVID-19. A impossibilidade de exprimir de forma sens\u00edvel e concreta saudades e afetos tamb\u00e9m \u00e9 causa de sofrimento e de doen\u00e7a, por vezes grave e at\u00e9 mortal.<\/p>\n<p style=\"text-align: justify;\">4.\u00a0Dado o estado atual da pandemia, \u00e9 sensato que se imponham medidas suplementares de prote\u00e7\u00e3o, como a obrigatoriedade do uso de m\u00e1scaras e o controlo do n\u00famero de visitantes, em simult\u00e2neo, estabelecendo um limite m\u00e1ximo, conforme a dimens\u00e3o dos espa\u00e7os. Mas n\u00e3o seria apropriado o encerramento completo dos cemit\u00e9rios. Tenha-se em conta que a emerg\u00eancia sanit\u00e1ria j\u00e1 dura desde mar\u00e7o e que muitas fam\u00edlias enlutadas neste per\u00edodo nem sequer puderam acompanhar adequadamente os seus entes queridos em ex\u00e9quias muitas vezes celebradas, como diz o Papa Francisco, de um modo que fere a alma.<\/p>\n<p style=\"text-align: justify;\">5.\u00a0As celebra\u00e7\u00f5es ter\u00e3o lugar nas igrejas e noutros espa\u00e7os utilizados para o efeito nestes tempos de emerg\u00eancia, cumprindo as regras j\u00e1 estabelecidas. Porventura, poder\u00e1 aumentar-se a sua oferta, sobretudo no dia 2 de novembro, em hor\u00e1rios que sejam mais convenientes \u00e0 comunidade. Para diminuir ocasi\u00f5es de maior aglomera\u00e7\u00e3o de pessoas, recomendamos aos p\u00e1rocos que considerem nestes dias, em coordena\u00e7\u00e3o com as autoridades locais, a possibilidade de celebrar a Eucaristia nos cemit\u00e9rios. Quanto \u00e0s romagens que \u00e9 costume realizar nos cemit\u00e9rios em sufr\u00e1gio dos Fi\u00e9is Defuntos, sugerimos que se fa\u00e7am com acompanhamento m\u00ednimo, respeitando sempre as normas de seguran\u00e7a e de sa\u00fade.<\/p>\n<p style=\"text-align: justify;\">6.\u00a0Exortamos os fi\u00e9is das nossas comunidades, unidos aos seus pastores, para que transfigurem a saudade e o luto pr\u00f3prio destes dias com a luz pascal que Jesus Cristo Ressuscitado acendeu para sempre em nossos cora\u00e7\u00f5es.<\/p>\n<p style=\"text-align: justify;\">7.\u00a0No dia 14 de novembro, \u00e0s 11 horas na Bas\u00edlica da Sant\u00edssima Trindade do Santu\u00e1rio de F\u00e1tima, a Confer\u00eancia Episcopal celebrar\u00e1 uma Eucaristia de sufr\u00e1gio pelas v\u00edtimas da pandemia em Portugal.<\/p>\n<p style=\"text-align: justify;\">F\u00e1tima, 12 de outubro de 2020<\/p>\n","protected":false},"excerpt":{"rendered":"<p>Nota do Conselho<\/p>\n","protected":false},"author":1,"featured_media":10579,"comment_status":"closed","ping_status":"closed","sticky":false,"template":"","format":"standard","meta":{"footnotes":""},"categories":[12],"tags":[],"class_list":["post-10578","post","type-post","status-publish","format-standard","has-post-thumbnail","hentry","category-documentos"],"_links":{"self":[{"href":"https:\/\/diocese-aveiro.pt\/cultura\/wp-json\/wp\/v2\/posts\/10578","targetHints":{"allow":["GET"]}}],"collection":[{"href":"https:\/\/diocese-aveiro.pt\/cultura\/wp-json\/wp\/v2\/posts"}],"about":[{"href":"https:\/\/diocese-aveiro.pt\/cultura\/wp-json\/wp\/v2\/types\/post"}],"author":[{"embeddable":true,"href":"https:\/\/diocese-aveiro.pt\/cultura\/wp-json\/wp\/v2\/users\/1"}],"replies":[{"embeddable":true,"href":"https:\/\/diocese-aveiro.pt\/cultura\/wp-json\/wp\/v2\/comments?post=10578"}],"version-history":[{"count":1,"href":"https:\/\/diocese-aveiro.pt\/cultura\/wp-json\/wp\/v2\/posts\/10578\/revisions"}],"predecessor-version":[{"id":10580,"href":"https:\/\/diocese-aveiro.pt\/cultura\/wp-json\/wp\/v2\/posts\/10578\/revisions\/10580"}],"wp:featuredmedia":[{"embeddable":true,"href":"https:\/\/diocese-aveiro.pt\/cultura\/wp-json\/wp\/v2\/media\/10579"}],"wp:attachment":[{"href":"https:\/\/diocese-aveiro.pt\/cultura\/wp-json\/wp\/v2\/media?parent=10578"}],"wp:term":[{"taxonomy":"category","embeddable":true,"href":"https:\/\/diocese-aveiro.pt\/cultura\/wp-json\/wp\/v2\/categories?post=10578"},{"taxonomy":"post_tag","embeddable":true,"href":"https:\/\/diocese-aveiro.pt\/cultura\/wp-json\/wp\/v2\/tags?post=10578"}],"curies":[{"name":"wp","href":"https:\/\/api.w.org\/{rel}","templated":true}]}}