{"id":10559,"date":"2020-10-08T10:03:06","date_gmt":"2020-10-08T09:03:06","guid":{"rendered":"http:\/\/diocese-aveiro.pt\/cultura\/?p=10559"},"modified":"2020-10-08T10:03:34","modified_gmt":"2020-10-08T09:03:34","slug":"aniversario-padre-licinio-manuel-figueiredo-cardoso","status":"publish","type":"post","link":"https:\/\/diocese-aveiro.pt\/cultura\/aniversario-padre-licinio-manuel-figueiredo-cardoso\/","title":{"rendered":"Anivers\u00e1rio | Padre Lic\u00ednio Manuel Figueiredo Cardoso"},"content":{"rendered":"<p style=\"text-align: justify;\">Nascido a 15 de novembro de 1963, na freguesia da Gafanha da Encarna\u00e7\u00e3o, foi ordenado por D. Ant\u00f3nio Baltasar Marcelino, a 08 de outubro de 1989, na S\u00e9 de Aveiro.<\/p>\n<p style=\"text-align: justify;\">Fez est\u00e1gio pastoral, enquanto di\u00e1cono, na par\u00f3quia de S. Salvador de \u00cdlhavo e iniciou o seu m\u00fanus pastoral como vig\u00e1rio paroquial de Santo Andr\u00e9 de Esgueira.<\/p>\n<div id=\"attachment_19762\" class=\"wp-caption alignnone\" style=\"text-align: justify;\">\n<p><a href=\"http:\/\/www.diocese-aveiro.pt\/v2\/wp-content\/uploads\/2020\/10\/1989.10.13-_a.jpg\"><img loading=\"lazy\" decoding=\"async\" class=\" wp-image-19762\" src=\"http:\/\/www.diocese-aveiro.pt\/v2\/wp-content\/uploads\/2020\/10\/1989.10.13-_a-606x1024.jpg\" sizes=\"auto, (max-width: 763px) 100vw, 763px\" srcset=\"http:\/\/www.diocese-aveiro.pt\/v2\/wp-content\/uploads\/2020\/10\/1989.10.13-_a-606x1024.jpg 606w, http:\/\/www.diocese-aveiro.pt\/v2\/wp-content\/uploads\/2020\/10\/1989.10.13-_a-178x300.jpg 178w, http:\/\/www.diocese-aveiro.pt\/v2\/wp-content\/uploads\/2020\/10\/1989.10.13-_a-768x1297.jpg 768w, http:\/\/www.diocese-aveiro.pt\/v2\/wp-content\/uploads\/2020\/10\/1989.10.13-_a-88x148.jpg 88w, http:\/\/www.diocese-aveiro.pt\/v2\/wp-content\/uploads\/2020\/10\/1989.10.13-_a-18x31.jpg 18w, http:\/\/www.diocese-aveiro.pt\/v2\/wp-content\/uploads\/2020\/10\/1989.10.13-_a-23x38.jpg 23w, http:\/\/www.diocese-aveiro.pt\/v2\/wp-content\/uploads\/2020\/10\/1989.10.13-_a-127x215.jpg 127w\" alt=\"\" width=\"763\" height=\"1289\" \/><\/a><\/p>\n<p class=\"wp-caption-text\">Edi\u00e7\u00e3o do seman\u00e1rio diocesano Correio do Vouga de 13 de outubro de 1989.<\/p>\n<\/div>\n<hr \/>\n<p style=\"text-align: justify;\">\n","protected":false},"excerpt":{"rendered":"<p>Nascido a 15<\/p>\n","protected":false},"author":1,"featured_media":10560,"comment_status":"closed","ping_status":"closed","sticky":false,"template":"","format":"standard","meta":{"footnotes":""},"categories":[11,156],"tags":[],"class_list":["post-10559","post","type-post","status-publish","format-standard","has-post-thumbnail","hentry","category-acontece","category-efemerides"],"_links":{"self":[{"href":"https:\/\/diocese-aveiro.pt\/cultura\/wp-json\/wp\/v2\/posts\/10559","targetHints":{"allow":["GET"]}}],"collection":[{"href":"https:\/\/diocese-aveiro.pt\/cultura\/wp-json\/wp\/v2\/posts"}],"about":[{"href":"https:\/\/diocese-aveiro.pt\/cultura\/wp-json\/wp\/v2\/types\/post"}],"author":[{"embeddable":true,"href":"https:\/\/diocese-aveiro.pt\/cultura\/wp-json\/wp\/v2\/users\/1"}],"replies":[{"embeddable":true,"href":"https:\/\/diocese-aveiro.pt\/cultura\/wp-json\/wp\/v2\/comments?post=10559"}],"version-history":[{"count":2,"href":"https:\/\/diocese-aveiro.pt\/cultura\/wp-json\/wp\/v2\/posts\/10559\/revisions"}],"predecessor-version":[{"id":10562,"href":"https:\/\/diocese-aveiro.pt\/cultura\/wp-json\/wp\/v2\/posts\/10559\/revisions\/10562"}],"wp:featuredmedia":[{"embeddable":true,"href":"https:\/\/diocese-aveiro.pt\/cultura\/wp-json\/wp\/v2\/media\/10560"}],"wp:attachment":[{"href":"https:\/\/diocese-aveiro.pt\/cultura\/wp-json\/wp\/v2\/media?parent=10559"}],"wp:term":[{"taxonomy":"category","embeddable":true,"href":"https:\/\/diocese-aveiro.pt\/cultura\/wp-json\/wp\/v2\/categories?post=10559"},{"taxonomy":"post_tag","embeddable":true,"href":"https:\/\/diocese-aveiro.pt\/cultura\/wp-json\/wp\/v2\/tags?post=10559"}],"curies":[{"name":"wp","href":"https:\/\/api.w.org\/{rel}","templated":true}]}}