{"id":10556,"date":"2020-10-08T10:01:57","date_gmt":"2020-10-08T09:01:57","guid":{"rendered":"http:\/\/diocese-aveiro.pt\/cultura\/?p=10556"},"modified":"2020-10-08T10:01:57","modified_gmt":"2020-10-08T09:01:57","slug":"acontece-ordenacoes-presbiterais-a-8-de-dezembro","status":"publish","type":"post","link":"https:\/\/diocese-aveiro.pt\/cultura\/acontece-ordenacoes-presbiterais-a-8-de-dezembro\/","title":{"rendered":"Acontece | Ordena\u00e7\u00f5es presbiterais a 8 de dezembro"},"content":{"rendered":"<p style=\"text-align: justify;\">Os di\u00e1conos F\u00e1bio Freches e Nuno Gon\u00e7alves v\u00e3o ser ordenados presb\u00edteros no pr\u00f3ximo dia 8 de dezembro, Solenidade da Imaculada Concei\u00e7\u00e3o da Virgem Santa Maria,<br \/>\nna S\u00e9 de Aveiro.<\/p>\n<p style=\"text-align: justify;\">Uma celebra\u00e7\u00e3o em tempo de conting\u00eancia que limita o acesso presencial \u00e0 celebra\u00e7\u00e3o, a S\u00e9 tem 200 lugares. O Gabinete de comunica\u00e7\u00e3o garante, como tem sido h\u00e1bito, a transmiss\u00e3o em direto da celebra\u00e7\u00e3o no canal youtube da Diocese de Aveiro.<\/p>\n<hr \/>\n<p style=\"text-align: justify;\"><strong>F\u00c1BIO FRECHES<\/strong><br \/>\nNasceu a 12 de janeiro de 1987, na Covilh\u00e3.<br \/>\nInstitu\u00eddo leitor no dia 29 de abril de 2018 em \u00edlhavo e ac\u00f3lito a 6 de janeiro de 2019 em Aradas, foi ordenado di\u00e1cono a 26 de janeiro deste ano na igreja paroquial de Paradela do Vouga, colabora na Unidade Pastoral de \u00c1gueda.<\/p>\n<p style=\"text-align: justify;\"><strong>NUNO GON\u00c7ALVES<\/strong><br \/>\nNasceu a 1 de novembro de 1991, na freguesia das Talhadas.<br \/>\nRecebeu o leitorado no dia 4 de abril de 2016 em Albergaria-a-Velha e o acolitado a 29 de abril de 2018 em \u00cdlhavo.<br \/>\nOrdenado di\u00e1cono a 26 de janeiro de 2020 na igreja paroquial de Paradela do Vouga, colabora na par\u00f3quia de S\u00e3o Tiago de Bedu\u00eddo [Estarreja].<\/p>\n<hr \/>\n<p style=\"text-align: justify;\"><a href=\"https:\/\/photos.google.com\/u\/3\/share\/AF1QipONeu329Um0hNrW9ZKdjDlpFvXJY3KddOmrbLGkky_WCsHR8JEjiDCEredBaCoBDw?key=am9oWlAzdDgzSjJaZEwxOGcyM21YQnRSeHF0WDl3\" target=\"_blank\" rel=\"noopener noreferrer\">Registos da Ordena\u00e7\u00e3o diaconal do F\u00e1bio e do Nuno<\/a>, a 26 de janeiro deste ano em Paradela do Vouga<\/p>\n","protected":false},"excerpt":{"rendered":"<p>Os di\u00e1conos F\u00e1bio<\/p>\n","protected":false},"author":1,"featured_media":10557,"comment_status":"closed","ping_status":"closed","sticky":false,"template":"","format":"standard","meta":{"footnotes":""},"categories":[11,8],"tags":[],"class_list":["post-10556","post","type-post","status-publish","format-standard","has-post-thumbnail","hentry","category-acontece","category-em-cartaz"],"_links":{"self":[{"href":"https:\/\/diocese-aveiro.pt\/cultura\/wp-json\/wp\/v2\/posts\/10556","targetHints":{"allow":["GET"]}}],"collection":[{"href":"https:\/\/diocese-aveiro.pt\/cultura\/wp-json\/wp\/v2\/posts"}],"about":[{"href":"https:\/\/diocese-aveiro.pt\/cultura\/wp-json\/wp\/v2\/types\/post"}],"author":[{"embeddable":true,"href":"https:\/\/diocese-aveiro.pt\/cultura\/wp-json\/wp\/v2\/users\/1"}],"replies":[{"embeddable":true,"href":"https:\/\/diocese-aveiro.pt\/cultura\/wp-json\/wp\/v2\/comments?post=10556"}],"version-history":[{"count":1,"href":"https:\/\/diocese-aveiro.pt\/cultura\/wp-json\/wp\/v2\/posts\/10556\/revisions"}],"predecessor-version":[{"id":10558,"href":"https:\/\/diocese-aveiro.pt\/cultura\/wp-json\/wp\/v2\/posts\/10556\/revisions\/10558"}],"wp:featuredmedia":[{"embeddable":true,"href":"https:\/\/diocese-aveiro.pt\/cultura\/wp-json\/wp\/v2\/media\/10557"}],"wp:attachment":[{"href":"https:\/\/diocese-aveiro.pt\/cultura\/wp-json\/wp\/v2\/media?parent=10556"}],"wp:term":[{"taxonomy":"category","embeddable":true,"href":"https:\/\/diocese-aveiro.pt\/cultura\/wp-json\/wp\/v2\/categories?post=10556"},{"taxonomy":"post_tag","embeddable":true,"href":"https:\/\/diocese-aveiro.pt\/cultura\/wp-json\/wp\/v2\/tags?post=10556"}],"curies":[{"name":"wp","href":"https:\/\/api.w.org\/{rel}","templated":true}]}}