{"id":10516,"date":"2020-10-07T08:00:18","date_gmt":"2020-10-07T07:00:18","guid":{"rendered":"http:\/\/diocese-aveiro.pt\/cultura\/?p=10516"},"modified":"2020-10-03T20:30:30","modified_gmt":"2020-10-03T19:30:30","slug":"modos-de-interaccao-entre-ciencia-e-religiao-perspectivas-segunda-perspectiva-a-visao-da-parte","status":"publish","type":"post","link":"https:\/\/diocese-aveiro.pt\/cultura\/modos-de-interaccao-entre-ciencia-e-religiao-perspectivas-segunda-perspectiva-a-visao-da-parte\/","title":{"rendered":"Modos de interac\u00e7\u00e3o entre ci\u00eancia e religi\u00e3o | PERSPECTIVAS | Segunda Perspectiva: a vis\u00e3o da parte"},"content":{"rendered":"<h5 style=\"text-align: right;\"><strong><em>Modos de intera\u00e7\u00e3o entre ci\u00eancia e religi\u00e3o<\/em><\/strong><\/h5>\n<h2 style=\"text-align: right;\"><em>Perspectivas<\/em><\/h2>\n<hr \/>\n<h2 style=\"text-align: center;\">Segunda Perspectiva: a vis\u00e3o da parte<\/h2>\n<h4 style=\"text-align: center;\">Miguel Oliveira Pan\u00e3o<\/h4>\n<h3 style=\"text-align: right;\"><a href=\"http:\/\/cienciafe.miguelpanao.com\">Blog<\/a> &amp; <a href=\"https:\/\/www.miguelpanao.com\/livros\/\">Autor<\/a><\/h3>\n<p style=\"text-align: justify;\">Num concurso de culin\u00e1ria, quando duas pessoas diferentes fazem o mesmo prato e empratamento (s\u00e3o coisas distintas), o j\u00fari estar\u00e1 atento aos detalhes para decidir qual o vencedor. Se num estudo sobre altera\u00e7\u00f5es clim\u00e1ticas quisermos perceber o impacte da introdu\u00e7\u00e3o de uma determinada tecnologia, ser\u00e1 necess\u00e1rio introduzir essa <em>parte<\/em> no modelo global. O que estes dois exemplos t\u00eam de comum \u00e9 que a vis\u00e3o do todo n\u00e3o pode prescindir da perspectiva dada pelas suas partes.<\/p>\n<p style=\"text-align: justify;\">Ao mundo do infinitamente pequeno chamamos de <em>qu\u00e2ntico<\/em>. \u00c9 a Parte das partes. E quando Planck e outros cientistas nos introduziram a essa perspectiva da realidade f\u00edsica a partir da parte, abalaram a vis\u00e3o humana do cosmos, ampliando a verdade \u00e0s incertezas. Sim, o mundo qu\u00e2ntico revelou a incerteza como uma realidade f\u00edsica. Basta pensar no princ\u00edpio da incerteza de Heisenberg que enuncia a impossibilidade, na vis\u00e3o qu\u00e2ntica da parte, em saber, ao mesmo tempo, a posi\u00e7\u00e3o e a velocidade de uma part\u00edcula. Na pr\u00e1tica, significa que saber a velocidade de uma part\u00edcula implica o desconhecimento da sua posi\u00e7\u00e3o, ou seja, ela est\u00e1 por toda a parte.<\/p>\n<p style=\"text-align: justify;\">Para al\u00e9m da verdade das incertezas, existe tamb\u00e9m as implica\u00e7\u00f5es das partes no todo. Basta pensa na teoria do Caos que ficou conhecida pelo exemplo do matem\u00e1tico Ian Malcom no filme Parque Jur\u00e1ssico, onde o bater das asas de uma borboleta no Central Park de Nova Iorque pode gerar uma tempestade no outro lado do mundo. A raz\u00e3o est\u00e1 na sequ\u00eancia de eventos entrela\u00e7ada entre si que pode fazer de um pequeno gesto, um evento de consequ\u00eancias catastr\u00f3ficas.<\/p>\n<p style=\"text-align: justify;\">A segunda perspectiva que prov\u00e9m da vis\u00e3o da parte pode abrir-nos ao valor daquilo que parte do mais pequeno elemento para transformar o todo a partir do interior de si mesmo. Cada parte possui, assim, um valor intr\u00ednseco que vale a pena descobrir se estivermos mais atentos aos detalhes. Ser\u00e1 como a pitada de sal que d\u00e1 sabor \u00e0 sopa.<\/p>\n<hr \/>\n<p style=\"text-align: right;\">Imagem de\u00a0<a href=\"https:\/\/pixabay.com\/pt\/users\/insspirito-1851261\/?utm_source=link-attribution&amp;utm_medium=referral&amp;utm_campaign=image&amp;utm_content=1280077\">Garik Barseghyan<\/a>\u00a0por\u00a0<a href=\"https:\/\/pixabay.com\/pt\/?utm_source=link-attribution&amp;utm_medium=referral&amp;utm_campaign=image&amp;utm_content=1280077\">Pixabay<\/a><\/p>\n","protected":false},"excerpt":{"rendered":"<p>Modos de intera\u00e7\u00e3o<\/p>\n","protected":false},"author":1,"featured_media":10517,"comment_status":"closed","ping_status":"closed","sticky":false,"template":"","format":"standard","meta":{"footnotes":""},"categories":[57,62],"tags":[],"class_list":["post-10516","post","type-post","status-publish","format-standard","has-post-thumbnail","hentry","category-miguel-oliveira-panao","category-modos-de-interacao-entre-ciencia-e-religiao"],"_links":{"self":[{"href":"https:\/\/diocese-aveiro.pt\/cultura\/wp-json\/wp\/v2\/posts\/10516","targetHints":{"allow":["GET"]}}],"collection":[{"href":"https:\/\/diocese-aveiro.pt\/cultura\/wp-json\/wp\/v2\/posts"}],"about":[{"href":"https:\/\/diocese-aveiro.pt\/cultura\/wp-json\/wp\/v2\/types\/post"}],"author":[{"embeddable":true,"href":"https:\/\/diocese-aveiro.pt\/cultura\/wp-json\/wp\/v2\/users\/1"}],"replies":[{"embeddable":true,"href":"https:\/\/diocese-aveiro.pt\/cultura\/wp-json\/wp\/v2\/comments?post=10516"}],"version-history":[{"count":1,"href":"https:\/\/diocese-aveiro.pt\/cultura\/wp-json\/wp\/v2\/posts\/10516\/revisions"}],"predecessor-version":[{"id":10518,"href":"https:\/\/diocese-aveiro.pt\/cultura\/wp-json\/wp\/v2\/posts\/10516\/revisions\/10518"}],"wp:featuredmedia":[{"embeddable":true,"href":"https:\/\/diocese-aveiro.pt\/cultura\/wp-json\/wp\/v2\/media\/10517"}],"wp:attachment":[{"href":"https:\/\/diocese-aveiro.pt\/cultura\/wp-json\/wp\/v2\/media?parent=10516"}],"wp:term":[{"taxonomy":"category","embeddable":true,"href":"https:\/\/diocese-aveiro.pt\/cultura\/wp-json\/wp\/v2\/categories?post=10516"},{"taxonomy":"post_tag","embeddable":true,"href":"https:\/\/diocese-aveiro.pt\/cultura\/wp-json\/wp\/v2\/tags?post=10516"}],"curies":[{"name":"wp","href":"https:\/\/api.w.org\/{rel}","templated":true}]}}