{"id":10461,"date":"2020-09-27T08:00:22","date_gmt":"2020-09-27T07:00:22","guid":{"rendered":"http:\/\/diocese-aveiro.pt\/cultura\/?p=10461"},"modified":"2020-09-25T09:57:53","modified_gmt":"2020-09-25T08:57:53","slug":"sinais-dos-tempos-miguel-de-oliveira-panao","status":"publish","type":"post","link":"https:\/\/diocese-aveiro.pt\/cultura\/sinais-dos-tempos-miguel-de-oliveira-panao\/","title":{"rendered":"Sinais dos Tempos | Miguel de Oliveira Pan\u00e3o"},"content":{"rendered":"<p style=\"text-align: left;\"><em><strong>Sinais dos Tempos<\/strong><\/em><\/p>\n<h6 style=\"text-align: left;\">Rubrica dedicada \u00e0 reflex\u00e3o sobre os desafios que a pandemia de COVID-19 coloca \u00e0 Igreja e ao mundo<\/h6>\n<hr \/>\n<div style=\"text-align: right;\"><em>&#8216;Covid-19:<\/em><\/div>\n<div style=\"text-align: right;\"><em>&#8211; Que &#8216;mundo&#8217; e que &#8216;Igreja&#8217; est\u00e3o em ocaso?<\/em><\/div>\n<div style=\"text-align: right;\"><em>&#8211; Que &#8216;mundo&#8217; e que &#8216;Igreja&#8217; se vislumbram na (est\u00e3o em) aurora?&#8217;<\/em><\/div>\n<hr \/>\n<div><\/div>\n<p style=\"text-align: center;\"><strong>Sinais dos Tempos &#8211; Um olhar sobre os dias que temos pela frente<\/strong><\/p>\n<p>&nbsp;<\/p>\n<p style=\"text-align: justify;\"><img loading=\"lazy\" decoding=\"async\" class=\"wp-image-9485 alignleft\" src=\"https:\/\/diocese-aveiro.pt\/cultura\/wp-content\/uploads\/2020\/06\/Miguel-Pan\u00e3o-844x1024.jpeg\" alt=\"\" width=\"136\" height=\"165\" srcset=\"https:\/\/diocese-aveiro.pt\/cultura\/wp-content\/uploads\/2020\/06\/Miguel-Pan\u00e3o-844x1024.jpeg 844w, https:\/\/diocese-aveiro.pt\/cultura\/wp-content\/uploads\/2020\/06\/Miguel-Pan\u00e3o-247x300.jpeg 247w, https:\/\/diocese-aveiro.pt\/cultura\/wp-content\/uploads\/2020\/06\/Miguel-Pan\u00e3o-768x932.jpeg 768w, https:\/\/diocese-aveiro.pt\/cultura\/wp-content\/uploads\/2020\/06\/Miguel-Pan\u00e3o-600x728.jpeg 600w, https:\/\/diocese-aveiro.pt\/cultura\/wp-content\/uploads\/2020\/06\/Miguel-Pan\u00e3o-850x1031.jpeg 850w, https:\/\/diocese-aveiro.pt\/cultura\/wp-content\/uploads\/2020\/06\/Miguel-Pan\u00e3o-480x582.jpeg 480w, https:\/\/diocese-aveiro.pt\/cultura\/wp-content\/uploads\/2020\/06\/Miguel-Pan\u00e3o.jpeg 1068w\" sizes=\"auto, (max-width: 136px) 100vw, 136px\" \/>Numa sala com as portas e janelas seladas, um pequeno rasgo de luz pode iluminar todo o espa\u00e7o. Por muito que nos custe, este v\u00edrus foi o min\u00fasculo organismo que iluminou as nossas fragilidades. Por\u00e9m, este \u00e9 o tempo certo para renovarmos o olhar sobre os dias que vivemos.<\/p>\n<p style=\"text-align: justify;\">Recentemente ouvi a hist\u00f3ria de numa par\u00f3quia italiana, em que os pr\u00e9dios onde vivem os paroquianos ficam pr\u00f3ximos da Igreja. Dada a necessidade sanit\u00e1ria do distanciamento social, o sacerdote come\u00e7ou a celebrar a missa no telhado. A liturgia que expressa o modo de nos unirmos a Deus em ora\u00e7\u00e3o renovou-se sem perder a profundidade espiritual. Mas nem tudo renova, ainda que se revista daquilo que o mundo considera como novo. Como \u00e9 o caso do investimento maior na vida digital.<\/p>\n<p style=\"text-align: justify;\">A conectividade online permanente intensificou-se, mas a fragilidade dos relacionamentos reais revelou-se. Casais que antes se viam de manh\u00e3 e \u00e0 noite, passaram a estar mais tempo juntos e descobriram que n\u00e3o se conseguiam suportar mais.<\/p>\n<p style=\"text-align: justify;\">Antes da Covid-19, o tempo em que as pessoas conseguiam manter a sua aten\u00e7\u00e3o estava a diminuir pelo consumo excessivo de conte\u00fados digitais, por exemplo, nas redes sociais. Ap\u00f3s a Covid-19, com a multiplica\u00e7\u00e3o de tantos Zoom\u2019s, Google Classrooms, etc., mais tempo se passa diante dos ecr\u00e3s. O cansa\u00e7o ganhou uma nova dimens\u00e3o, revela a fragilidade sobre o modo como gerimos a nossa aten\u00e7\u00e3o, e as consequ\u00eancias para o olhar (nos seus m\u00faltiplos significados) s\u00e3o ainda desconhecidas.<\/p>\n<p style=\"text-align: justify;\">Um pensamento de Simon Sinek, autor de <em>O Jogo Infinito<\/em>, interpelou-me. Num jogo infinito n\u00e3o existem aqueles que ganham, e os que perdem, porque o importante \u00e9 mantermo-nos dentro do jogo. Por isso, o pensamento que Sinek teve foi o de que, antes, classific\u00e1vamos os dias como bons, ou maus, mas numa perspectiva de nos mantermos em jogo pela incerteza destes tempos, esses dias acabaram. Agora, existem os dias que temos pela frente, e os dias que deix\u00e1mos para tr\u00e1s.<\/p>\n<p style=\"text-align: justify;\">Os dias que queremos deixar para tr\u00e1s, dif\u00edceis, s\u00e3o o ocaso. Cada ocaso leva-nos a mergulhar em momentos de pausa, e repouso. Mas sabemos que depois de cada ocaso existe uma aurora. S\u00e3o os dias que temos pela frente. O futuro que chega no tempo certo (tempo kairol\u00f3gico) e traz consigo a esperan\u00e7a de um dia pleno de vida, possibilidade, novidade e, sobretudo, esperan\u00e7a.<\/p>\n<p style=\"text-align: justify;\">Antes da Covid-19, muitos deixavam de ver na Igreja um sinal de esperan\u00e7a. Os esc\u00e2ndalos, as incompreens\u00f5es, marcaram negativamente a vida das comunidades. Marcas profundas de como a vida do Evangelho n\u00e3o era o fio condutor da vida de muitos que se afirmam como crist\u00e3os. S\u00e3o dias que ficaram para tr\u00e1s, no ocaso, mas n\u00e3o devem ser esquecidos. Talvez perdoados, e servir de experi\u00eancia para o exame de consci\u00eancia que permanentemente devemos fazer.<\/p>\n<p style=\"text-align: justify;\">Mais e melhores ser\u00e3o os dias que temos pela frente. A disrup\u00e7\u00e3o \u201cviral\u201d revela-se uma oportunidade de perdoar, re-centrar no que tem valor perene, e reconhecer na criatividade relacional um acto criativo de Deus em n\u00f3s e entre n\u00f3s. Vislumbra-se o tempo da gratid\u00e3o pelo que nunca desmorona: Deus.<\/p>\n<p style=\"text-align: justify;\">Os rostos mascarados pelas ruas, encontros e celebra\u00e7\u00f5es s\u00e3o como o v\u00e9u de uma noiva que entra a caminho do altar para dar in\u00edcio a uma vida nova que nasce do amor. O trajecto que a noiva-Igreja percorre neste per\u00edodo \u00e9 um compasso de espera que antecede o momento de levantar o v\u00e9u e descobrir o rosto que escondia. Que rosto \u00e9 esse? Depende de ti.<\/p>\n<hr \/>\n<p style=\"text-align: right;\"><strong>Miguel de Oliveira Pan\u00e3o |\u00a0<a href=\"http:\/\/cienciafe.miguelpanao.com\">Blog<\/a> &amp; <a href=\"https:\/\/www.miguelpanao.com\/livros\/\">Autor<\/a><\/strong><\/p>\n<p>&nbsp;<\/p>\n<p>&nbsp;<\/p>\n<h6 style=\"text-align: right;\">Imagem de <a href=\"https:\/\/pixabay.com\/pt\/users\/Hans-2\/?utm_source=link-attribution&amp;utm_medium=referral&amp;utm_campaign=image&amp;utm_content=113363\">Hans Braxmeier<\/a>\u00a0por\u00a0<a href=\"https:\/\/pixabay.com\/pt\/?utm_source=link-attribution&amp;utm_medium=referral&amp;utm_campaign=image&amp;utm_content=113363\">Pixabay<\/a><\/h6>\n","protected":false},"excerpt":{"rendered":"<p>Sinais dos Tempos<\/p>\n","protected":false},"author":1,"featured_media":10462,"comment_status":"closed","ping_status":"closed","sticky":false,"template":"","format":"standard","meta":{"footnotes":""},"categories":[57,158],"tags":[],"class_list":["post-10461","post","type-post","status-publish","format-standard","has-post-thumbnail","hentry","category-miguel-oliveira-panao","category-sinais-dos-tempos"],"_links":{"self":[{"href":"https:\/\/diocese-aveiro.pt\/cultura\/wp-json\/wp\/v2\/posts\/10461","targetHints":{"allow":["GET"]}}],"collection":[{"href":"https:\/\/diocese-aveiro.pt\/cultura\/wp-json\/wp\/v2\/posts"}],"about":[{"href":"https:\/\/diocese-aveiro.pt\/cultura\/wp-json\/wp\/v2\/types\/post"}],"author":[{"embeddable":true,"href":"https:\/\/diocese-aveiro.pt\/cultura\/wp-json\/wp\/v2\/users\/1"}],"replies":[{"embeddable":true,"href":"https:\/\/diocese-aveiro.pt\/cultura\/wp-json\/wp\/v2\/comments?post=10461"}],"version-history":[{"count":2,"href":"https:\/\/diocese-aveiro.pt\/cultura\/wp-json\/wp\/v2\/posts\/10461\/revisions"}],"predecessor-version":[{"id":10464,"href":"https:\/\/diocese-aveiro.pt\/cultura\/wp-json\/wp\/v2\/posts\/10461\/revisions\/10464"}],"wp:featuredmedia":[{"embeddable":true,"href":"https:\/\/diocese-aveiro.pt\/cultura\/wp-json\/wp\/v2\/media\/10462"}],"wp:attachment":[{"href":"https:\/\/diocese-aveiro.pt\/cultura\/wp-json\/wp\/v2\/media?parent=10461"}],"wp:term":[{"taxonomy":"category","embeddable":true,"href":"https:\/\/diocese-aveiro.pt\/cultura\/wp-json\/wp\/v2\/categories?post=10461"},{"taxonomy":"post_tag","embeddable":true,"href":"https:\/\/diocese-aveiro.pt\/cultura\/wp-json\/wp\/v2\/tags?post=10461"}],"curies":[{"name":"wp","href":"https:\/\/api.w.org\/{rel}","templated":true}]}}