{"id":10265,"date":"2020-09-02T23:44:33","date_gmt":"2020-09-02T22:44:33","guid":{"rendered":"http:\/\/diocese-aveiro.pt\/cultura\/?p=10265"},"modified":"2020-09-02T23:44:33","modified_gmt":"2020-09-02T22:44:33","slug":"pe-georgino-rocha-domingo-xxiii-caminhos-de-perdao-a-correccao-fraterna","status":"publish","type":"post","link":"https:\/\/diocese-aveiro.pt\/cultura\/pe-georgino-rocha-domingo-xxiii-caminhos-de-perdao-a-correccao-fraterna\/","title":{"rendered":"Pe. Georgino Rocha | Domingo XXIII &#8211; Caminhos de perd\u00e3o, a correc\u00e7\u00e3o fraterna"},"content":{"rendered":"<p style=\"font-weight: 400;\">\n<p style=\"font-weight: 400; text-align: center;\"><strong><em>Pe. Georgino Rocha\u00a0<\/em><\/strong><\/p>\n<p style=\"font-weight: 400; text-align: justify;\">O Evangelho deste domingo faz parte do cap\u00edtulo que Mateus, o autor do relato, dedica \u00e0 vida da Igreja enquanto comunidade realizada num espa\u00e7o e no tempo. Centra-se no relacionamento entre os seus membros e estabelece uma esp\u00e9cie de escala para o caso de haver desaven\u00e7as ou pecados entre eles. Mt 18, 15-20.<\/p>\n<p style=\"font-weight: 400; text-align: justify;\">Como restabelecer a rela\u00e7\u00e3o fraterna se foi quebrada e se o pecador persiste na obstina\u00e7\u00e3o? Vamos deter-nos nalguns passos a dar ( a correc\u00e7\u00e3o ou promo\u00e7\u00e3o fraterna), procurando abrir horizontes de reconcilia\u00e7\u00e3o e perd\u00e3o.<\/p>\n<p style=\"font-weight: 400; text-align: justify;\">H\u00e1 sentimentos e atitudes indignas: ser tolerante passivo, agravar a emo\u00e7\u00e3o sentida e alimentada, pagar na mesma \u201cmoeda\u201d, retaliar com vingan\u00e7a, excluir o indesejado do c\u00edrculo de rela\u00e7\u00f5es, deixar \u201ccair os bra\u00e7os\u201d e esperar que uma crosta se imponha e gere a indiferen\u00e7a. Ou pura e simplesmente, recorrer ao tribunal civil que, apesar da sua nobre fun\u00e7\u00e3o, n\u00e3o resolve quest\u00f5es de consci\u00eancia.<\/p>\n<p style=\"font-weight: 400; text-align: justify;\">A toler\u00e2ncia activa \u00e9 uma atitude de profundo respeito que revela lucidez e coragem, pondera\u00e7\u00e3o e sentido de oportunidade. N\u00e3o \u00e9 sin\u00f3nimo de imposi\u00e7\u00e3o incriminat\u00f3ria, nem de reac\u00e7\u00e3o moralista e uniformizadora.\u00a0\u00a0Pelo contr\u00e1rio, traduz o reconhecimento da dignidade ferida, da conviv\u00eancia desfeita, da rela\u00e7\u00e3o cortada naqueles que est\u00e3o chamados, por natureza e pela b\u00ean\u00e7\u00e3o de Deus, \u00e0 harmonia das diferen\u00e7as leg\u00edtimas no todo da humanidade. Quando degenera, d\u00e1 origem ao tolerantismo que, indiferente ao bem comum, deixa andar as \u201ccoisas\u201d ao sabor da corrente, tenha ela o colorido que tiver.<\/p>\n<p style=\"font-weight: 400; text-align: justify;\">A conviv\u00eancia na sociedade e, ainda mais, na comunidade crist\u00e3 (familiar, paroquial, diocesana) conta sempre com as atitudes mais nobres e sadias das pessoas. Os caminhos, antes de chegar \u00e0s autoridades, passam pela aproxima\u00e7\u00e3o e confian\u00e7a, pelo relacionamento e di\u00e1logo, pelo reconhecimento e aceita\u00e7\u00e3o incondicional do outro. Neles se encontra Deus a dar suporte ao esfor\u00e7o e a alimentar a persist\u00eancia e ousadia.<\/p>\n<p style=\"font-weight: 400; text-align: justify;\">\u201cO Senhor nos d\u00e1 a cada um a capacidade de realizar verdadeiros milagres, afirma Tolentino de Mendon\u00e7a. No evangelho de hoje, nos mostra alguns: a experi\u00eancia de celebrar o perd\u00e3o, a capacidade para unir e separar, a efic\u00e1cia da ora\u00e7\u00e3o comunit\u00e1ria, a consci\u00eancia da presen\u00e7a de Jesus no meio de n\u00f3s\u201d.<\/p>\n<p style=\"font-weight: 400; text-align: justify;\">O perd\u00e3o surge como a atitude mais nobre no processo hist\u00f3rico de refazer os la\u00e7os quebrados por ofensas humanas. Antes da pena de Tali\u00e3o \u2013 olho por olho e dente por dente \u2013 a medida da vingan\u00e7a era desproporcional \u00e0 ofensa. Depois, ganha ra\u00edzes a solidariedade que une os irm\u00e3os entre si e entre os judeus, membros da mesma ra\u00e7a. Finalmente, a mensagem crist\u00e3 apresenta o exemplo admir\u00e1vel de Jesus de Nazar\u00e9 e do movimento por ele iniciado \u2013 a Igreja.<\/p>\n<p style=\"font-weight: 400; text-align: justify;\">O perd\u00e3o de Jesus \u00e9 para todos, at\u00e9 para os seus inimigos e algozes. A s\u00faplica do Calv\u00e1rio fica como testemunho da sua vida e lema emblem\u00e1tico do comportamento dos seus disc\u00edpulos. Est\u00eav\u00e3o, Paulo de Tarso, e tantos outros, sem esquecer S\u00e3o Jo\u00e3o Paulo II que vai \u00e0 pris\u00e3o em gesto de miseric\u00f3rdia para com Ali Acqa, (que havia atentado contra a sua vida) constituem exemplos luminares desta atitude sanante que muitos realizam na maior simplicidade e discri\u00e7\u00e3o.<\/p>\n<p style=\"font-weight: 400; text-align: justify;\">A consci\u00eancia humana foi evoluindo e atingiu uma fase de humaniza\u00e7\u00e3o jur\u00eddica no que diz respeito \u00e0s pessoas que praticam actos il\u00edcitos. A justi\u00e7a tem leis que a legitimam. E ainda bem! Oxal\u00e1 a sua pr\u00e1tica as honre. N\u00e3o se pode ignorar o crime em todas as suas formas, a desfa\u00e7atez e a arrog\u00e2ncia em todos os seus modos que espezinham a dignidade dos outros e o valor dos seus bens, a corrup\u00e7\u00e3o, a fraude e tantas outras \u201cofensas\u201d \u00e0 dignidade humana, ao bem comum da sociedade e ao Estado de direito.<\/p>\n<p style=\"font-weight: 400; text-align: justify;\">A atitude crist\u00e3 acolhe e promove a justi\u00e7a, como passo fundamental do processo de reconcilia\u00e7\u00e3o. No entanto, o horizonte humano permanece aberto a novas dimens\u00f5es, das quais se destaca o perd\u00e3o incondicional, proporcionado por quem \u00e9 ofendido, ao seu ofensor.<\/p>\n<hr \/>\n<h6 style=\"text-align: right;\">Imagem de\u00a0<a href=\"https:\/\/pixabay.com\/pt\/users\/geralt-9301\/?utm_source=link-attribution&amp;utm_medium=referral&amp;utm_campaign=image&amp;utm_content=4901588\">Gerd Altmann<\/a>\u00a0por\u00a0<a href=\"https:\/\/pixabay.com\/pt\/?utm_source=link-attribution&amp;utm_medium=referral&amp;utm_campaign=image&amp;utm_content=4901588\">Pixabay<\/a><\/h6>\n","protected":false},"excerpt":{"rendered":"<p>Pe. Georgino Rocha\u00a0<\/p>\n","protected":false},"author":1,"featured_media":10266,"comment_status":"closed","ping_status":"closed","sticky":false,"template":"","format":"standard","meta":{"footnotes":""},"categories":[50,14],"tags":[],"class_list":["post-10265","post","type-post","status-publish","format-standard","has-post-thumbnail","hentry","category-pe-georgino-rocha","category-temas-para-debate"],"_links":{"self":[{"href":"https:\/\/diocese-aveiro.pt\/cultura\/wp-json\/wp\/v2\/posts\/10265","targetHints":{"allow":["GET"]}}],"collection":[{"href":"https:\/\/diocese-aveiro.pt\/cultura\/wp-json\/wp\/v2\/posts"}],"about":[{"href":"https:\/\/diocese-aveiro.pt\/cultura\/wp-json\/wp\/v2\/types\/post"}],"author":[{"embeddable":true,"href":"https:\/\/diocese-aveiro.pt\/cultura\/wp-json\/wp\/v2\/users\/1"}],"replies":[{"embeddable":true,"href":"https:\/\/diocese-aveiro.pt\/cultura\/wp-json\/wp\/v2\/comments?post=10265"}],"version-history":[{"count":1,"href":"https:\/\/diocese-aveiro.pt\/cultura\/wp-json\/wp\/v2\/posts\/10265\/revisions"}],"predecessor-version":[{"id":10267,"href":"https:\/\/diocese-aveiro.pt\/cultura\/wp-json\/wp\/v2\/posts\/10265\/revisions\/10267"}],"wp:featuredmedia":[{"embeddable":true,"href":"https:\/\/diocese-aveiro.pt\/cultura\/wp-json\/wp\/v2\/media\/10266"}],"wp:attachment":[{"href":"https:\/\/diocese-aveiro.pt\/cultura\/wp-json\/wp\/v2\/media?parent=10265"}],"wp:term":[{"taxonomy":"category","embeddable":true,"href":"https:\/\/diocese-aveiro.pt\/cultura\/wp-json\/wp\/v2\/categories?post=10265"},{"taxonomy":"post_tag","embeddable":true,"href":"https:\/\/diocese-aveiro.pt\/cultura\/wp-json\/wp\/v2\/tags?post=10265"}],"curies":[{"name":"wp","href":"https:\/\/api.w.org\/{rel}","templated":true}]}}